{"id":312456,"date":"2025-12-29T18:08:34","date_gmt":"2025-12-29T18:08:34","guid":{"rendered":"https:\/\/www.europesays.com\/es\/312456\/"},"modified":"2025-12-29T18:08:34","modified_gmt":"2025-12-29T18:08:34","slug":"piquet-resalta-que-los-belenes-complutenses-superan-las-30-000-visitas-esta-navidad","status":"publish","type":"post","link":"https:\/\/www.europesays.com\/es\/312456\/","title":{"rendered":"Piquet resalta que los belenes complutenses superan las 30.000 visitas esta Navidad"},"content":{"rendered":"<p style=\"text-align: justify;\">La alcaldesa de Alcal\u00e1 de Henares ha visitado el tradicional Bel\u00e9n de las Juanas, que se exhibe en el convento de estas religiosas, as\u00ed como el bel\u00e9n instalado en la Sala de Exposiciones de Santa Mar\u00eda la Rica, dos de las propuestas navide\u00f1as m\u00e1s queridas y visitadas de la ciudad durante estas fiestas.<\/p>\n<p style=\"text-align: justify;\">Durante la visita, la alcaldesa ha querido poner en valor el car\u00e1cter artesanal, hist\u00f3rico y tradicional del Bel\u00e9n de las Juanas, as\u00ed como la calidad art\u00edstica del bel\u00e9n de Santa Mar\u00eda la Rica, destacando ambos como referentes del belenismo en Alcal\u00e1 y como parte esencial de la programaci\u00f3n navide\u00f1a de la ciudad.<\/p>\n<p style=\"text-align: justify;\">En este contexto, la alcaldesa ha querido destacar de manera especial \u201cel extraordinario trabajo que realiza la Asociaci\u00f3n Complutense de Belenistas, cuyo esfuerzo, dedicaci\u00f3n y cuidado por cada detalle hacen posible que el Gran Bel\u00e9n Monumental sea, a\u00f1o tras a\u00f1o, un referente a nivel regional y nacional. Gracias a su compromiso, Alcal\u00e1 mantiene viva una tradici\u00f3n profundamente arraigada y la proyecta con calidad y ambici\u00f3n\u201d.<\/p>\n<p style=\"text-align: justify;\">Desde que el pasado 30 de noviembre abri\u00f3 sus puertas el Gran Bel\u00e9n Monumental de la Antigua F\u00e1brica de Gal, la afluencia de p\u00fablico ha continuado creciendo de manera sostenida y este a\u00f1o ha superado ya las 20.000 visitas, mientras que el bel\u00e9n tradicional de Santa Mar\u00eda la Rica roza las 10.000 visitas, cifras que consolidan el enorme atractivo de estas exposiciones navide\u00f1as.<\/p>\n<p style=\"text-align: justify;\">La alcaldesa ha subrayado que \u201cel \u00e9xito de visitas es tambi\u00e9n un reconocimiento al trabajo constante de todas las personas y colectivos implicados, que dedican meses de esfuerzo para ofrecer a vecinos y visitantes una exposici\u00f3n de alt\u00edsimo nivel art\u00edstico y cultural\u201d.<\/p>\n<p style=\"text-align: justify;\">Asimismo, ha animado a vecinos y visitantes a seguir disfrutando y visitando los belenes municipales, recordando sus horarios de apertura.<\/p>\n<p style=\"text-align: justify;\">El Gran Bel\u00e9n Monumental, ubicado en la Antigua F\u00e1brica de Gal (calle Bosnia Herzegovina, 6), puede visitarse hasta el 4 de enero, en horario de 12:00 a 14:00 y de 17:30 a 20:30 horas, permaneciendo cerrado los d\u00edas 24, 25 y 31 de diciembre y 1 de enero.<\/p>\n<p style=\"text-align: justify;\">Por su parte, el Gran Bel\u00e9n Tradicional, instalado en la Sala de Exposiciones de Santa Mar\u00eda la Rica (calle Santa Mar\u00eda la Rica, 3), puede visitarse del 6 de diciembre al 4 de enero, en el mismo horario, y permanecer\u00e1 cerrado los d\u00edas 24, 25 y 31 de diciembre y 1 de enero.<\/p>\n<p style=\"text-align: justify;\">\u00a0<strong>\u00a0<\/strong><\/p>\n<p style=\"text-align: justify;\"><strong>Exposici\u00f3n de Belenes en las Juanas<\/strong><\/p>\n<p style=\"text-align: justify;\">Adem\u00e1s, Piquet tambi\u00e9n ha visitado a las Hermanas Clarisas de San Juan de la Penitencia (calle Santiago, 37), que cuentan con una exposici\u00f3n de belenes, que se podr\u00e1 visitar hasta el pr\u00f3ximo 2 de febrero.<\/p>\n<p style=\"text-align: justify;\">Las visitas est\u00e1n programadas los s\u00e1bados de 11 a 13 horas y de 17:30 a 19 horas y para inscribirse hay que mandar un correo electr\u00f3nico a <a href=\"https:\/\/www.ayto-alcaladehenares.es\/piquet-resalta-que-los-belenes-complutenses-superan-las-30-000-visitas-esta-navidad\/mailto:clarisascisneros@gmail.com\" rel=\"nofollow noopener\" target=\"_blank\">clarisascisneros@gmail.com<\/a>.<\/p>\n<p style=\"text-align: justify;\">Habitualmente mucho p\u00fablico quiere acercarse a ver estas joyas, muchas artesanas, y realizadas por las propias monjas. Algunas piezas han sido cedidas o realizadas a prop\u00f3sito para esta exposici\u00f3n por maestros artesanos belenistas de Alcal\u00e1.<\/p>\n<p style=\"text-align: justify;\">Con esta programaci\u00f3n, Alcal\u00e1 de Henares vuelve a consolidarse como un referente del belenismo y de la Navidad en la Comunidad de Madrid, combinando tradici\u00f3n, colaboraci\u00f3n ciudadana y una cuidada oferta cultural para todos los p\u00fablicos.<\/p>\n","protected":false},"excerpt":{"rendered":"La alcaldesa de Alcal\u00e1 de Henares ha visitado el tradicional Bel\u00e9n de las Juanas, que se exhibe en&hellip;\n","protected":false},"author":2,"featured_media":312457,"comment_status":"","ping_status":"","sticky":false,"template":"","format":"standard","meta":{"footnotes":""},"categories":[8],"tags":[26007,60548,17,18,25,24,13,14,11,26478,19,20,9,10,15,16,23,12,21,22],"class_list":{"0":"post-312456","1":"post","2":"type-post","3":"status-publish","4":"format-standard","5":"has-post-thumbnail","7":"category-espana","8":"tag-ayuntamiento-de-alcala-de-henares","9":"tag-belenes","10":"tag-breaking-news","11":"tag-breakingnews","12":"tag-es","13":"tag-espana","14":"tag-featured-news","15":"tag-featurednews","16":"tag-headlines","17":"tag-judith-piquet","18":"tag-latest-news","19":"tag-latestnews","20":"tag-news","21":"tag-noticias","22":"tag-noticias-destacadas","23":"tag-noticiasdestacadas","24":"tag-spain","25":"tag-titulares","26":"tag-ultimas-noticias","27":"tag-ultimasnoticias"},"share_on_mastodon":{"url":"https:\/\/pubeurope.com\/@es\/115804196314760754","error":""},"_links":{"self":[{"href":"https:\/\/www.europesays.com\/es\/wp-json\/wp\/v2\/posts\/312456","targetHints":{"allow":["GET"]}}],"collection":[{"href":"https:\/\/www.europesays.com\/es\/wp-json\/wp\/v2\/posts"}],"about":[{"href":"https:\/\/www.europesays.com\/es\/wp-json\/wp\/v2\/types\/post"}],"author":[{"embeddable":true,"href":"https:\/\/www.europesays.com\/es\/wp-json\/wp\/v2\/users\/2"}],"replies":[{"embeddable":true,"href":"https:\/\/www.europesays.com\/es\/wp-json\/wp\/v2\/comments?post=312456"}],"version-history":[{"count":0,"href":"https:\/\/www.europesays.com\/es\/wp-json\/wp\/v2\/posts\/312456\/revisions"}],"wp:featuredmedia":[{"embeddable":true,"href":"https:\/\/www.europesays.com\/es\/wp-json\/wp\/v2\/media\/312457"}],"wp:attachment":[{"href":"https:\/\/www.europesays.com\/es\/wp-json\/wp\/v2\/media?parent=312456"}],"wp:term":[{"taxonomy":"category","embeddable":true,"href":"https:\/\/www.europesays.com\/es\/wp-json\/wp\/v2\/categories?post=312456"},{"taxonomy":"post_tag","embeddable":true,"href":"https:\/\/www.europesays.com\/es\/wp-json\/wp\/v2\/tags?post=312456"}],"curies":[{"name":"wp","href":"https:\/\/api.w.org\/{rel}","templated":true}]}}