{"id":312492,"date":"2025-12-29T18:42:10","date_gmt":"2025-12-29T18:42:10","guid":{"rendered":"https:\/\/www.europesays.com\/es\/312492\/"},"modified":"2025-12-29T18:42:10","modified_gmt":"2025-12-29T18:42:10","slug":"georgina-rodriguez-asesta-un-palo-judicial-millonario-a-david-valldeperas-por-un-turbio-asunto","status":"publish","type":"post","link":"https:\/\/www.europesays.com\/es\/312492\/","title":{"rendered":"Georgina Rodr\u00edguez asesta un palo judicial millonario a David Valldeperas por un turbio asunto"},"content":{"rendered":"<p>                                    <img decoding=\"async\" loading=\"lazy\" src=\"https:\/\/www.europesays.com\/es\/wp-content\/uploads\/2025\/10\/66824dcb1264c.jpeg\" alt=\"David Lozano\" width=\"40\" height=\"40\" data-full-src=\"https:\/\/www.europesays.com\/es\/wp-content\/uploads\/2025\/10\/66824dcb1264c.jpeg\"\/><\/p>\n<p class=\"paragraph\">Siete a\u00f1os despu\u00e9s de que un programa de la televisi\u00f3n p\u00fablica madrile\u00f1a diseccionara su infancia en Jaca con el bistur\u00ed del cotilleo barato, <b><a href=\"https:\/\/www.esdiario.com\/chismografo\/tendencias\/251109\/171842\/caida-viral-georgina-rodriguez-bailando-salsa-habla-mundo.html\" target=\"_blank\" rel=\"nofollow noopener\">Georgina Rodr\u00edguez<\/a><\/b> ha ganado una batalla judicial que trasciende lo econ\u00f3mico. El <b>Juzgado de Primera Instancia<\/b> ha condenado a <b>Telemadrid<\/b> a indemnizar con 130.000 euros a la pareja de <b><a href=\"https:\/\/www.esdiario.com\/deportes\/251227\/175694\/cristiano-ronaldo-brlla-cierra-ano-record-historico.html\" target=\"_blank\" rel=\"nofollow noopener\">Cristiano Ronaldo<\/a> <\/b>y a su hermana Ivana por vulnerar su derecho a la intimidad y a la propia imagen en el espacio Aqu\u00ed hay madro\u00f1o. Un fallo que no solo pone precio al da\u00f1o, sino que marca territorio: la fama posterior no justifica revolver en el pasado de quien, en 2018, a\u00fan era una perfecta desconocida.<\/p>\n<p class=\"paragraph\">El programa, emitido en la primavera de aquel a\u00f1o y dirigido entonces por <b>David Valldeperas<\/b> \u2013el hist\u00f3rico director de <b>S\u00e1lvame<\/b> durante sus catorce temporadas en<b> Telecinco<\/b>, donde convirti\u00f3 el plat\u00f3 en un coliseo de l\u00e1grimas, traiciones y exclusivas a cualquier precio\u2013, opt\u00f3 por el camino f\u00e1cil: insinuar un \u00abpasado oculto\u00bb lleno de \u00abduros momentos\u00bb en la ni\u00f1ez de Georgina, sin datos contrastados y con testimonios de supuestos \u00abamigos\u00bb que resultaron ser meros vecinos sin relaci\u00f3n real con la familia. Frases como \u00absus ojos esconden los duros momentos que tuvo que vivir\u00bb alimentaron el misterio sin aportar nada, salvo audiencia.<\/p>\n<p class=\"paragraph\">Valldeperas, que salt\u00f3 a la fama como mano derecha de<b> <a href=\"https:\/\/www.esdiario.com\/chismografo\/251206\/174056\/jorge-javier-vazquez-confiesa-precio-pagado-cambio-fisico.html\" target=\"_blank\" rel=\"nofollow noopener\">Jorge Javier V\u00e1zquez<\/a><\/b> en el universo<b> Mediaset<\/b> y que hoy intenta resucitar su carrera en el canal<b> Quickie <\/b>de<b> Ten<\/b>, conoce bien este terreno: fue el arquitecto de miles de horas donde la vida privada se convert\u00eda en espect\u00e1culo. Pero esta vez la justicia ha dicho basta. El tribunal recuerda que, cuando se emitieron aquellos reportajes, Georgina \u00abno era seguida en redes sociales, no ten\u00eda imagen propia y, por ende, no exist\u00eda un inter\u00e9s general en conocer aspectos de su vida anterior\u00bb. La notoriedad llegada con Cristiano no da patente de corso para reabrir heridas.<\/p>\n<p class=\"paragraph\">Seg\u00fan el portal Vertele, Telemadrid ha recurrido al <b>Tribunal Supremo<\/b>, pero si la sentencia se confirma ser\u00e1 firme y sentar\u00e1 jurisprudencia. No es la primera vez que Georgina lleva a los tribunales a programas del coraz\u00f3n \u2013antes lo intent\u00f3 con S\u00e1lvame y <b>Socialit\u00e9<\/b> sin \u00e9xito\u2013, pero esta victoria sabe a revancha dulce. 80.000 euros para ella, 50.000 m\u00e1s para ella y su hermana por las referencias a su padre fallecido: cifras que duelen en una cadena p\u00fablica y que env\u00edan un mensaje claro al sector.<\/p>\n<p class=\"paragraph\">Porque al final, esto va de l\u00edmites. La pareja de <b>CR7<\/b> ha construido un imperio propio \u2013marca, documentales, portadas\u2013 sobre su historia de superaci\u00f3n, pero contada por ella y cuando ella quiere. Nadie m\u00e1s tiene derecho a versionarla con morbo barato. Georgina gana en los juzgados lo que ya ten\u00eda en la vida: el control de su relato. Y esta vez, ni Valldeperas ni nadie ha podido con eso.<\/p>\n<p>            <a href=\"#\" title=\"\"><\/p>\n<p>                    <img loading=\"lazy\" decoding=\"async\" data-index=\"\" width=\"140\" height=\"140\" alt=\"Bert\u00edn Osborne, en octubre de 2025.\" data-full=\"[object Object]\" data-original=\"[object Object]\" src=\"https:\/\/imagenes.esdiario.com\/files\/related_image\/uploads\/2025\/12\/29\/6952511430c01.jpeg\" data-full-src=\"https:\/\/www.europesays.com\/es\/wp-content\/uploads\/2025\/12\/6952511430c01.jpeg\"\/><\/p>\n<p>            <\/a><\/p>\n","protected":false},"excerpt":{"rendered":"Siete a\u00f1os despu\u00e9s de que un programa de la televisi\u00f3n p\u00fablica madrile\u00f1a diseccionara su infancia en Jaca con&hellip;\n","protected":false},"author":2,"featured_media":312493,"comment_status":"","ping_status":"","sticky":false,"template":"","format":"standard","meta":{"footnotes":""},"categories":[174],"tags":[255,8432,146,147,25,24,256,5194,25286,23,692,11223],"class_list":{"0":"post-312492","1":"post","2":"type-post","3":"status-publish","4":"format-standard","5":"has-post-thumbnail","7":"category-famosos","8":"tag-celebrities","9":"tag-cristiano-ronaldo","10":"tag-entertainment","11":"tag-entretenimiento","12":"tag-es","13":"tag-espana","14":"tag-famosos","15":"tag-georgina-rodriguez","16":"tag-salvame","17":"tag-spain","18":"tag-telecinco","19":"tag-telemadrid"},"share_on_mastodon":{"url":"https:\/\/pubeurope.com\/@es\/115804330438956996","error":""},"_links":{"self":[{"href":"https:\/\/www.europesays.com\/es\/wp-json\/wp\/v2\/posts\/312492","targetHints":{"allow":["GET"]}}],"collection":[{"href":"https:\/\/www.europesays.com\/es\/wp-json\/wp\/v2\/posts"}],"about":[{"href":"https:\/\/www.europesays.com\/es\/wp-json\/wp\/v2\/types\/post"}],"author":[{"embeddable":true,"href":"https:\/\/www.europesays.com\/es\/wp-json\/wp\/v2\/users\/2"}],"replies":[{"embeddable":true,"href":"https:\/\/www.europesays.com\/es\/wp-json\/wp\/v2\/comments?post=312492"}],"version-history":[{"count":0,"href":"https:\/\/www.europesays.com\/es\/wp-json\/wp\/v2\/posts\/312492\/revisions"}],"wp:featuredmedia":[{"embeddable":true,"href":"https:\/\/www.europesays.com\/es\/wp-json\/wp\/v2\/media\/312493"}],"wp:attachment":[{"href":"https:\/\/www.europesays.com\/es\/wp-json\/wp\/v2\/media?parent=312492"}],"wp:term":[{"taxonomy":"category","embeddable":true,"href":"https:\/\/www.europesays.com\/es\/wp-json\/wp\/v2\/categories?post=312492"},{"taxonomy":"post_tag","embeddable":true,"href":"https:\/\/www.europesays.com\/es\/wp-json\/wp\/v2\/tags?post=312492"}],"curies":[{"name":"wp","href":"https:\/\/api.w.org\/{rel}","templated":true}]}}