{"id":312506,"date":"2025-12-29T18:51:12","date_gmt":"2025-12-29T18:51:12","guid":{"rendered":"https:\/\/www.europesays.com\/es\/312506\/"},"modified":"2025-12-29T18:51:12","modified_gmt":"2025-12-29T18:51:12","slug":"en-espana-hay-un-gran-peligro-para-la-vista","status":"publish","type":"post","link":"https:\/\/www.europesays.com\/es\/312506\/","title":{"rendered":"En Espa\u00f1a, hay un gran peligro para la vista"},"content":{"rendered":"<p>El a\u00f1o <b>2025 <\/b>en el espacio ha estado marcado por la llegada del <b>cometa interestelar 3I\/Atlas<\/b> al Sistema Solar, el lanzamiento de los sat\u00e9lites <b>SpainSat NG I y II de Hisdesat<\/b> o el incremento del presupuesto de la Agencia Espacial Europea (<b>ESA<\/b>).<\/p>\n<p>El 2025 comenz\u00f3 con el lanzamiento en enero del sat\u00e9lite <b>SpainSat NG I<\/b>, que proporciona comunicaciones seguras a las Fuerzas Armadas espa\u00f1olas, desde Cabo Ca\u00f1averal (Florida) por la empresa de Elon Musk, Space X.<\/p>\n<p>Seis meses despu\u00e9s, el Ministerio de Defensa anunciaba que el sat\u00e9lite SpainSat NG I conclu\u00eda<b> su total entrada en servicio y revelaba al antiguo Xtar-EUR, que contaba con m\u00e1s de 20 a\u00f1os en \u00f3rbita<\/b>.<\/p>\n<p>Posteriormente fue el turno del lanzamiento del SpainSat NG II el 24 de octubre, con el que Espa\u00f1a completaba el proyecto espacial \u00ab<b>m\u00e1s ambicioso de su historia<\/b>\u00ab, tambi\u00e9n desde Cabo Ca\u00f1averal.<\/p>\n<p>Con el lanzamiento del SpainSat NG II se completa la constelaci\u00f3n del Programa Spainsat NG, considerado \u00abel proyecto espacial m\u00e1s ambicioso de la historia de Espa\u00f1a, tanto por <b>su complejidad tecnol\u00f3gica como por el nivel de participaci\u00f3n de la industria nacional<\/b>\u00ab.<\/p>\n<p>Los SpainSat NG I y II son <b>los sat\u00e9lites m\u00e1s avanzados <\/b>de comunicaciones seguras de Europa y se sit\u00faan entre los m\u00e1s innovadores del mundo.<\/p>\n<p>Est\u00e1 previsto que en la primavera de 2026 presten servicio conjuntamente a las Fuerzas Armadas espa\u00f1olas, organizaciones internacionales como la Comisi\u00f3n Europea en el programa GOVSATCOM, o la OTAN, y a otros Gobiernos de pa\u00edses aliados.<\/p>\n<p>Los sat\u00e9lites gemelos dar\u00e1n servicio a dos terceras partes de la Tierra, desde <b>Estados Unidos hasta Singapur<\/b>, situando a Espa\u00f1a a la vanguardia mundial del desarrollo e innovaci\u00f3n en el \u00e1mbito espacial.<\/p>\n<p>En profundidad<\/p>\n<p>A principios de a\u00f1o Espa\u00f1a, a trav\u00e9s de la Agencia Espacial Espa\u00f1ola (AEE), firm\u00f3 con la Comisi\u00f3n Europea su adhesi\u00f3n a la misi\u00f3n piloto ISOS (In-Space Operations and Services, por sus siglas en ingl\u00e9s), una iniciativa estrat\u00e9gica de la Uni\u00f3n Europea para capacitar a la industria europea en operaciones y servicios que creen un entorno espacial sostenible.<\/p>\n<p><b>Este proyecto busca desarrollar y demostrar componente esenciales para servicios en \u00f3rbita<\/b>, promoviendo la sostenibilidad en el entorno espacial, mientras se potencia la resiliencia y competitividad de la infraestructura espacial europea.<\/p>\n<p>La misi\u00f3n cuyo presupuesto estimado es de 500 millones de euros y cuyo despliegue completo est\u00e1 previsto para 2030, responde a la creciente necesidad de crear un entorno espacial seguro, resiliente y sostenible, potenciando <b>servicios de eliminaci\u00f3n de basura espacial, mantenimiento, ensamblaje y log\u00edstica de la infraestructura espacial, fortaleciendo la autonom\u00eda estrat\u00e9gica de la UE<\/b>.<\/p>\n<p>M\u00e1s detalles<\/p>\n<p>El 2025 tambi\u00e9n ha estado marcado por la visita al Sistema Solar del cometa interestelar 3I\/Atlas, que se acerc\u00f3 m\u00e1s que nunca a la Tierra el pasado 19 de diciembre, cuando se situ\u00f3 a una distancia de unos 270 millones de kil\u00f3metros, es decir, aproximadamente 1,8 veces la distancia entre la Tierra y el Sol.<\/p>\n<p>El director de la Agencia Espacial Europea (ESA), Josef Aschbacher, rechaz\u00f3 las \u00ab<b>especulaciones<\/b>\u00bb que han surgido en torno al cometa interestelar 3I\/Atlas que viaja por el interior del sistema solar.<\/p>\n<p>\u00abLo hemos observado muy bien y puedo asegurar que no son alien\u00edgenas, no es lo que algunas especulaciones creen que es. Es un cometa que se mueve a muy alta velocidad y est\u00e1 pasando por nuestro sistema solar. <b>Lo hemos medido, lo estamos observando y sabemos muy bien lo que pasa\u00bb<\/b>, zanj\u00f3 Aschbacher en una entrevista a Europa Press.<\/p>\n<p>El cometa interestelar 3I\/Atlas tiene un n\u00facleo estimado entre 10 y 30 kil\u00f3metros de di\u00e1metro, viaja a una velocidad superior a 68 km\/s (unos 245.000 km\/h) durante su paso por el interior del sistema solar y su \u00f3rbita es hiperb\u00f3lica (no pertenece al sistema solar).<\/p>\n<p>Estos cometas son absolutamente extra\u00f1os. Todos los planetas, lunas, asteroides, cometas y formas de vida de nuestro Sistema Solar comparten un origen com\u00fan. Pero<b> los cometas interestelares son aut\u00e9nticos forasteros, portadores de pistas sobre la formaci\u00f3n de mundos mucho m\u00e1s all\u00e1 del nuestro<\/b>.<\/p>\n<p>3I\/Atlas (C\/2025 N1) es el tercer objeto confirmado proveniente de fuera del sistema solar. Fue descubierto el 1 de julio de 2025 por la red ATLAS (Asteroid Terrestrial-impact Last Alert System) en Chile.<b> Su estudio permite observar material que se form\u00f3 en otro sistema estelar<\/b>.<\/p>\n<p>A tener en cuenta<\/p>\n<p>El mes de noviembre terminaba con un acuerdo hist\u00f3rico para la Agencia Espacial Europea: los Estados miembros acordaron las mayores contribuciones a la ESA por un total de 22.100 millones de euros durante el Consejo Ministerial celebrado en Bremen (Alemania).<\/p>\n<p>Los ministros y altos representantes de los 23 Estados miembros, miembros asociados y Estados cooperantes confirmaron su apoyo a programas clave de Ciencia, Exploraci\u00f3n y Tecnolog\u00eda, junto con un incremento significativo del presupuesto para aplicaciones espaciales: Observaci\u00f3n de la Tierra, Navegaci\u00f3n y Telecomunicaciones, seg\u00fan ha informado la ESA.<\/p>\n<p>Espa\u00f1a se sit\u00fao como el cuarto pa\u00eds mayor contribuyente a los programas de la ESA junto a Alemania, Francia e Italia, al haber adquirido nuevos compromisos por valorar de 1.854 millones de euros para el periodo 2026-2030.<\/p>\n<p>De esta forma, Espa\u00f1a se convierte <b>por primera vez <\/b>en la historia en el cuarto pa\u00eds mayor contribuyente de la ESA por delante de pa\u00edses como Reino Unido, B\u00e9lgica o Suiza.<\/p>\n<p>Los 1.854 millones de euros en nuevos compromisos adquiridos por Espa\u00f1a suponen un 8,46% del total de la inversi\u00f3n que los 23 pa\u00edses de la ESA realizar\u00e1n durante el periodo 2026-2030 y supone<b> un incremento presupuestario de m\u00e1s del 50% con respecto al Consejo Ministerial celebrado en 2022<\/b>, aumentando la contribuci\u00f3n promedio anual de 300 a 455 millones de euros.<\/p>\n<p>La ESA ha lanzado en 2025 un total de 46 misiones y\/o sat\u00e9lites. La \u00faltima misi\u00f3n finalizada con \u00e9xito fue el lanzamiento de dos sat\u00e9lites Galileo (SAT 33 y SAT 34) a bordo de un cohete Ariane 6 desde el Puerto Espacial Europeo en la Guayana Francesa. Fue el primer lanzamiento de Galileo a bordo de un Ariane 6 y el quinto del lanzador de carga pesada europeo.<\/p>\n<p>2026, a\u00f1o nuevo<\/p>\n<p>El a\u00f1o 2026 tambi\u00e9n estar\u00e1 marcado por distintos hitos relacionados con el espacio, ya que ser\u00e1 el a\u00f1o en el que se iniciar\u00e1 el tr\u00edo de eclipses que vivir\u00e1 Espa\u00f1a hasta 2028, el del primer vuelo del cohete espa\u00f1ol Miura 5 de PLD Space o del lanzamiento de la misi\u00f3n Artemis II en la que la NASA enviar\u00e1 a cuatro astronautas alrededor de la Luna, escenario de futuras misiones.<\/p>\n<p>Espa\u00f1a ser\u00e1 testigo pr\u00f3ximamente de una serie de eclipses solares que, en varios casos, ser\u00e1n visibles desde amplias zonas del territorio nacional. <b>Habr\u00e1 dos eclipses totales en 2026 y 2027<\/b>, y un eclipse anular en 2028, configurando un calendario astron\u00f3mico excepcional para los pr\u00f3ximos a\u00f1os.<\/p>\n<p>Este \u00faltimo es peligroso para la vista y puede causar da\u00f1os oculares permanentes si lo miramos sin protecci\u00f3n adecuada. A pesar de la disminuci\u00f3n de luz, <b>el Sol contin\u00faa emitiendo radiaci\u00f3n UV e infrarroja intensa que puede quemar la retina, sin causar dolor, llevando a p\u00e9rdida de visi\u00f3n central, puntos ciegos<\/b>&#8230;<\/p>\n<p>De todos ellos, el eclipse total del 12 de agosto de 2026 ser\u00e1 sin duda el m\u00e1s espectacular, no solo por su rareza -el primero visible desde Espa\u00f1a en m\u00e1s de un siglo-, <b>sino por la amplitud de zonas desde las que podr\u00e1 observarse en toda la Pen\u00ednsula<\/b>.<\/p>\n<p>PLD Space present\u00f3 en noviembre la primera unidad integrada del Miura 5, el modelo de calificaci\u00f3n 1 (QM1), que marca un \u00abavance decisivo en la campa\u00f1a de validaci\u00f3n del lanzador orbital\u00bb. Esta permitir\u00e1 \u00ab<b>completar los ensayos de subsistemas completos del cohete, como la primera y la segunda etapa, en condiciones reales<\/b>, con el objetivo de reducir al m\u00e1ximo el riesgo en vuelo y garantizar la fiabilidad del veh\u00edculo antes de su primera misi\u00f3n en 2026&#8243;.<\/p>\n<p>WhatsApp<a href=\"https:\/\/api.whatsapp.com\/send?text=https:\/\/www.eleconomista.es\/tecnologia\/noticias\/13708645\/12\/25\/cientificos-piden-que-nos-preparemos-ante-lo-que-esta-por-venir-en-2028-en-espana-hay-un-gran-peligro-para-la-vista.html?utm_source%3Dwhatsapp%26utm_medium%3Dshare_button&amp;id=1648118629957_whatsapp\" target=\"_blank\" data-action=\"share\/whatsapp\/share\" aria-label=\"Compartir en Whatsapp\" rel=\"nofollow noopener\"><\/a>Facebook<a id=\"fb-share\" href=\"#\" target=\"_blank\" rel=\"noopener noreferrer\" aria-label=\"Compartir en Facebook\"><\/a>Twitter<a href=\"https:\/\/twitter.com\/share?text=Cient%C3%ADficos+piden+que+nos+preparemos+ante+lo+que+est%C3%A1+por+venir+en+2028%3A+%22En+Espa%C3%B1a%2C+hay+un+gran+peligro+para+la+vista%22&amp;url=https:\/\/www.eleconomista.es\/tecnologia\/noticias\/13708645\/12\/25\/cientificos-piden-que-nos-preparemos-ante-lo-que-esta-por-venir-en-2028-en-espana-hay-un-gran-peligro-para-la-vista.html&amp;via=elEconomistaes&amp;id=1648118839245_twitter\" target=\"_blank\" aria-label=\"Compartir en Twitter\" rel=\"nofollow noopener\"><\/a>Linkedin<a href=\"https:\/\/linkedin.com\/share?text=https:\/\/www.eleconomista.es\/tecnologia\/noticias\/13708645\/12\/25\/cientificos-piden-que-nos-preparemos-ante-lo-que-esta-por-venir-en-2028-en-espana-hay-un-gran-peligro-para-la-vista.html&amp;via=elEconomistaes\" target=\"_blank\" aria-label=\"Compartir en linkedin\" rel=\"nofollow noopener\"><\/a>Beloud<a href=\"https:\/\/beloud.com\/share?text=Cient%C3%ADficos+piden+que+nos+preparemos+ante+lo+que+est%C3%A1+por+venir+en+2028%3A+%22En+Espa%C3%B1a%2C+hay+un+gran+peligro+para+la+vista%22&amp;url=https:\/\/www.eleconomista.es\/tecnologia\/noticias\/13708645\/12\/25\/cientificos-piden-que-nos-preparemos-ante-lo-que-esta-por-venir-en-2028-en-espana-hay-un-gran-peligro-para-la-vista.html&amp;via=elEconomistaes&amp;id=1648118839245_beloud\" target=\"_blank\" aria-label=\"Compartir en beloud\" rel=\"nofollow noopener\"><\/a>Bluesky<a href=\"https:\/\/bsky.app\/intent\/compose?text=https:\/\/bsky.app\/intent\/compose?text=https:\/\/www.eleconomista.es\/tecnologia\/noticias\/13708645\/12\/25\/cientificos-piden-que-nos-preparemos-ante-lo-que-esta-por-venir-en-2028-en-espana-hay-un-gran-peligro-para-la-vista.html&amp;url=https:\/\/www.eleconomista.es\/tecnologia\/noticias\/13708645\/12\/25\/cientificos-piden-que-nos-preparemos-ante-lo-que-esta-por-venir-en-2028-en-espana-hay-un-gran-peligro-para-la-vista.html&amp;via=elEconomistaes&amp;id=1648118839245_bluesky\" target=\"_blank\" aria-label=\"Compartir en bluesky\" rel=\"nofollow noopener\"><\/a><\/p>\n<p><script async src=\"https:\/\/platform.twitter.com\/widgets.js\" charset=\"utf-8\"><\/script><\/p>\n","protected":false},"excerpt":{"rendered":"El a\u00f1o 2025 en el espacio ha estado marcado por la llegada del cometa interestelar 3I\/Atlas al Sistema&hellip;\n","protected":false},"author":2,"featured_media":312507,"comment_status":"","ping_status":"","sticky":false,"template":"","format":"standard","meta":{"footnotes":""},"categories":[81],"tags":[119,123,124,25,24,117,121,122,23,118,3723,120],"class_list":{"0":"post-312506","1":"post","2":"type-post","3":"status-publish","4":"format-standard","5":"has-post-thumbnail","7":"category-ciencia-y-tecnologia","8":"tag-ciencia","9":"tag-ciencia-y-tecnologia","10":"tag-cienciaytecnologia","11":"tag-es","12":"tag-espana","13":"tag-science","14":"tag-science-and-technology","15":"tag-scienceandtechnology","16":"tag-spain","17":"tag-technology","18":"tag-tecnologaa","19":"tag-tecnologia"},"share_on_mastodon":{"url":"https:\/\/pubeurope.com\/@es\/115804365409284079","error":""},"_links":{"self":[{"href":"https:\/\/www.europesays.com\/es\/wp-json\/wp\/v2\/posts\/312506","targetHints":{"allow":["GET"]}}],"collection":[{"href":"https:\/\/www.europesays.com\/es\/wp-json\/wp\/v2\/posts"}],"about":[{"href":"https:\/\/www.europesays.com\/es\/wp-json\/wp\/v2\/types\/post"}],"author":[{"embeddable":true,"href":"https:\/\/www.europesays.com\/es\/wp-json\/wp\/v2\/users\/2"}],"replies":[{"embeddable":true,"href":"https:\/\/www.europesays.com\/es\/wp-json\/wp\/v2\/comments?post=312506"}],"version-history":[{"count":0,"href":"https:\/\/www.europesays.com\/es\/wp-json\/wp\/v2\/posts\/312506\/revisions"}],"wp:featuredmedia":[{"embeddable":true,"href":"https:\/\/www.europesays.com\/es\/wp-json\/wp\/v2\/media\/312507"}],"wp:attachment":[{"href":"https:\/\/www.europesays.com\/es\/wp-json\/wp\/v2\/media?parent=312506"}],"wp:term":[{"taxonomy":"category","embeddable":true,"href":"https:\/\/www.europesays.com\/es\/wp-json\/wp\/v2\/categories?post=312506"},{"taxonomy":"post_tag","embeddable":true,"href":"https:\/\/www.europesays.com\/es\/wp-json\/wp\/v2\/tags?post=312506"}],"curies":[{"name":"wp","href":"https:\/\/api.w.org\/{rel}","templated":true}]}}