{"id":312509,"date":"2025-12-29T18:53:13","date_gmt":"2025-12-29T18:53:13","guid":{"rendered":"https:\/\/www.europesays.com\/es\/312509\/"},"modified":"2025-12-29T18:53:13","modified_gmt":"2025-12-29T18:53:13","slug":"rusia-amenaza-con-romper-las-negociaciones-tras-acusar-a-ucrania-de-atacar-una-residencia-de-putin-internacional","status":"publish","type":"post","link":"https:\/\/www.europesays.com\/es\/312509\/","title":{"rendered":"Rusia amenaza con romper las negociaciones tras acusar a Ucrania de atacar una residencia de Putin | Internacional"},"content":{"rendered":"<p class=\"\">El Gobierno ruso amenaza con poner fin <a href=\"https:\/\/elpais.com\/internacional\/2025-12-28\/trump-habla-con-putin-por-telefono-antes-de-reunirse-con-zelenski-en-florida.html\" target=\"_self\" rel=\"nofollow noopener\" title=\"https:\/\/elpais.com\/internacional\/2025-12-28\/trump-habla-con-putin-por-telefono-antes-de-reunirse-con-zelenski-en-florida.html\">a las conversaciones de paz con Ucrania<\/a> tras acusar a las autoridades de Kiev de haber cometido un supuesto ataque contra una residencia secundaria de Vlad\u00edmir Putin despu\u00e9s de que se reuniesen este domingo los l\u00edderes de Estados Unidos, Donald Trump, y Ucrania, Volod\u00edmir Zelenski. \u201cLa postura negociadora de Rusia ser\u00e1 revisada dada la transici\u00f3n definitiva de Kiev hacia una pol\u00edtica de terrorismo de Estado\u201d, ha manifestado el ministro de Exteriores ruso, Sergu\u00e9i Lavrov.<\/p>\n<p class=\"\">Zelenski ha emitido un comunicado a trav\u00e9s de sus redes sociales en el que califica la acusaci\u00f3n del ataque a la residencia de Putin de \u201ccompletamente falsa\u201d. \u201cEsta es una excusa para continuar los ataques contra Ucrania, en particular contra Kiev, y tambi\u00e9n para negarse a tomar las decisiones necesarias para poner fin a la guerra\u201d, ha escrito. <\/p>\n<p class=\"\">El presidente ucranio cree que tras las palabras de Lavrov, Rusia podr\u00eda preparar un gran ataque contra la capital y, m\u00e1s en concreto, contra edificios estatales. La sede del Consejo de Ministros en Kiev ya recibi\u00f3 el pasado septiembre el impacto de un misil.<\/p>\n<p class=\"\">Seg\u00fan la versi\u00f3n de Mosc\u00fa, Rusia derrib\u00f3 91 drones que Ucrania presuntamente lanz\u00f3 sobre la residencia del l\u00edder ruso en la regi\u00f3n de N\u00f3vgorod. \u201cEl ataque contra la residencia presidencial rusa no quedar\u00e1 sin respuesta\u201d, ha advertido Lavrov, quien asegura que el bombardeo ruso sobre Ucrania no se har\u00e1 esperar. Despu\u00e9s de que el Kremlin lanzara las acusaciones contra Kiev, la portavoz de la Casa Blanca, Karoline Leavitt, ha anunciado en redes sociales que Trump tuvo una \u201cllamada positiva\u201d con Putin sobre Ucrania.<\/p>\n<p class=\"\">Yuri Ushakov, asesor de Exteriores del presidente ruso, ha asegurado que Trump \u201cqued\u00f3 conmocionado por la noticia, literalmente indignado, y dijo que no pod\u00eda imaginarse unas acciones tan descabelladas\u201d. Seg\u00fan el diplom\u00e1tico ruso, el l\u00edder norteamericano enfatiz\u00f3 que habr\u00eda sido un error entregar misiles de precisi\u00f3n a Kiev. \u201cGracias a Dios no le dimos misiles Tomahawk a Zelenski\u201d, ha manifestado Ushakov, citando las palabras textuales del republicano. <\/p>\n<p class=\"\">Mientras, Mosc\u00fa prepara un nuevo bombardeo. \u201cSe han determinado los objetivos de las acciones de represalia y el momento de su aplicaci\u00f3n por parte de las Fuerzas Armadas de Rusia\u201d, ha agregado el jefe de la diplomacia de Putin un d\u00eda despu\u00e9s de que <a href=\"https:\/\/elpais.com\/internacional\/2025-12-27\/un-ataque-masivo-ruso-deja-sin-electricidad-un-tercio-de-kiev-en-visperas-de-la-reunion-entre-trump-y-zelenski.html\" target=\"_self\" rel=\"nofollow noopener\" title=\"https:\/\/elpais.com\/internacional\/2025-12-27\/un-ataque-masivo-ruso-deja-sin-electricidad-un-tercio-de-kiev-en-visperas-de-la-reunion-entre-trump-y-zelenski.html\">sus fuerzas lanzasen un intenso bombardeo de 10 horas sobre la capital ucrania<\/a> en v\u00edsperas de la reuni\u00f3n de Zelenski y Trump en el complejo del empresario en Mar-a-Lago, en Florida. <\/p>\n<p><img decoding=\"auto\" class=\"_re lazyload a_m-h\" height=\"276\"  width=\"414\"  src=\"https:\/\/www.europesays.com\/es\/wp-content\/uploads\/2025\/12\/6Q7KBZMSBZFRTOL4G3EK775YS4.jpg\" loading=\"lazy\"\/>El ministro de Exteriores ruso, Sergei Lavrov, el<br \/>\n19 de diciembre.Associated Press\/LaPresse (APN)<\/p>\n<p class=\"\">La amenaza rusa se produce despu\u00e9s de un nuevo intento fallido de Trump para hacer avanzar un posible acuerdo de paz en Ucrania. Las autoridades rusas han enfatizado que Mosc\u00fa parte como base de un programa de 27 puntos que toma como referencia lo hablado en la cumbre que los presidentes de Estados Unidos y Rusia mantuvieron en Alaska el pasado agosto. Seg\u00fan la diplomacia del Kremlin, el plan de 20 puntos consensuado entre Kiev y Washington es \u201cinaceptable\u201d.<\/p>\n<p class=\"\">Putin ha asegurado este lunes que la operaci\u00f3n militar rusa proseguir\u00e1 seg\u00fan lo previsto \u201chasta cumplir sus objetivos\u201d, seg\u00fan recoge la agencia Intefax.<\/p>\n<p>Garant\u00edas de seguridad durante 15 a\u00f1os <\/p>\n<p class=\"\">Zelenski reiter\u00f3 en la noche del domingo a los medios ucranios, tras su cita con Trump, que la clave para traer la paz a su pa\u00eds son las garant\u00edas de protecci\u00f3n de defensa que le concedan sus aliados europeos y norteamericanos. <\/p>\n<p class=\"\">El presidente ucranio revel\u00f3 que la Casa Blanca asegura las medidas adecuadas, equivalentes a si Ucrania formara parte de la OTAN, pero solo para un periodo de 15 a\u00f1os prorrogables. El presidente ucranio explic\u00f3 que hab\u00eda pedido a Trump que el periodo se prorrogara como m\u00ednimo a 30 a\u00f1os y, de forma ideal, a 50 a\u00f1os. \u201cLe dije al presidente Trump que la guerra prosigue desde hace casi 15 a\u00f1os\u201d, coment\u00f3 Zelenski en referencia a la guerra de Donb\u00e1s, que estall\u00f3 en 2014, con los separatistas prorrusos. \u201cPor eso es necesario que las garant\u00edas de seguridad sean m\u00e1s largas\u201d, a\u00f1adi\u00f3. <\/p>\n<p class=\"\">El mandatario ucranio considera que la guerra no terminar\u00e1 formalmente hasta que su pa\u00eds no cuente con estas medidas de seguridad. La ley marcial, pese a que se firmara un hipot\u00e9tico acuerdo de paz, continuar\u00eda vigente hasta que Ucrania no est\u00e9 bajo el paraguas de defensa occidental, seg\u00fan subray\u00f3 Zelenski.<\/p>\n","protected":false},"excerpt":{"rendered":"El Gobierno ruso amenaza con poner fin a las conversaciones de paz con Ucrania tras acusar a las&hellip;\n","protected":false},"author":2,"featured_media":312510,"comment_status":"","ping_status":"","sticky":false,"template":"","format":"standard","meta":{"footnotes":""},"categories":[42],"tags":[8738,17,18,70,71,72,700,13,14,69,7082,11,61,62,63,64,19,20,9,10,15,16,1613,1614,12,7081,21,22,1617,65,66,67],"class_list":{"0":"post-312509","1":"post","2":"type-post","3":"status-publish","4":"format-standard","5":"has-post-thumbnail","7":"category-internacional","8":"tag-ataques-militares","9":"tag-breaking-news","10":"tag-breakingnews","11":"tag-conflictos","12":"tag-conflictos-armados","13":"tag-conflictos-internacionales","14":"tag-europa","15":"tag-featured-news","16":"tag-featurednews","17":"tag-guerra","18":"tag-guerra-de-rusia-en-ucrania","19":"tag-headlines","20":"tag-internacional","21":"tag-international","22":"tag-international-news","23":"tag-internationalnews","24":"tag-latest-news","25":"tag-latestnews","26":"tag-news","27":"tag-noticias","28":"tag-noticias-destacadas","29":"tag-noticiasdestacadas","30":"tag-otan","31":"tag-rusia","32":"tag-titulares","33":"tag-ucrania","34":"tag-ultimas-noticias","35":"tag-ultimasnoticias","36":"tag-union-europea","37":"tag-world","38":"tag-world-news","39":"tag-worldnews"},"share_on_mastodon":{"url":"","error":"Validation failed: Text character limit of 500 exceeded"},"_links":{"self":[{"href":"https:\/\/www.europesays.com\/es\/wp-json\/wp\/v2\/posts\/312509","targetHints":{"allow":["GET"]}}],"collection":[{"href":"https:\/\/www.europesays.com\/es\/wp-json\/wp\/v2\/posts"}],"about":[{"href":"https:\/\/www.europesays.com\/es\/wp-json\/wp\/v2\/types\/post"}],"author":[{"embeddable":true,"href":"https:\/\/www.europesays.com\/es\/wp-json\/wp\/v2\/users\/2"}],"replies":[{"embeddable":true,"href":"https:\/\/www.europesays.com\/es\/wp-json\/wp\/v2\/comments?post=312509"}],"version-history":[{"count":0,"href":"https:\/\/www.europesays.com\/es\/wp-json\/wp\/v2\/posts\/312509\/revisions"}],"wp:featuredmedia":[{"embeddable":true,"href":"https:\/\/www.europesays.com\/es\/wp-json\/wp\/v2\/media\/312510"}],"wp:attachment":[{"href":"https:\/\/www.europesays.com\/es\/wp-json\/wp\/v2\/media?parent=312509"}],"wp:term":[{"taxonomy":"category","embeddable":true,"href":"https:\/\/www.europesays.com\/es\/wp-json\/wp\/v2\/categories?post=312509"},{"taxonomy":"post_tag","embeddable":true,"href":"https:\/\/www.europesays.com\/es\/wp-json\/wp\/v2\/tags?post=312509"}],"curies":[{"name":"wp","href":"https:\/\/api.w.org\/{rel}","templated":true}]}}