{"id":312516,"date":"2025-12-29T19:03:16","date_gmt":"2025-12-29T19:03:16","guid":{"rendered":"https:\/\/www.europesays.com\/es\/312516\/"},"modified":"2025-12-29T19:03:16","modified_gmt":"2025-12-29T19:03:16","slug":"la-escandalosa-diferencia-arbitral-en-liga-endesa-entre-real-madrid-y-barca","status":"publish","type":"post","link":"https:\/\/www.europesays.com\/es\/312516\/","title":{"rendered":"La escandalosa diferencia arbitral en Liga Endesa entre Real Madrid y Bar\u00e7a"},"content":{"rendered":"<p class=\"ft-text\"><strong>El Bar\u00e7a<\/strong> no levanta el pie del acelerador en la <strong>Liga Endesa,<\/strong> y con una racha de seis victorias consecutivas, sigue avanzando posiciones en la tabla clasificatoria. Tras levantar un balance adverso de <strong>dos victorias y cuatro derrotas, <\/strong>impropio de un club de la talla del azulgrana, <strong>Xavi Pascual y sus jugadores son quintos<\/strong> y casi le pisan los pies a La Laguna Tenerife, que se mantiene cuarto por la diferencia de puntos anotados y encajados respecto al conjunto catal\u00e1n (+77 vs +75).<\/p>\n<p class=\"ft-text\">La \u00faltima alegr\u00eda del Bar\u00e7a en la ACB lleg\u00f3 este pasado domingo, con<strong> <\/strong><a class=\"ft-link ft-link--decoration\" href=\"https:\/\/www.sport.es\/es\/barca\/baloncesto\/\" rel=\"nofollow noopener\" target=\"_blank\"><strong>la victoria de prestigio en Miribilla tras superar a Bilbao Basket por 66-71<\/strong><\/a> logrando as\u00ed lo que ning\u00fan equipo hab\u00eda conseguido en lo que va de curso en Liga Endesa: profanar el feudo del conjunto de <strong>Jaume Ponsarnau.<\/strong><\/p>\n<p>Willy Hernang\u00f3mez sigue de dulce<\/p>\n<p class=\"ft-text\">Un partido en el que <strong>Willy Hernang\u00f3nez<\/strong> brill\u00f3, siendo el &#8216;MVP&#8217; de los azulgranas gracias a sus <strong>19 puntos, siete rebotes, tres recuperaciones y dos tapones para 26 cr\u00e9ditos de valoraci\u00f3n<\/strong> (mejor marca del curso en ACB junto a la de anotaci\u00f3n). Adem\u00e1s, <strong>Tomas Satoransky<\/strong> volvi\u00f3 a ser referencia en la anotaci\u00f3n, anotando 16 tantos, 12 de ellos desde la l\u00ednea de triple en el primer cuarto.<\/p>\n<p><img decoding=\"async\" src=\"https:\/\/www.europesays.com\/es\/wp-content\/uploads\/2025\/12\/cf9d4c7f-4fd1-41f7-83e3-8a60f69265d8_alta-libre-aspect-ratio_default_0.jpg\" width=\"1200\" height=\"675\" alt=\"Willy Hernang\u00f3mez cuaj\u00f3 una gran actuaci\u00f3n en Miribilla para derrotar a Bilbao Basket\" class=\"ft-helper-img-rd\" loading=\"lazy\"\/><\/p>\n<p class=\"ft-helper-fontColor-quaternary ft-helper-fontSize-body-S ft-helper-spacer-t-xxs\">Willy Hernang\u00f3mez cuaj\u00f3 una gran actuaci\u00f3n en Miribilla para derrotar a Bilbao Basket  \/ ACB Photo &#8211; Aitor Arrizabalaga<\/p>\n<p>Un Madrid imparable en ACB<\/p>\n<p class=\"ft-text\">Tuvo que sudar algo m\u00e1s el <strong>Real Madrid<\/strong> para seguir una semana m\u00e1s como l\u00edder en solitario en la Liga Endesa. Los de <strong>Sergio Scariolo<\/strong> superaron a <strong>Unicaja<\/strong> por <strong>91-82<\/strong> culminando en la segunda parte una gran remontada tras levantar 14 puntos de desventaja. En todo caso, la racha inmaculada de los blancos en la ACB sigue creciendo: ya son <strong>37 victorias consecutivas como locales en liga,<\/strong> siendo el \u00faltimo tropiezo el pasado 31 de marzo de 2024 ante <strong>Baxi Manresa.<\/strong><\/p>\n<p class=\"ft-text\">El Real Madrid tan solo ha perdido un partido en lo que va de Liga Endesa, como fue el tropiezo en el Buesa ante <strong>Baskonia<\/strong> por 105-100 de la segunda jornada. Desde entonces, 10 triunfos ligueros, y una racha que, en los pr\u00f3ximos d\u00edas vivir\u00e1 dos partidos de m\u00e1xima intensidad: este martes 30 visitan a <strong>UCAM Murcia (21h),<\/strong> en un duelo que mide al primer y segundo clasificado de la competici\u00f3n, mientras que el domingo 4 (12:30h CET) reciben al <strong>Bar\u00e7a<\/strong> en el primer Cl\u00e1sico del a\u00f1o, en busca del d\u00e9cimo triunfo consecutivo ante los azulgranas. Por el momento, son tres los partidos de diferencia que separan a ambos equipos en la clasificaci\u00f3n.<\/p>\n<p><img decoding=\"async\" src=\"https:\/\/www.europesays.com\/es\/wp-content\/uploads\/2025\/12\/1ca0a7cd-7510-4861-8d7c-5f7b3779bfec_alta-libre-aspect-ratio_default_0.jpg\" width=\"1200\" height=\"675\" alt=\"El Real Madrid sigue una semana m\u00e1s l\u00edder en solitario en la Liga Endesa\" class=\"ft-helper-img-rd\" loading=\"lazy\"\/><\/p>\n<p class=\"ft-helper-fontColor-quaternary ft-helper-fontSize-body-S ft-helper-spacer-t-xxs\">El Real Madrid sigue una semana m\u00e1s l\u00edder en solitario en la Liga Endesa  \/ ACB Photo &#8211; Sara Gordon<\/p>\n<p>L\u00edderes en el tiro libre<\/p>\n<p class=\"ft-text\">Donde s\u00ed que hay una desigualdad mayor es en un apartado fundamental del juego como son los <strong>tiros libres lanzados.<\/strong> En las \u00faltimas temporadas, ha sido habitual ver a los madridistas liderar esta clasificaci\u00f3n. Desde la temporada 22\/23, el conjunto blanco ha sido el equipo que m\u00e1s veces ha ido a la l\u00ednea de personal en cada campa\u00f1a. <strong>El curso pasado termin\u00f3 con 973 tiros libres lanzados, 221 m\u00e1s que Valencia Basket, su rival en las finales por el t\u00edtulo<\/strong> y que tan solo jug\u00f3 un partido menos que el por entonces conjunto de <strong>Chus Mateo.<\/strong><\/p>\n<p>Casi 100 TL m\u00e1s lanzados que el Bar\u00e7a<\/p>\n<p class=\"ft-text\">En lo que va de curso,<strong> el Real Madrid es el tercer equipo de la Liga Endesa que m\u00e1s veces va a la l\u00ednea del 4,60.<\/strong> Con <strong>329 tiros,<\/strong> tan solo le superan <strong>Bilbao Basket (338) y Covir\u00e1n Granada (335).<\/strong> Los de Sergio Scariolo son el conjunto que m\u00e1s ha anotado hasta la fecha, con 277. En cambio, <strong>la situaci\u00f3n del Bar\u00e7a es diametralmente opuesta: son el equipo que menos tiros libres ha lanzado de toda la competici\u00f3n (231, 98 menos que el Real Madrid), y el que menos ha anotado: 170,<\/strong> con un 73,6% de acierto desde la personal.<\/p>\n<p><img decoding=\"async\" src=\"https:\/\/www.europesays.com\/es\/wp-content\/uploads\/2025\/12\/9eb75e11-1c61-47d5-a751-2b4ac8630a0f_alta-libre-aspect-ratio_default_0.jpg\" width=\"1200\" height=\"675\" alt=\"Theo Maledon, ante Chris Duarte en el Real Madrid - Unicaja de Liga Endesa\" class=\"ft-helper-img-rd\" loading=\"lazy\"\/><\/p>\n<p class=\"ft-helper-fontColor-quaternary ft-helper-fontSize-body-S ft-helper-spacer-t-xxs\">Theo Maledon, ante Chris Duarte en el Real Madrid &#8211; Unicaja de Liga Endesa  \/ EFE<\/p>\n<p class=\"ft-text\">En Euroliga, la situaci\u00f3n es distinta a lo que se vive en la ACB.<strong> Los blancos son el sexto equipo que m\u00e1s veces va a la l\u00ednea de personal de toda la competici\u00f3n (401), por las 331 que atesora el Bar\u00e7a (16\u00ba en la lista).<\/strong> Mientras que en la competici\u00f3n europea, los blancos van a la l\u00ednea una media de 22,3 veces, en Liga Endesa la cifra asciende considerablemente hasta los 27,4 lanzamientos libres.<\/p>\n","protected":false},"excerpt":{"rendered":"El Bar\u00e7a no levanta el pie del acelerador en la Liga Endesa, y con una racha de seis&hellip;\n","protected":false},"author":2,"featured_media":312517,"comment_status":"","ping_status":"","sticky":false,"template":"","format":"standard","meta":{"footnotes":""},"categories":[269],"tags":[302,7898,299,2296,298,168,25,24,30610,665,205,1526,798,23,167,31072],"class_list":{"0":"post-312516","1":"post","2":"type-post","3":"status-publish","4":"format-standard","5":"has-post-thumbnail","7":"category-baloncesto","8":"tag-acb","9":"tag-arbitraje","10":"tag-baloncesto","11":"tag-barca","12":"tag-basketball","13":"tag-deportes","14":"tag-es","15":"tag-espana","16":"tag-libres","17":"tag-liga-endesa","18":"tag-madrid","19":"tag-polemica","20":"tag-real","21":"tag-spain","22":"tag-sports","23":"tag-tiros"},"share_on_mastodon":{"url":"https:\/\/pubeurope.com\/@es\/115804412672376177","error":""},"_links":{"self":[{"href":"https:\/\/www.europesays.com\/es\/wp-json\/wp\/v2\/posts\/312516","targetHints":{"allow":["GET"]}}],"collection":[{"href":"https:\/\/www.europesays.com\/es\/wp-json\/wp\/v2\/posts"}],"about":[{"href":"https:\/\/www.europesays.com\/es\/wp-json\/wp\/v2\/types\/post"}],"author":[{"embeddable":true,"href":"https:\/\/www.europesays.com\/es\/wp-json\/wp\/v2\/users\/2"}],"replies":[{"embeddable":true,"href":"https:\/\/www.europesays.com\/es\/wp-json\/wp\/v2\/comments?post=312516"}],"version-history":[{"count":0,"href":"https:\/\/www.europesays.com\/es\/wp-json\/wp\/v2\/posts\/312516\/revisions"}],"wp:featuredmedia":[{"embeddable":true,"href":"https:\/\/www.europesays.com\/es\/wp-json\/wp\/v2\/media\/312517"}],"wp:attachment":[{"href":"https:\/\/www.europesays.com\/es\/wp-json\/wp\/v2\/media?parent=312516"}],"wp:term":[{"taxonomy":"category","embeddable":true,"href":"https:\/\/www.europesays.com\/es\/wp-json\/wp\/v2\/categories?post=312516"},{"taxonomy":"post_tag","embeddable":true,"href":"https:\/\/www.europesays.com\/es\/wp-json\/wp\/v2\/tags?post=312516"}],"curies":[{"name":"wp","href":"https:\/\/api.w.org\/{rel}","templated":true}]}}