{"id":312521,"date":"2025-12-29T19:06:18","date_gmt":"2025-12-29T19:06:18","guid":{"rendered":"https:\/\/www.europesays.com\/es\/312521\/"},"modified":"2025-12-29T19:06:18","modified_gmt":"2025-12-29T19:06:18","slug":"el-edificio-que-fue-teatro-iglesia-y-prision-ahora-resuena-con-aplausos-como-nunca-antes","status":"publish","type":"post","link":"https:\/\/www.europesays.com\/es\/312521\/","title":{"rendered":"El edificio que fue teatro, iglesia y prisi\u00f3n, ahora resuena con aplausos como nunca antes"},"content":{"rendered":"<p>El <strong>Teatro Espa\u00f1ol<\/strong>, ubicado en un edificio que ha sido teatro, iglesia y <a href=\"https:\/\/okdiario.com\/economia\/este-dineral-que-cobran-presos-estar-carceles-espana-13904666\" rel=\"nofollow noopener\" target=\"_blank\">prisi\u00f3n<\/a> a lo largo de los siglos, ha presentado oficialmente la temporada 2025-26, y la direcci\u00f3n art\u00edstica del teatro, se perfila como una de las m\u00e1s s\u00f3lidas y coherentes de los \u00faltimos a\u00f1os.\u00a0La temporada re\u00fane grandes nombres de la <strong>escena espa\u00f1ola<\/strong> (Aitana S\u00e1nchez-Gij\u00f3n, Juan Echanove, Juan Diego Botto, Mario Gas, Irene Escolar o Gin\u00e9s Garc\u00eda Mill\u00e1n) y propone una reflexi\u00f3n constante sobre la identidad, el poder, la memoria hist\u00f3rica y las tensiones sociales.<\/p>\n<p>\u00abLa historia del Teatro Espa\u00f1ol de Madrid comienza el 21 de septiembre de 1583, momento en el que tiene lugar su primera representaci\u00f3n, y contin\u00faa hasta el d\u00eda de hoy, convirti\u00e9ndose as\u00ed en el teatro m\u00e1s antiguo del mundo en cuanto a representaci\u00f3n continuada se refiere. Acercarse al Teatro Espa\u00f1ol en la actualidad es entrar en un edificio \u00fanico en cuanto a su historia, vida, an\u00e9cdotas y actualidad\u00bb, detalla el Ayuntamiento de Madrid.<\/p>\n<p>Teatro Espa\u00f1ol, el edificio con m\u00e1s historia de Madrid<\/p>\n<p>La <strong>vicealcaldesa de Madrid, Inma Sanz<\/strong>, junto a la delegada de Cultura, Turismo y Deporte, Marta Rivera de la Cruz, y el director art\u00edstico del Teatro Espa\u00f1ol, Eduardo Vasco, presentaron la programaci\u00f3n para la temporada 2025-26, que arranc\u00f3 el pasado 7 de octubre. \u00abEl teatro es una conversaci\u00f3n viva sobre lo que hemos sido, lo que somos y lo que queremos ser\u00bb, afirm\u00f3 la vicealcaldesa.<\/p>\n<p>Programaci\u00f3n de la temporada 2025-26\u00a0<\/p>\n<p>En la Sala Principal, el a\u00f1o se abre con la reposici\u00f3n de \u00abLuces de bohemia\u00bb, de Ram\u00f3n Mar\u00eda del Valle-Incl\u00e1n, que se representar\u00e1 entre enero y marzo de 2026. Considerada una de las obras fundamentales del teatro espa\u00f1ol del siglo XX, el esperpento vuelve al escenario con toda su carga cr\u00edtica y su mirada deformada sobre la realidad social y pol\u00edtica del pa\u00eds.<\/p>\n<p>Entre marzo y abril llega \u00abMalquerida\u00bb, de Jacinto Benavente, dirigida por Natalia Men\u00e9ndez y protagonizada por Aitana S\u00e1nchez-Gij\u00f3n. El drama rural, centrado en las pasiones ocultas, los silencios impuestos y la violencia emocional, ofrece una lectura profunda sobre el deseo y el poder en una comunidad cerrada.<\/p>\n<p>La programaci\u00f3n contin\u00faa con \u00abUna noche sin luna\u00bb, escrita e interpretada por Juan Diego Botto, a partir de textos de Federico Garc\u00eda Lorca. Entre abril y mayo, el montaje propone un recorrido po\u00e9tico y pol\u00edtico por la vida y el pensamiento del autor granadino, combinando palabra, memoria hist\u00f3rica y reflexi\u00f3n sobre la libertad, la censura y el compromiso art\u00edstico.<\/p>\n<p>El cierre del ciclo en la Sala Principal lo pone \u00abLa escopeta nacional\u00bb, adaptaci\u00f3n teatral del universo creado por Rafael Azcona y Luis Garc\u00eda-Berlanga, dirigida por Juan Echanove. Entre junio y julio, la s\u00e1tira mordaz sobre las \u00e9lites econ\u00f3micas y pol\u00edticas del tardofranquismo se traslada al escenario con humor \u00e1cido y un tono que conecta directamente con la actualidad, demostrando la vigencia del legado berlanguiano.<\/p>\n<p>La Sala Peque\u00f1a Margarita Xirgu refuerza en 2026 su identidad como espacio de riesgo, introspecci\u00f3n y protagonismo actoral. El a\u00f1o comienza con \u00abNoche\u00bb, versi\u00f3n esc\u00e9nica sobre textos de Alejandro Sawa, que se representar\u00e1 entre enero y febrero.<\/p>\n<p>Entre febrero y marzo se presenta \u00abEl nudo gordiano\u00bb, de Johnna Adams, con direcci\u00f3n de Israel Elejalde. Este intenso duelo psicol\u00f3gico aborda las relaciones familiares, los secretos y las heridas del pasado, planteando un conflicto emocional de gran densidad dram\u00e1tica.<\/p>\n<p>La temporada avanza con \u00abTras el ensayo\u00bb, de Ingmar Bergman, dirigida por Ernesto Caballero, entre abril y mayo. El texto del cineasta sueco propone una reflexi\u00f3n metateatral sobre la creaci\u00f3n art\u00edstica, la memoria y la compleja relaci\u00f3n entre maestro y disc\u00edpula.<\/p>\n<p>Entre mayo y junio llega \u00abHamlet.01\u00bb, de Sergi Belbel, con Enric Cambray. Esta reinterpretaci\u00f3n fragmentaria del cl\u00e1sico de Shakespeare propone una mirada contempor\u00e1nea, ir\u00f3nica y l\u00fadica sobre uno de los personajes m\u00e1s emblem\u00e1ticos de la historia del teatro. El cierre de la temporada en esta sala lo pone \u00abFarsa y licencia de la reina castiza\u00bb, de Valle-Incl\u00e1n, dirigida por Ana Zamora, entre junio y julio, recuperando el tono grotesco y cr\u00edtico del autor gallego.<\/p>\n<p>El Sal\u00f3n de los Balcones Andrea D\u2019Odorico se consolida en 2026 como un espacio dedicado al formato peque\u00f1o, la recuperaci\u00f3n patrimonial y la autor\u00eda femenina. Entre enero y febrero se representa \u00abCumplea\u00f1os\u00bb, de Luisa Carn\u00e9s, una obra que rescata la mirada social y feminista de una de las escritoras m\u00e1s relevantes del siglo XX.<\/p>\n<p>A continuaci\u00f3n, entre febrero y marzo, llega \u00abConfidencias de artistas\u00bb, de Carmen de Burgos, una propuesta que combina literatura y escena para reflexionar sobre la identidad, la creaci\u00f3n art\u00edstica y la condici\u00f3n femenina. Entre marzo y abril se presenta \u00abCartas de mujeres\u00bb, de Jacinto Benavente.<\/p>\n<p>El ciclo contin\u00faa con \u00abTormenta\u00bb, de August Strindberg, entre abril y mayo, una obra intensa que indaga en las relaciones de poder y el conflicto psicol\u00f3gico en la pareja. Finalmente, el Sal\u00f3n de los Balcones cierra la temporada con \u00abCr\u00f3nica de un mal espa\u00f1ol\u00bb, inspirada en textos de Luis Garc\u00eda-Berlanga, entre junio y julio.<\/p>\n","protected":false},"excerpt":{"rendered":"El Teatro Espa\u00f1ol, ubicado en un edificio que ha sido teatro, iglesia y prisi\u00f3n a lo largo de&hellip;\n","protected":false},"author":2,"featured_media":312522,"comment_status":"","ping_status":"","sticky":false,"template":"","format":"standard","meta":{"footnotes":""},"categories":[173],"tags":[229,233,231,230,232,234,146,147,25,24,23],"class_list":{"0":"post-312521","1":"post","2":"type-post","3":"status-publish","4":"format-standard","5":"has-post-thumbnail","7":"category-arte-y-diseno","8":"tag-arte","9":"tag-arte-y-diseno","10":"tag-arts","11":"tag-arts-and-design","12":"tag-design","13":"tag-diseno","14":"tag-entertainment","15":"tag-entretenimiento","16":"tag-es","17":"tag-espana","18":"tag-spain"},"share_on_mastodon":{"url":"https:\/\/pubeurope.com\/@es\/115804424248517027","error":""},"_links":{"self":[{"href":"https:\/\/www.europesays.com\/es\/wp-json\/wp\/v2\/posts\/312521","targetHints":{"allow":["GET"]}}],"collection":[{"href":"https:\/\/www.europesays.com\/es\/wp-json\/wp\/v2\/posts"}],"about":[{"href":"https:\/\/www.europesays.com\/es\/wp-json\/wp\/v2\/types\/post"}],"author":[{"embeddable":true,"href":"https:\/\/www.europesays.com\/es\/wp-json\/wp\/v2\/users\/2"}],"replies":[{"embeddable":true,"href":"https:\/\/www.europesays.com\/es\/wp-json\/wp\/v2\/comments?post=312521"}],"version-history":[{"count":0,"href":"https:\/\/www.europesays.com\/es\/wp-json\/wp\/v2\/posts\/312521\/revisions"}],"wp:featuredmedia":[{"embeddable":true,"href":"https:\/\/www.europesays.com\/es\/wp-json\/wp\/v2\/media\/312522"}],"wp:attachment":[{"href":"https:\/\/www.europesays.com\/es\/wp-json\/wp\/v2\/media?parent=312521"}],"wp:term":[{"taxonomy":"category","embeddable":true,"href":"https:\/\/www.europesays.com\/es\/wp-json\/wp\/v2\/categories?post=312521"},{"taxonomy":"post_tag","embeddable":true,"href":"https:\/\/www.europesays.com\/es\/wp-json\/wp\/v2\/tags?post=312521"}],"curies":[{"name":"wp","href":"https:\/\/api.w.org\/{rel}","templated":true}]}}