{"id":312523,"date":"2025-12-29T19:08:07","date_gmt":"2025-12-29T19:08:07","guid":{"rendered":"https:\/\/www.europesays.com\/es\/312523\/"},"modified":"2025-12-29T19:08:07","modified_gmt":"2025-12-29T19:08:07","slug":"mediaset-aplica-cambios-para-anunciar-su-bateria-de-estrenos","status":"publish","type":"post","link":"https:\/\/www.europesays.com\/es\/312523\/","title":{"rendered":"Mediaset aplica cambios para anunciar su bater\u00eda de estrenos"},"content":{"rendered":"<p class=\"article-text\">\n        Los aires de cambio contin\u00faan soplando en <strong>Telecinco<\/strong>. En plena recta final de 2025, Mediaset ha sorprendido aplicando <strong>cambios <\/strong>en la<strong> voz corporativa<\/strong> que se escucha en las autopromociones de su principal cadena. Este movimiento estrat\u00e9gico afecta directamente a las piezas audiovisuales vinculadas a sus <a href=\"https:\/\/www.eldiario.es\/vertele\/noticias\/telecinco-videos-casados-a-primera-vista-el-precio-justo-alla-tu_1_12872997.html\" target=\"_blank\" data-mrf-recirculation=\"links-noticia\" class=\"link\" rel=\"nofollow noopener\">nuevos programas<\/a>, como es el caso de la cuarta edici\u00f3n de <strong>GH D\u00fao<\/strong>, <strong>El precio justo<\/strong><strong> <\/strong>o <strong>Casados a primera vista<\/strong>.\n    <\/p>\n<p>    <a href=\"https:\/\/www.eldiario.es\/vertele\/noticias\/gh-duo-confirma-segunda-concursante-reina-brillo-vivio-agria-bronca-jorge-javier_1_12874488.html\" data-mrf-recirculation=\"saber-mas\" data-dl-event=\"saber-mas\" rel=\"nofollow noopener\" target=\"_blank\"><\/p>\n<p class=\"know-more__title\">&#8216;GH D\u00fao&#8217; confirma como segunda concursante a una &#8216;reina del brillo&#8217; que vivi\u00f3 una agria bronca con Jorge Javier<\/p>\n<p>            <img decoding=\"async\" class=\"lazy\" loading=\"lazy\" data-src=\"https:\/\/static.eldiario.es\/clip\/622fae35-19be-4203-9ffe-e6f965d630fe_16-9-aspect-ratio_default_0.jpg\" src=\"data:image\/svg+xml,%3Csvg xmlns=\" http:=\"\" viewbox=\"0 0 880 495\" alt=\"'GH D\u00fao' confirma como segunda concursante a una 'reina del brillo' que vivi\u00f3 una agria bronca con Jorge Javier\"\/><\/p>\n<p>                        <\/a><\/p>\n<p class=\"article-text\">\n        Con la intenci\u00f3n de actualizar su imagen, Telecinco estren\u00f3 una<strong> <\/strong><a href=\"https:\/\/www.eldiario.es\/vertele\/videos\/actualidad\/telecinco-cambia-imagen-corporativa-logo-principal-unifica-color-blanco-nuevo-noche_8_11618005.html\" target=\"_blank\" data-mrf-recirculation=\"links-noticia\" class=\"link\" rel=\"nofollow noopener\"><strong>nueva l\u00ednea gr\u00e1fica<\/strong><\/a> en agosto de 2024. La cadena apost\u00f3 por el blanco como color principal, apoyado por un azul mucho m\u00e1s intenso, y un \u201cmodo noche\u201d que no termin\u00f3 de cuajar. Esta renovaci\u00f3n culmin\u00f3 en octubre del mismo a\u00f1o, estrenando <strong>doble voz corporativa<\/strong> masculina para sus piezas promocionales: una destinada a ficci\u00f3n y otra para el resto de la programaci\u00f3n.\n    <\/p>\n<p class=\"article-text\">\n        La estabilidad sonora de la cadena ha llegado a su fin despu\u00e9s de aproximadamente 14 meses. En una maniobra inesperada, implementada a finales de diciembre de 2025, Telecinco ha sorprendido con novedades en su <strong>voz corporativa<\/strong>, ahora<strong> femenina<\/strong>,<strong> <\/strong>para presentar su bater\u00eda de &#8216;novedades&#8217; para el arranque del pr\u00f3ximo a\u00f1o. Esta decisi\u00f3n coincide con el nombramiento de <strong>Unai Iparragirre<\/strong> como<strong> director de Antena<\/strong>, en sustituci\u00f3n de Javier L\u00f3pez Cuenllas.\n    <\/p>\n<p class=\"article-text\">\n        Esta <strong>nueva identidad sonora<\/strong> ya es una realidad, y se ha podido escuchar en las piezas publicitarias m\u00e1s recientes de la cadena. Las voces femeninas han asumido un protagonismo inesperado en las promociones de la<strong> cuarta edici\u00f3n de <\/strong><strong>GH D\u00fao<\/strong>, aportando un tono renovado al formato tras la <a href=\"https:\/\/www.eldiario.es\/vertele\/audiencias-tv\/gh-20-final-42-dias-telecinco-audiencias-explican-edicion-corta-historia_1_12849942.html\" target=\"_blank\" data-mrf-recirculation=\"links-noticia\" class=\"link\" rel=\"nofollow noopener\">cancelaci\u00f3n de <\/a><a href=\"https:\/\/www.eldiario.es\/vertele\/audiencias-tv\/gh-20-final-42-dias-telecinco-audiencias-explican-edicion-corta-historia_1_12849942.html\" target=\"_blank\" data-mrf-recirculation=\"links-noticia\" class=\"link\" rel=\"nofollow noopener\">Gran Hermano 20<\/a>. Del mismo modo, el cambio ha sido evidente en los anuncios sobre la <strong>vuelta de <\/strong><strong>El precio justo<\/strong>, con Carlos Sobera, y tambi\u00e9n en el <strong>regreso de <\/strong><strong>Casados a primera vista<\/strong>.\n    <\/p>\n<p class=\"article-text\">\n        A continuaci\u00f3n se recogen las <strong>nuevas autorpomociones<\/strong>, donde la voz femenina es protagonista:\n    <\/p>\n<blockquote class=\"twitter-tweet\" data-lang=\"es\"><p><a href=\"https:\/\/twitter.com\/X\/status\/2004668648146026764?ref_src=twsrc%5Etfw\" rel=\"nofollow noopener\" target=\"_blank\"><\/p><\/blockquote>\n<blockquote class=\"twitter-tweet\" data-lang=\"es\"><p><a href=\"https:\/\/twitter.com\/X\/status\/2005290659926970392?ref_src=twsrc%5Etfw\" rel=\"nofollow noopener\" target=\"_blank\"><\/p><\/blockquote>\n<blockquote class=\"twitter-tweet\" data-lang=\"es\"><p><a href=\"https:\/\/twitter.com\/X\/status\/2005612642933612809?ref_src=twsrc%5Etfw\" rel=\"nofollow noopener\" target=\"_blank\"><\/p><\/blockquote>\n<p class=\"article-text\">\n        Estas son las voces corporativas elegidas en octubre de 2024, que hasta ahora locutaban las autopromociones de Telecinco:\n    <\/p>\n<blockquote class=\"twitter-tweet\" data-lang=\"es\"><p><a href=\"https:\/\/twitter.com\/X\/status\/1975975247984886165?ref_src=twsrc%5Etfw\" rel=\"nofollow noopener\" target=\"_blank\"><\/p><\/blockquote>\n<blockquote class=\"twitter-tweet\" data-lang=\"es\"><p><a href=\"https:\/\/twitter.com\/X\/status\/1935100412543000777?ref_src=twsrc%5Etfw\" rel=\"nofollow noopener\" target=\"_blank\"><\/p><\/blockquote>\n<p>    La importancia de la voz corporativa<\/p>\n<p class=\"article-text\">\n        La voz corporativa es una parte fundamental para las cadenas de televisi\u00f3n, creando una <strong>identidad sonora<\/strong> que permita reforzar el reconocimiento entre la audiencia. Sorprende, por tanto, el cambio de rumbo que ha adoptado Mediaset poco m\u00e1s de un a\u00f1o despu\u00e9s de elegir a sus voces corporativas. Si <strong>el o\u00eddo tambi\u00e9n construye marca<\/strong>, es fundamental implementar una buena estrategia desde el origen para no confundir y conectar con los consumidores a nivel emocional.\n    <\/p>\n<p>    <a href=\"https:\/\/www.eldiario.es\/vertele\/noticias\/nando-escribano-actualiza-salud-ingresar-hospital-esperan-dias-alejado-trabajo_1_12875667.html\" data-mrf-recirculation=\"saber-mas-abajo\" data-dl-event=\"saber-mas-abajo\" rel=\"nofollow noopener\" target=\"_blank\"><\/p>\n<p class=\"know-more__title\">Nando Escribano actualiza su estado de salud tras ingresar en el hospital: \u201cMe esperan m\u00e1s d\u00edas alejado del trabajo\u201d<\/p>\n<p>            <img decoding=\"async\" class=\"lazy\" loading=\"lazy\" data-src=\"https:\/\/static.eldiario.es\/clip\/6ac2ab41-52d3-4fef-aecb-6a0246171d34_16-9-aspect-ratio_default_0.jpg\" src=\"data:image\/svg+xml,%3Csvg xmlns=\" http:=\"\" viewbox=\"0 0 880 495\" alt=\"Nando Escribano actualiza su estado de salud tras ingresar en el hospital: &quot;Me esperan m\u00e1s d\u00edas alejado del trabajo&quot;\"\/><\/p>\n<p>                        <\/a><\/p>\n<p class=\"article-text\">\n        M\u00e1s all\u00e1 de comunicar novedades, es crucial para mantener la <strong>atenci\u00f3n<\/strong> de los espectadores y generar una <strong>conexi\u00f3n emocional<\/strong> con los espectadores. Queda por ver cu\u00e1les son los siguientes pasos de Telecinco: \u00bfmantendr\u00e1 esta nueva voz para unirla a las existentes o, por contra, terminar\u00e1 por sustituirlas? Sea como fuere, Mediaset debe establecer las bases para construir una identidad auditiva coherente con sus contenidos y que perdure en el tiempo para ser reconocible.\n    <\/p>\n<p>                                    <script async src=\"https:\/\/platform.twitter.com\/widgets.js\" charset=\"utf-8\"><\/script><\/p>\n","protected":false},"excerpt":{"rendered":"Los aires de cambio contin\u00faan soplando en Telecinco. En plena recta final de 2025, Mediaset ha sorprendido aplicando&hellip;\n","protected":false},"author":2,"featured_media":312524,"comment_status":"","ping_status":"","sticky":false,"template":"","format":"standard","meta":{"footnotes":""},"categories":[171],"tags":[49675,3463,73404,146,147,25,24,1090,6750,7957,955,23,692,214,1447],"class_list":{"0":"post-312523","1":"post","2":"type-post","3":"status-publish","4":"format-standard","5":"has-post-thumbnail","7":"category-tv","8":"tag-bateria","9":"tag-cambios","10":"tag-corporativa","11":"tag-entertainment","12":"tag-entretenimiento","13":"tag-es","14":"tag-espana","15":"tag-estrategia","16":"tag-estrenos","17":"tag-giro","18":"tag-mediaset","19":"tag-spain","20":"tag-telecinco","21":"tag-tv","22":"tag-voz"},"share_on_mastodon":{"url":"https:\/\/pubeurope.com\/@es\/115804432922420100","error":""},"_links":{"self":[{"href":"https:\/\/www.europesays.com\/es\/wp-json\/wp\/v2\/posts\/312523","targetHints":{"allow":["GET"]}}],"collection":[{"href":"https:\/\/www.europesays.com\/es\/wp-json\/wp\/v2\/posts"}],"about":[{"href":"https:\/\/www.europesays.com\/es\/wp-json\/wp\/v2\/types\/post"}],"author":[{"embeddable":true,"href":"https:\/\/www.europesays.com\/es\/wp-json\/wp\/v2\/users\/2"}],"replies":[{"embeddable":true,"href":"https:\/\/www.europesays.com\/es\/wp-json\/wp\/v2\/comments?post=312523"}],"version-history":[{"count":0,"href":"https:\/\/www.europesays.com\/es\/wp-json\/wp\/v2\/posts\/312523\/revisions"}],"wp:featuredmedia":[{"embeddable":true,"href":"https:\/\/www.europesays.com\/es\/wp-json\/wp\/v2\/media\/312524"}],"wp:attachment":[{"href":"https:\/\/www.europesays.com\/es\/wp-json\/wp\/v2\/media?parent=312523"}],"wp:term":[{"taxonomy":"category","embeddable":true,"href":"https:\/\/www.europesays.com\/es\/wp-json\/wp\/v2\/categories?post=312523"},{"taxonomy":"post_tag","embeddable":true,"href":"https:\/\/www.europesays.com\/es\/wp-json\/wp\/v2\/tags?post=312523"}],"curies":[{"name":"wp","href":"https:\/\/api.w.org\/{rel}","templated":true}]}}