{"id":312525,"date":"2025-12-29T19:09:29","date_gmt":"2025-12-29T19:09:29","guid":{"rendered":"https:\/\/www.europesays.com\/es\/312525\/"},"modified":"2025-12-29T19:09:29","modified_gmt":"2025-12-29T19:09:29","slug":"los-discos-mas-esperados-de-2026-de-olivia-rodrigo-a-bad-gyal","status":"publish","type":"post","link":"https:\/\/www.europesays.com\/es\/312525\/","title":{"rendered":"Los discos m\u00e1s esperados de 2026: de Olivia Rodrigo a Bad Gyal"},"content":{"rendered":"<p>Ahora s\u00ed: <b>la cuenta atr\u00e1s para el 2026 ha comenzado.<\/b> No queda nada para que demos la bienvenida al nuevo a\u00f1o. Y parece que va a venir cargado de sorpresas musicales. Aunque 2025 ha sido un a\u00f1o redondo musical <a href=\"https:\/\/los40.com\/2025\/12\/20\/las-mejores-discos-de-2025-segun-la-redaccion-de-los40\/\" target=\"_blank\" rel=\"nofollow noopener\" title=\"https:\/\/los40.com\/2025\/12\/20\/las-mejores-discos-de-2025-segun-la-redaccion-de-los40\/\">(con los lanzamientos de LUX, DTMF, The Life of a Showgirl o Cuarto Azul)<\/a>, el 2026 no se va a quedar atr\u00e1s. Porque s\u00ed, muchos de nuestros artistas favoritos ya est\u00e1n preparando sus regresos musicales en forma de disco.<\/p>\n<p>En LOS40 recopilamos algunos de los discos m\u00e1s esperados de 2026. Y es que se viene un a\u00f1o lleno de discazos. <\/p>\n<p>Ana Mena<\/p>\n<p><a href=\"https:\/\/los40.com\/2025\/08\/06\/ana-mena-elige-single-de-su-nuevo-disco-volvemos-a-arrancar\/\" target=\"_blank\" rel=\"nofollow noopener\" title=\"https:\/\/los40.com\/2025\/08\/06\/ana-mena-elige-single-de-su-nuevo-disco-volvemos-a-arrancar\/\"><b>2026 va a ser el a\u00f1o de Ana Mena.<\/b><\/a> La malague\u00f1a est\u00e1 terminando su tercer \u00e1lbum de estudio. Un disco que llegar\u00e1 tras descartar varios proyectos y en el que lleva trabajando m\u00e1s de un a\u00f1o. Tras el \u00e9xito de Bellodrama, Ana Mena ha pasado m\u00e1s de un a\u00f1o trabajando en un proyecto que define como \u201cm\u00e1s adulto, sexy y nocturno\u201d, con influencias setenteras y un sonido org\u00e1nico que refleja su evoluci\u00f3n art\u00edstica. <b>\u201cHe escrito desde el coraz\u00f3n, sin prisas\u201d,<\/b> confes\u00f3 en una entrevista para LOS40.com, dejando claro que esta vez busca sinceridad y frescura en cada tema.<\/p>\n<p><img decoding=\"async\" src=\"https:\/\/los40.com\/pf\/resources\/img\/logo-40-v-c.svg?d=922\" alt=\"LOS40\" class=\"i-pro\" width=\"68\" height=\"68\" loading=\"lazy\"\/><\/p>\n<p>Como adelanto, ya hemos escuchado L\u00e1rgate, un single que bebe directamente de aquel pop italiano melanc\u00f3lico que tan bien funcionaba en los a\u00f1os setenta. Lo que promete una nueva era cargada de letras honestas, ritmos menos cauto y un toque retro que promete sorprender. Aunque a\u00fan no hay fecha oficial de lanzamiento, Ana Mena ya piensa en una gira para 2026 y ha confirmado su presencia en festivales como el Weekend Beach. <\/p>\n<p><img decoding=\"async\" src=\"https:\/\/www.europesays.com\/es\/wp-content\/uploads\/2025\/12\/OGS3V5AGUVBDBAZ7E7UFWKZMRM.jpg\" alt=\"Ana Mena en LOS40 Music Awards Santander 2025.\" width=\"4\" height=\"3\"  loading=\"lazy\"\/><\/p>\n<p>Ana Mena en LOS40 Music Awards Santander 2025. \/ Aldara Zarraoa<\/p>\n<p>Ampliar<img decoding=\"async\" src=\"https:\/\/www.europesays.com\/es\/wp-content\/uploads\/2025\/12\/1767035354_767_OGS3V5AGUVBDBAZ7E7UFWKZMRM.jpg\" alt=\"Ana Mena en LOS40 Music Awards Santander 2025.\" width=\"4\" height=\"3\" loading=\"lazy\"\/><\/p>\n<p>Ana Mena en LOS40 Music Awards Santander 2025. \/ Aldara Zarraoa<\/p>\n<p>CerrarOlivia Rodrigo<\/p>\n<p>Tras completar su gira mundial de GUTS en agosto de 2025, <b>Olivia Rodrigo <\/b>comenz\u00f3 a dejar pistas sobre el cierre de esa etapa y la llegada de su siguiente proyecto, <a href=\"https:\/\/los40.com\/2025\/11\/19\/olivia-rodrigo-vuelve-al-estudio-esta-su-tercer-album-cerca\/\" target=\"_blank\" rel=\"nofollow noopener\" title=\"https:\/\/los40.com\/2025\/11\/19\/olivia-rodrigo-vuelve-al-estudio-esta-su-tercer-album-cerca\/\">conocido por ahora como OR3<\/a>. Durante su actuaci\u00f3n en el festival Osheaga, la cantante apareci\u00f3 con una camiseta roja adornada con el n\u00famero 3 que encendi\u00f3 las alarmas entre sus seguidores, que tambi\u00e9n lo confirmaron con detalles como el \u201cy3t\u201d en su newsletter. En octubre, Olivia anunci\u00f3 oficialmente en una colaboraci\u00f3n con American Express que \u201cya est\u00e1 en casa, trabajando en mi nuevo \u00e1lbum\u201d y se mostr\u00f3 entusiasmada por poder aplicar en el estudio todo lo que aprendi\u00f3 durante la gira. Adem\u00e1s, siguiendo los antecedentes de Olivia, cada dos a\u00f1os y medio lanza \u00e1lbum. \u00bfSer\u00e1 este 2026 cuando saque su nuevo trabajo?<\/p>\n<p><img decoding=\"async\" src=\"https:\/\/www.europesays.com\/es\/wp-content\/uploads\/2025\/12\/FPR7LHRNDBFPZBXE7ZLFV4ADEQ.jpg\" alt=\"Olivia Rodrigo en los GQ Men Of The Year en Los \u00c1ngeles\" width=\"4\" height=\"3\"  loading=\"lazy\"\/><\/p>\n<p>Olivia Rodrigo en los GQ Men Of The Year en Los \u00c1ngeles \/ JC Olivera<\/p>\n<p>Ampliar<img decoding=\"async\" src=\"https:\/\/www.europesays.com\/es\/wp-content\/uploads\/2025\/12\/1767035356_379_FPR7LHRNDBFPZBXE7ZLFV4ADEQ.jpg\" alt=\"Olivia Rodrigo en los GQ Men Of The Year en Los \u00c1ngeles\" width=\"4\" height=\"3\" loading=\"lazy\"\/><\/p>\n<p>Olivia Rodrigo en los GQ Men Of The Year en Los \u00c1ngeles \/ JC Olivera<\/p>\n<p>CerrarHarry Styles<\/p>\n<p><a href=\"https:\/\/los40.com\/2025\/12\/29\/harry-styles-publica-discretamente-el-video-de-forever-forever-el-regreso-o-la-retirada\/\" target=\"_blank\" rel=\"nofollow noopener\" title=\"https:\/\/los40.com\/2025\/12\/29\/harry-styles-publica-discretamente-el-video-de-forever-forever-el-regreso-o-la-retirada\/\"><b>Harry Styles<\/b><\/a> sigue alimentando el misterio con una reaparici\u00f3n silenciosa. <b>El 27 de diciembre de 2025 lanz\u00f3 un emotivo video en YouTube titulado \u201cForever, Forever\u201d<\/b>, donde interpreta al piano una balada in\u00e9dita durante la \u00faltima noche de su gira Love on Tour en Reggio Emilia. El clip acaba con un mensaje en pantalla: <b>\u201cWE\u202fBELONG\u202fTOGETHER\u201d,<\/b> lo que ha sido interpretado por muchos como una se\u00f1al clara del inicio de una nueva era y del pr\u00f3ximo \u00e1lbum. Adem\u00e1s, la aparici\u00f3n de una web cr\u00edptica vinculada al v\u00eddeo ha disparado a\u00fan m\u00e1s los rumores sobre una gira y nuevo disco para 2026. <\/p>\n<p>Con una pausa creativa que lo ha llevado desde estudios clandestinos en Berl\u00edn hasta sesiones secretas en Abbey Road junto a Kid Harpoon, Harry parece estar perfilando un sonido renovado. Seg\u00fan fuentes, ya tendr\u00eda varias canciones terminadas y el lanzamiento de HS4 estar\u00eda planeado para principios o mediados de 2026. Mientras tanto, sus fan\u00e1ticos siguen atentos a cada pista: cada paso suyo \u2014desde maratones a tributos a Christine McVie\u2014 se interpreta como parte de su preparaci\u00f3n para regresar con fuerza a la m\u00fasica. Tendremos que esperar para ver si realmente se cumple. <\/p>\n<p><img decoding=\"async\" src=\"https:\/\/www.europesays.com\/es\/wp-content\/uploads\/2025\/12\/7VP23CYWLRCMBB3HQ7C42WBAFU.jpg\" alt=\"Harry Styles en la Semana de la Moda de Londres de 2025\" width=\"16\" height=\"9\"  loading=\"lazy\"\/><\/p>\n<p>Harry Styles en la Semana de la Moda de Londres de 2025 \/ WWD<\/p>\n<p>Ampliar<img decoding=\"async\" src=\"https:\/\/www.europesays.com\/es\/wp-content\/uploads\/2025\/12\/1767035359_835_7VP23CYWLRCMBB3HQ7C42WBAFU.jpg\" alt=\"Harry Styles en la Semana de la Moda de Londres de 2025\" width=\"16\" height=\"9\" loading=\"lazy\"\/><\/p>\n<p>Harry Styles en la Semana de la Moda de Londres de 2025 \/ WWD<\/p>\n<p>CerrarLeire Mart\u00ednez<\/p>\n<p>Tras cerrar su ciclo con La Oreja de Van Gogh, Leire Mart\u00ednez se lanza en solitario con<a href=\"https:\/\/los40.com\/2025\/12\/09\/leire-martinez-anuncia-historias-de-aquella-nina-portada-fecha-y-tracklist-de-su-primer-disco-en-solitario\/\" target=\"_blank\" rel=\"nofollow noopener\" title=\"https:\/\/los40.com\/2025\/12\/09\/leire-martinez-anuncia-historias-de-aquella-nina-portada-fecha-y-tracklist-de-su-primer-disco-en-solitario\/\"> Historias de aquella ni\u00f1a, <\/a>su primer \u00e1lbum fuera del grupo, que llegar\u00e1 el 20 de febrero de 2026. El proyecto, compuesto por 12 canciones, promete mostrar su lado m\u00e1s \u00edntimo y valiente, con letras autobiogr\u00e1ficas y colaboraciones de lujo como Abraham Mateo, Edurne, Miranda! y Andr\u00e9s Su\u00e1rez. Ya hemos escuchado adelantos como Mi nombre y Tres deseos, que marcan el tono de esta nueva era.<\/p>\n<p>Para celebrarlo, Leire prepara el Aquella Ni\u00f1a Tour, que recorrer\u00e1 Espa\u00f1a y cruzar\u00e1 el charco hacia Latinoam\u00e9rica y Estados Unidos en primavera. Con este disco, la artista busca escribir \u201cpara s\u00ed misma\u201d y dejar atr\u00e1s las etiquetas, apostando por una propuesta madura y sincera que la consolida como una voz propia en el pop espa\u00f1ol.<\/p>\n<p><img decoding=\"async\" src=\"https:\/\/www.europesays.com\/es\/wp-content\/uploads\/2025\/12\/ZNOYGCBWL5CTJKXBMJLV426C6M.jpg\" alt=\"Leire Martinez, en la gala Mr Gay en Espa\u00f1a\" width=\"4\" height=\"3\"  loading=\"lazy\"\/><\/p>\n<p>Leire Martinez, en la gala Mr Gay en Espa\u00f1a \/ Europa Press News<\/p>\n<p>Ampliar<img decoding=\"async\" src=\"https:\/\/www.europesays.com\/es\/wp-content\/uploads\/2025\/12\/1767035361_822_ZNOYGCBWL5CTJKXBMJLV426C6M.jpg\" alt=\"Leire Martinez, en la gala Mr Gay en Espa\u00f1a\" width=\"4\" height=\"3\" loading=\"lazy\"\/><\/p>\n<p>Leire Martinez, en la gala Mr Gay en Espa\u00f1a \/ Europa Press News<\/p>\n<p>CerrarLana del Rey<\/p>\n<p>Despu\u00e9s de tres a\u00f1os sin publicar material propio, Lana del Rey vuelve<b> a escena con <\/b><b>Stove<\/b>, su esperado nuevo \u00e1lbum que ver\u00e1 la luz a <b>finales de enero de 2026.<\/b> El proyecto, que en sus primeras fases baraj\u00f3 t\u00edtulos como Lasso o The Right Person Will Stay, cuenta con la producci\u00f3n de Jack Antonoff, colaborador habitual de la artista. Como adelanto, ya hemos escuchado tres sencillos: Henry, Come On y Bluebird, que marcan el tono de esta nueva etapa.<\/p>\n<p>En Stove, Lana apuesta por un sonido m\u00e1s org\u00e1nico, influido por el folk y el country, sin perder su sello caracter\u00edstico: letras \u00edntimas y confesiones autobiogr\u00e1ficas que conectan con su universo melanc\u00f3lico. Todo apunta a que este disco ser\u00e1 uno de los lanzamientos m\u00e1s comentados del inicio de 2026, consolidando a Lana como una de las voces m\u00e1s personales y vers\u00e1tiles del panorama internacional.<\/p>\n<p><img decoding=\"async\" src=\"https:\/\/www.europesays.com\/es\/wp-content\/uploads\/2025\/12\/YNJA3H3OVZHMJATHAFF62GZVIE.jpg\" alt=\"Lana Del Rey en un evento de Variety en Los \u00c1ngeles, diciembre de 2024.\" width=\"4\" height=\"3\"  loading=\"lazy\"\/><\/p>\n<p>Lana Del Rey en un evento de Variety en Los \u00c1ngeles, diciembre de 2024. \/ Matt Winkelmeyer<\/p>\n<p>Ampliar<img decoding=\"async\" src=\"https:\/\/www.europesays.com\/es\/wp-content\/uploads\/2025\/12\/1767035363_779_YNJA3H3OVZHMJATHAFF62GZVIE.jpg\" alt=\"Lana Del Rey en un evento de Variety en Los \u00c1ngeles, diciembre de 2024.\" width=\"4\" height=\"3\" loading=\"lazy\"\/><\/p>\n<p>Lana Del Rey en un evento de Variety en Los \u00c1ngeles, diciembre de 2024. \/ Matt Winkelmeyer<\/p>\n<p>CerrarCharli XCX<\/p>\n<p>El pr\u00f3ximo <b>13 de febrero de 2026<\/b>, Charli XCX dar\u00e1 un giro radical a su carrera con<b> <\/b><b>Wuthering Heights<\/b><b>,<\/b> un disco que servir\u00e1 como banda sonora para la nueva adaptaci\u00f3n cinematogr\u00e1fica de la novela de Emily Bront\u00eb. El \u00e1lbum se publicar\u00e1 el mismo d\u00eda que la pel\u00edcula llegue a los cines, y la artista ya ha adelantado que ser\u00e1 \u201ctotalmente diferente\u201d a todo lo que ha hecho antes. Este trabajo promete sumergirnos en un universo oscuro y atmosf\u00e9rico, dise\u00f1ado para reflejar la intensidad del cl\u00e1sico literario.<\/p>\n<p>Los primeros adelantos, House \u2014junto a John Cale\u2014 y Chains of Love, anticipan un sonido cargado de dramatismo, con tintes g\u00f3ticos, melanc\u00f3licos y emocionales. Charli apostar\u00e1 por texturas profundas y cinematogr\u00e1ficas que la alejar\u00e1n de su faceta m\u00e1s pop para explorar un territorio m\u00e1s experimental y narrativo. Todo apunta a que Wuthering Heights ser\u00e1 uno de los lanzamientos m\u00e1s comentados del 2026, conquistando tanto a sus fans como a los amantes del cine y la m\u00fasica alternativa.<\/p>\n<p><img decoding=\"async\" src=\"https:\/\/www.europesays.com\/es\/wp-content\/uploads\/2025\/12\/O5WI7SZNYJBOJEAEXGTNKXLWA4.jpg\" alt=\"Charli XCX en la gala anual del Academy Museum, 18 de octubre de 2025.\" width=\"4\" height=\"3\"  loading=\"lazy\"\/><\/p>\n<p>Charli XCX en la gala anual del Academy Museum, 18 de octubre de 2025. \/ Gilbert Flores<\/p>\n<p>Ampliar<img decoding=\"async\" src=\"https:\/\/www.europesays.com\/es\/wp-content\/uploads\/2025\/12\/1767035366_317_O5WI7SZNYJBOJEAEXGTNKXLWA4.jpg\" alt=\"Charli XCX en la gala anual del Academy Museum, 18 de octubre de 2025.\" width=\"4\" height=\"3\" loading=\"lazy\"\/><\/p>\n<p>Charli XCX en la gala anual del Academy Museum, 18 de octubre de 2025. \/ Gilbert Flores<\/p>\n<p>CerrarGorillaz<\/p>\n<p>El pr\u00f3ximo 20 de marzo de 2026, la banda brit\u00e1nica Gorillaz publicar\u00e1 The Mountain, un disco que promete ser uno de los lanzamientos m\u00e1s ambiciosos de su carrera. Este proyecto llegar\u00e1 cargado de novedades y colaboraciones sorprendentes: desde el rapero argentino Trueno hasta el icono de la m\u00fasica \u00e1rabe Omar Souleyman, pasando por voces p\u00f3stumas como Bobby Womack y Dennis Hopper. Todo apunta a un \u00e1lbum global, con letras en varios idiomas y grabaciones realizadas en estudios de Londres, India y Estados Unidos.<\/p>\n<p>Un viaje sonoro multicultural y experimentalPor lo que se ha adelantado, Gorillaz explorar\u00e1 nuevos territorios sonoros, mezclando ritmos urbanos, influencias orientales y su caracter\u00edstico esp\u00edritu alternativo. Con esta propuesta, Damon Albarn y compa\u00f1\u00eda buscar\u00e1n llevar su concepto visual y musical a otro nivel, ofreciendo un disco que ser\u00e1 tan diverso como los lugares donde se ha gestado. The Mountain promete convertirse en una experiencia \u00fanica para los fans y en uno de los grandes hitos musicales del 2026.<\/p>\n<p>Bad Gyal<\/p>\n<p><a href=\"https:\/\/los40.com\/2025\/09\/26\/bad-gyal-anuncia-disco-para-2026\/\" target=\"_blank\" rel=\"nofollow noopener\" title=\"https:\/\/los40.com\/2025\/09\/26\/bad-gyal-anuncia-disco-para-2026\/\"><b>Bad Gyal lanzar\u00e1 su segundo \u00e1lbum de estudio en el 2026,<\/b><\/a> cerrando una etapa \u00e9pica tras su \u00e9xito con La Joia (2024). El anuncio lleg\u00f3 durante los Premios Juventud en Panam\u00e1, donde tambi\u00e9n estren\u00f3 en televisi\u00f3n su hit Da Me. Adem\u00e1s, present\u00f3 el tema Ella junto a Zion, anticipando una nueva entrega discogr\u00e1fica que promete consolidar su mezcla de dancehall, reggaet\u00f3n y electr\u00f3nica y llevar su sonido a un p\u00fablico a\u00fan m\u00e1s global. <\/p>\n<p>Junto al \u00e1lbum llegar\u00e1 tambi\u00e9n una gira ambiciosa en Espa\u00f1a, recorriendo grandes recintos como Palau Sant Jordi o Movistar Arena, para demostrar que su dominio esc\u00e9nico no conoce l\u00edmites. Asimismo, ya ha sido confirmada como headliner del Primavera Sound 2026, lo que refuerza el giro internacional de su carrera. Este 2026 ser\u00e1, sin duda, un a\u00f1o clave para Bad Gyal, que regresar\u00e1 con fuerza, actitud y una propuesta renovada.<\/p>\n<p><img decoding=\"async\" src=\"https:\/\/www.europesays.com\/es\/wp-content\/uploads\/2025\/12\/PT7D4IEMMZG3HC5YXNNG46SK6U.jpg\" alt=\"Bad Gyal en la alfombra roja de los Premios GQ Men Of The Year, en el Museo Reina Sof\u00eda, 19 de noviembre de 2025.\" width=\"4\" height=\"3\"  loading=\"lazy\"\/><\/p>\n<p>Bad Gyal en la alfombra roja de los Premios GQ Men Of The Year, en el Museo Reina Sof\u00eda, 19 de noviembre de 2025. \/ Pablo Cuadra<\/p>\n<p>Ampliar<img decoding=\"async\" src=\"https:\/\/www.europesays.com\/es\/wp-content\/uploads\/2025\/12\/1767035369_64_PT7D4IEMMZG3HC5YXNNG46SK6U.jpg\" alt=\"Bad Gyal en la alfombra roja de los Premios GQ Men Of The Year, en el Museo Reina Sof\u00eda, 19 de noviembre de 2025.\" width=\"4\" height=\"3\" loading=\"lazy\"\/><\/p>\n<p>Bad Gyal en la alfombra roja de los Premios GQ Men Of The Year, en el Museo Reina Sof\u00eda, 19 de noviembre de 2025. \/ Pablo Cuadra<\/p>\n<p>CerrarMadonna<\/p>\n<p>Madonna regresar\u00e1 en 2026 con un nuevo \u00e1lbum de estudio, su primer proyecto desde Madame\u202fX (2019), marcando un retorno al sonido dance que la llev\u00f3 al estrellato. Ha firmado de nuevo con Warner Records, la discogr\u00e1fica que la lanz\u00f3 y con la que colabor\u00f3 durante los primeros 25 a\u00f1os de su carrera, y se reunir\u00e1 con el productor Stuart Price, responsable de su ic\u00f3nico Confessions on a Dance Floor (2005). El proyecto, a\u00fan sin t\u00edtulo oficial, ha sido descrito por la artista como una \u201cparte 2\u201d de ese legendario disco, confirmado como un regreso a las ra\u00edces de la pista de baile. <\/p>\n<p>Se espera que este nuevo \u00e1lbum explore un electropop sofisticado y energ\u00e9tico, repleto de ritmos vibrantes y potencial para nuevos \u00e9xitos de club, evocando la misma energ\u00eda que llev\u00f3 a singles como \u201cHung Up\u201d o \u201cSorry\u201d al n\u00famero uno. Aunque no ha anunciado una fecha exacta de lanzamiento ni t\u00edtulo, la confirmaci\u00f3n del regreso a Warner y su equipo de producci\u00f3n arrojan pistas claras: Madonna est\u00e1 lista para volver \u201ca la pista de baile\u201d y sorprender de nuevo con su reinvenci\u00f3n musical en 2026<\/p>\n","protected":false},"excerpt":{"rendered":"Ahora s\u00ed: la cuenta atr\u00e1s para el 2026 ha comenzado. No queda nada para que demos la bienvenida&hellip;\n","protected":false},"author":2,"featured_media":312526,"comment_status":"","ping_status":"","sticky":false,"template":"","format":"standard","meta":{"footnotes":""},"categories":[170],"tags":[146,147,25,24,73405,184,185,14994,35088,73406,23,73407,14995],"class_list":{"0":"post-312525","1":"post","2":"type-post","3":"status-publish","4":"format-standard","5":"has-post-thumbnail","7":"category-musica","8":"tag-entertainment","9":"tag-entretenimiento","10":"tag-es","11":"tag-espana","12":"tag-lfw","13":"tag-music","14":"tag-musica","15":"tag-pmcarc","16":"tag-rtw","17":"tag-s-s-daley","18":"tag-spain","19":"tag-spring-2025","20":"tag-topics"},"share_on_mastodon":{"url":"https:\/\/pubeurope.com\/@es\/115804436407579120","error":""},"_links":{"self":[{"href":"https:\/\/www.europesays.com\/es\/wp-json\/wp\/v2\/posts\/312525","targetHints":{"allow":["GET"]}}],"collection":[{"href":"https:\/\/www.europesays.com\/es\/wp-json\/wp\/v2\/posts"}],"about":[{"href":"https:\/\/www.europesays.com\/es\/wp-json\/wp\/v2\/types\/post"}],"author":[{"embeddable":true,"href":"https:\/\/www.europesays.com\/es\/wp-json\/wp\/v2\/users\/2"}],"replies":[{"embeddable":true,"href":"https:\/\/www.europesays.com\/es\/wp-json\/wp\/v2\/comments?post=312525"}],"version-history":[{"count":0,"href":"https:\/\/www.europesays.com\/es\/wp-json\/wp\/v2\/posts\/312525\/revisions"}],"wp:featuredmedia":[{"embeddable":true,"href":"https:\/\/www.europesays.com\/es\/wp-json\/wp\/v2\/media\/312526"}],"wp:attachment":[{"href":"https:\/\/www.europesays.com\/es\/wp-json\/wp\/v2\/media?parent=312525"}],"wp:term":[{"taxonomy":"category","embeddable":true,"href":"https:\/\/www.europesays.com\/es\/wp-json\/wp\/v2\/categories?post=312525"},{"taxonomy":"post_tag","embeddable":true,"href":"https:\/\/www.europesays.com\/es\/wp-json\/wp\/v2\/tags?post=312525"}],"curies":[{"name":"wp","href":"https:\/\/api.w.org\/{rel}","templated":true}]}}