{"id":312529,"date":"2025-12-29T19:12:08","date_gmt":"2025-12-29T19:12:08","guid":{"rendered":"https:\/\/www.europesays.com\/es\/312529\/"},"modified":"2025-12-29T19:12:08","modified_gmt":"2025-12-29T19:12:08","slug":"cuando-la-tecnologia-y-la-colaboracion-transforman-el-cuidado-de-las-personas-con-vih","status":"publish","type":"post","link":"https:\/\/www.europesays.com\/es\/312529\/","title":{"rendered":"Cuando la tecnolog\u00eda y la colaboraci\u00f3n transforman el cuidado de las personas con VIH"},"content":{"rendered":"<p><strong>G.M.C.<\/strong><br \/>La <strong>innovaci\u00f3n<\/strong> no tiene que ser siempre sin\u00f3nimo de un nuevo f\u00e1rmaco para tratar una enfermedad. Una idea sencilla, que parta de un servicio hospitalario o de un equipo de atenci\u00f3n primaria puede innovar la forma en la que se atiende a los pacientes para que puedan ganar en calidad de vida. Otras veces, el trabajo de profesionales de distintas disciplinas en un hospital puede dar como resultado una aplicaci\u00f3n m\u00f3vil que simplifique el trabajo diario del m\u00e9dico y el d\u00eda a d\u00eda de los pacientes, que pueden resolver dudas y contactar con su enfermera o con su especialista sin moverse de casa y de manera r\u00e1pida.<\/p>\n<p>Desde <strong>aplicaciones<\/strong> que muestran a los pacientes su calendario de citas, en el que hacer cambios si no pueden acudir y reciben recordatorios de cu\u00e1ndo recoger y tomar su medicaci\u00f3n, hasta herramientas que permiten al especialista generar una cohorte de sus pacientes y estratificarlos en funci\u00f3n de una serie de par\u00e1metros en 15 minutos.<\/p>\n<p><img fetchpriority=\"high\" decoding=\"async\" class=\"aligncenter wp-image-355412 size-large\" src=\"data:image\/svg+xml,%3Csvg%20xmlns=\" http:=\"\" alt=\"tecnolog\u00eda-colaboraci\u00f3n-VIH\" width=\"640\" height=\"427\" data-lazy- data-lazy- data-lazy-src=\"https:\/\/www.europesays.com\/es\/wp-content\/uploads\/2025\/12\/Transformaccion-1024x683.jpg\"\/><\/p>\n<p>Casi una decena de iniciativas as\u00ed, de las que facilitan la vida a los pacientes y optimizan la labor profesional de sus m\u00e9dicos, se han presentado en Madrid. Profesionales sanitarios, gestores, y organizaciones no gubernamentales compartieron e intercambiaron conocimientos, experiencias y herramientas con el objetivo de mejorar la calidad de vida de estas personas con una infecci\u00f3n cr\u00f3nica, a las que los avances cient\u00edficos les han permitido pasar de una enfermedad fatal a poder estar sanos y tener una esperanza de vida como el resto de la poblaci\u00f3n, pero que a\u00fan enfrentan retos como el estigma social.<\/p>\n<p>Hii Future, as\u00ed se llama la iniciativa impulsada por la compa\u00f1\u00eda ViiV Healthcare, busca ser el punto de encuentro de los profesionales sanitarios que investigan y tratan cada d\u00eda a personas con VIH<\/p>\n<p><img loading=\"lazy\" decoding=\"async\" class=\"size-medium wp-image-355413 alignleft\" src=\"data:image\/svg+xml,%3Csvg%20xmlns=\" http:=\"\" alt=\"tecnolog\u00eda-colaboraci\u00f3n- VIH\" width=\"300\" height=\"200\" data-lazy- data-lazy- data-lazy-src=\"https:\/\/www.europesays.com\/es\/wp-content\/uploads\/2025\/12\/Mesa-Hii-Future-300x200.jpg\"\/>Estos proyectos y otros muchos, forman parte de una plataforma pensada para impulsar la innovaci\u00f3n colaborativa en VIH m\u00e1s all\u00e1 del medicamento. <strong>Hii Future<\/strong>, as\u00ed se llama la iniciativa impulsada por la compa\u00f1\u00eda <strong>ViiV Healthcare<\/strong>, busca ser el punto de encuentro de los profesionales sanitarios que investigan y tratan cada d\u00eda a personas con VIH en cualquier punto de Espa\u00f1a, de gestores que buscan optimizar recursos y dar la mejor atenci\u00f3n posible, de las ONG que trabajan desde la comunidad en el apoyo a las personas con VIH y de las propias organizaciones sociales comunitarias.<\/p>\n<p>Se trata de \u201ccompartir soluciones reales que dan respuestas a problemas reales\u201d, apunt\u00f3 el <strong>Dr. Jos\u00e9 Mart\u00edn Herrero<\/strong>, director m\u00e9dico de ViiV Healthcare, \u201cejemplos que tienen la capacidad de transformar el cuidado de las personas con VIH con un ecosistema de nuevas soluciones tecnol\u00f3gicas\u201d. La plataforma se estructura en tres ejes; uno centrado en asistencia y cuidados, otro en alianzas y participaci\u00f3n y un tercero de trasferencia de conocimiento.<\/p>\n<p>La iniciativa se centra en transformar los modelos de atenci\u00f3n a estos pacientes, pero tambi\u00e9n de prevenci\u00f3n y de participaci\u00f3n de todos los implicados<\/p>\n<p>La iniciativa, que se plantea como una palanca de impulso de la innovaci\u00f3n colaborativa en la respuesta que da Espa\u00f1a al VIH, se centra en transformar los modelos de atenci\u00f3n a estos pacientes, pero tambi\u00e9n de prevenci\u00f3n y de participaci\u00f3n de todos los implicados. Es una evoluci\u00f3n del proyecto National Policy, que pusieron en marcha <strong>GeSIDA,<\/strong> <strong>Seisida<\/strong> y <strong>ViiV Healthcare<\/strong>, con el impulso de <strong>SI-Health<\/strong> y el apoyo de <strong>Cesida<\/strong>, hace casi una d\u00e9cada. Aquella idea gener\u00f3 un \u201cmodelo \u00f3ptimo\u201d de atenci\u00f3n a personas con VIH y herramientas para estratificar a estos pacientes en funci\u00f3n de sus necesidades. \u201cAhora damos un paso m\u00e1s\u201d, afirma <strong>Christina Gabriel<\/strong>, directora general de ViiV Healthcare para Espa\u00f1a y Portugal, \u201cque nace de vuestro feedback sobre c\u00f3mo quer\u00e9is trabajar de forma multidisciplinar y reconociendo que la innovaci\u00f3n nos va a ayudar en este \u00faltimo kil\u00f3metro hasta llegar a la meta: los objetivos de <strong>Onusida<\/strong> y una generaci\u00f3n libre de VIH\u201d.<\/p>\n<p>En la plataforma se pueden encontrar proyectos resultantes de becas y ayudas, nuevos modelos de cuidados, sistemas de optimizaci\u00f3n de recursos, gu\u00edas de enfermer\u00eda, proyectos de adherencia, herramienta de estratificaci\u00f3n de pacientes, resultados que han reportado los propios paciente y proyectos piloto que ya se han implementado en hospitales.<\/p>\n<p>En la plataforma se pueden encontrar proyectos resultantes de becas y ayudas, nuevos modelos de cuidados, sistemas de optimizaci\u00f3n de recursos, gu\u00edas de enfermer\u00eda o proyectos de adherencia<\/p>\n<p><img loading=\"lazy\" decoding=\"async\" class=\"size-medium wp-image-355414 alignright\" src=\"data:image\/svg+xml,%3Csvg%20xmlns=\" http:=\"\" alt=\"\" width=\"300\" height=\"200\" data-lazy- data-lazy- data-lazy-src=\"https:\/\/www.europesays.com\/es\/wp-content\/uploads\/2025\/12\/Auditorio-Hii-Future-300x200.jpg\"\/>\u201cEl VIH es una infecci\u00f3n cr\u00f3nica que est\u00e1 en constante evoluci\u00f3n, por lo que las necesidades cambian r\u00e1pidamente y el modelo \u00f3ptimo de atenci\u00f3n tiene que adaptarse tambi\u00e9n\u201d, expres\u00f3 <strong>Jordi Puig<\/strong>, enfermero experto en VIH del <strong>Hospital Germans Trias i Pujol<\/strong> de Badalona. Su centro ha puesto en marcha una aplicaci\u00f3n m\u00f3vil para detectar las necesidades de las personas para mejorar su calidad de vida. Desde su puesta en marcha, cuenta con m\u00e1s de 300 usuarios que han reducido m\u00e1s de un 18% las visitas presenciales en un centro al que \u201cno es f\u00e1cil llegar y aparcar\u201d; han realizado m\u00e1s de 1.000 env\u00edos de medicaci\u00f3n y han aumentado la satisfacci\u00f3n de estos pacientes.<\/p>\n<p>\u201cNuestro papel es saber utilizar las herramientas que nos da la tecnolog\u00eda para obtener valor y, ese valor, es mejorar la vida de las personas con VIH\u201d, expuso el <strong>Dr. Jes\u00fas Troya<\/strong>, m\u00e9dico experto en VIH. El experto, present\u00f3 dos proyectos en marcha en su centro. Uno de ellos est\u00e1 consiguiendo homogeneizar mediante el <strong>lenguaje OMOP<\/strong>, un modelo de datos com\u00fan, todas las historias cl\u00ednicas electr\u00f3nicas, lo que que permite generar cohorte de pacientes con VIH en tiempo real y analizar su caracter\u00edsticas cl\u00ednicas y anal\u00edticas. \u201cPodemos disponer de una informaci\u00f3n mucho m\u00e1s real y con miles de variables, esto va a cambiar la forma de hacer investigaci\u00f3n\u201d, explic\u00f3.<\/p>\n<p>Dr. Jes\u00fas Troya: \u201cNuestro papel es saber utilizar las herramientas que nos da la tecnolog\u00eda para obtener valor y, ese valor, es mejorar la vida de las personas con VIH\u201d<\/p>\n<p>Para conseguir mejor investigaci\u00f3n y atenci\u00f3n a las necesidades de las personas que viven con VIH, los facultativos implicados en proyectos de innovaci\u00f3n a trav\u00e9s de la iniciativa Hii Future animaron a sus compa\u00f1eros a vencer la resistencia al cambio. \u201cEs necesario que todos los cl\u00ednicos den un salto real\u201d, cont\u00f3, desde su experiencia, el <strong>Dr. Luis Buz\u00f3n-Mart\u00edn<\/strong>, infect\u00f3logo del <strong>Hospital Universitario de Burgos<\/strong>. \u201cAl principio te puedes sentir abrumad\u00edsimo, pero compensa. En cinco a\u00f1os miraremos atr\u00e1s y pensaremos que est\u00e1bamos en el Pleistoceno\u201d, concluy\u00f3 el especialista.<\/p>\n","protected":false},"excerpt":{"rendered":"G.M.C.La innovaci\u00f3n no tiene que ser siempre sin\u00f3nimo de un nuevo f\u00e1rmaco para tratar una enfermedad. Una idea&hellip;\n","protected":false},"author":2,"featured_media":312530,"comment_status":"","ping_status":"","sticky":false,"template":"","format":"standard","meta":{"footnotes":""},"categories":[92],"tags":[3297,25,24,165,2217,166,23,6877,72542],"class_list":{"0":"post-312529","1":"post","2":"type-post","3":"status-publish","4":"format-standard","5":"has-post-thumbnail","7":"category-salud","8":"tag-a1","9":"tag-es","10":"tag-espana","11":"tag-health","12":"tag-laboratorios","13":"tag-salud","14":"tag-spain","15":"tag-vih","16":"tag-viiv-healthcare"},"share_on_mastodon":{"url":"https:\/\/pubeurope.com\/@es\/115804447963090387","error":""},"_links":{"self":[{"href":"https:\/\/www.europesays.com\/es\/wp-json\/wp\/v2\/posts\/312529","targetHints":{"allow":["GET"]}}],"collection":[{"href":"https:\/\/www.europesays.com\/es\/wp-json\/wp\/v2\/posts"}],"about":[{"href":"https:\/\/www.europesays.com\/es\/wp-json\/wp\/v2\/types\/post"}],"author":[{"embeddable":true,"href":"https:\/\/www.europesays.com\/es\/wp-json\/wp\/v2\/users\/2"}],"replies":[{"embeddable":true,"href":"https:\/\/www.europesays.com\/es\/wp-json\/wp\/v2\/comments?post=312529"}],"version-history":[{"count":0,"href":"https:\/\/www.europesays.com\/es\/wp-json\/wp\/v2\/posts\/312529\/revisions"}],"wp:featuredmedia":[{"embeddable":true,"href":"https:\/\/www.europesays.com\/es\/wp-json\/wp\/v2\/media\/312530"}],"wp:attachment":[{"href":"https:\/\/www.europesays.com\/es\/wp-json\/wp\/v2\/media?parent=312529"}],"wp:term":[{"taxonomy":"category","embeddable":true,"href":"https:\/\/www.europesays.com\/es\/wp-json\/wp\/v2\/categories?post=312529"},{"taxonomy":"post_tag","embeddable":true,"href":"https:\/\/www.europesays.com\/es\/wp-json\/wp\/v2\/tags?post=312529"}],"curies":[{"name":"wp","href":"https:\/\/api.w.org\/{rel}","templated":true}]}}