{"id":312543,"date":"2025-12-29T19:24:08","date_gmt":"2025-12-29T19:24:08","guid":{"rendered":"https:\/\/www.europesays.com\/es\/312543\/"},"modified":"2025-12-29T19:24:08","modified_gmt":"2025-12-29T19:24:08","slug":"la-peluso-mas-solidaria","status":"publish","type":"post","link":"https:\/\/www.europesays.com\/es\/312543\/","title":{"rendered":"La Peluso m\u00e1s solidaria"},"content":{"rendered":"<p>\n        La sala de prensa de la<strong> Casa del Deporte<\/strong> ha acogido este lunes la presentaci\u00f3n oficial de la<strong> sexta edici\u00f3n de <\/strong><a href=\"https:\/\/www.noticiasdenavarra.com\/tags\/la-peluso\/\" title=\"La Peluso\" class=\"link copy\" rel=\"nofollow noopener\" target=\"_blank\">La Peluso<\/a>, que tendr\u00e1 lugar el pr\u00f3ximo <strong>9 de mayo de 2026.<\/strong> La marcha cicloturista, consolidada como una de las citas destacadas del calendario navarro, reforzar\u00e1 este a\u00f1o su compromiso social <strong>destinando el 10% de la recaudaci\u00f3n de las inscripciones<\/strong>, que se abrir\u00e1n el pr\u00f3ximo 1 de enero, <strong>a las escuelas ciclistas de Navarra: Burunda, Aralar, Estella, Tafall\u00e9s, Ermitaga\u00f1a, Villav\u00e9s, Berritxaco, Baztandarra e Izozmendi.<\/strong>\n<\/p>\n<p class=\"article-body__text \">\n        M\u00e1s all\u00e1 del anuncio solidario, el acto ha servido para reflexionar sobre la salud y el presente del ciclismo navarro. En la sala se dieron cita representantes de las escuelas, j\u00f3venes ciclistas y figuras hist\u00f3ricas navarras del pelot\u00f3n profesional, una imagen que ha simbolizado la conexi\u00f3n entre generaciones.<strong> \u201cNo se trata solo de una marcha cicloturista\u201d<\/strong>, ha se\u00f1alado Santi Moreno, propulsor de la prueba, sino de <strong>\u201cun evento que busca devolver al ciclismo parte de lo que \u00e9l nos ha dado\u201d. <\/strong>En esa misma l\u00ednea, Moreno ha explicado el<strong> origen de La Peluso y su estrecha vinculaci\u00f3n con Irurtzun<\/strong> y con la historia del equipo Reynolds, hoy <a href=\"https:\/\/www.noticiasdenavarra.com\/tags\/movistar-team\/\" title=\"Movistar Team.\" class=\"link copy\" rel=\"nofollow noopener\" target=\"_blank\">Movistar Team.<\/a> Ha recordado que <strong>Navarra ha sido tradicionalmente una tierra f\u00e9rtil para el ciclismo, con equipos, directores y corredores de primer nivel,<\/strong> y que esa realidad se sostiene sobre el trabajo constante de las escuelas. \u201cE<strong>sta prueba nace para poner en valor todo ese camino\u201d<\/strong>, ha afirmado el organizador antes de subrayar que el compromiso con la base deb\u00eda traducirse en hechos concretos.\n<\/p>\n<p class=\"article-body__text \">\n        Ese compromiso se materializa en uno de los anuncios centrales de la comparecencia, donde el propio Moreno ha confirmado que el <strong>10% de todas las inscripciones ir\u00e1 destinado directamente a las escuelas ciclistas<\/strong>, una aportaci\u00f3n que se ver\u00e1 reforzada con la puesta en marcha del <strong>dorsal solidario<\/strong>, que permitir\u00e1 realizar donaciones voluntarias adicionales. \u201c<strong>Da igual la cantidad, todo suma y todo llega a su destino\u201d<\/strong>, ha explicado Santi Moreno. Representantes de las escuelas presentes tomaron entonces la palabra para subrayar la importancia de este apoyo. Se ha incidido en que el ciclismo es un deporte exigente tambi\u00e9n en el plano econ\u00f3mico y log\u00edstico, donde<strong> la implicaci\u00f3n de las familias resulta clave. \u201cAndar en bici no es barato\u201d<\/strong>, ha indicado el exciclista I<strong>ker Flores<\/strong>, representante del Club Burunda, quien ha agregado que <strong>\u201clas escuelas ciclistas no solo son una base para el deporte, lo son para la vida\u201d.<\/strong>\n<\/p>\n<p class=\"article-body__text \">\n        Tambi\u00e9n intervinieron otros exciclistas profesionales, que compartieron recuerdos de su etapa de formaci\u00f3n y coincidieron en destacar el papel determinante de las escuelas. <strong>\u201cSin ellas no hay futuro\u201d<\/strong>, ha pronunciado <strong>Egoi Mart\u00ednez<\/strong>, que dio sus primeras pedaladas en el Club Ciclista Aralar. Mart\u00ednez ha insistido en que la funci\u00f3n de las escuelas va mucho m\u00e1s all\u00e1 de lo deportivo: <strong>\u201cTe ense\u00f1an valores, convivencia y te ayudan a crecer como persona<\/strong>\u201d, antes de dirigirse a los m\u00e1s j\u00f3venes para animarles a<strong> \u201caprender lo que es el deporte, la competici\u00f3n y la constancia, porque es un camino muy bonito\u201d<\/strong>. Por su parte,<strong> Juanjo Oroz<\/strong>, director deportivo del <a href=\"https:\/\/www.noticiasdenavarra.com\/tags\/kern-pharma\/\" title=\"Kern Pharma\" class=\"link copy\" rel=\"nofollow noopener\" target=\"_blank\">Kern Pharma<\/a> desde 2020, ha agradecido a Santi Moreno y a la organizaci\u00f3n el gesto solidario hacia las instituciones de formaci\u00f3n, recordando que <strong>\u201chay que poner el foco en la gente que se dedica a los clubes\u201d<\/strong> e incidi\u00f3, al igual que otros compa\u00f1eros, en que los clubes \u201c<strong>necesitan apoyo econ\u00f3mico porque es un deporte caro\u201d<\/strong>. Adem\u00e1s ha calificado la iniciativa de <strong>\u201cs\u00faper interesante\u201d.<\/strong>\n<\/p>\n<p class=\"article-body__text \">\n        Al acto asistieron tambi\u00e9n<strong> \u00d3scar Guerrero,<\/strong> exdirector deportivo del Israel-Premier Tech (ahora NSN Cycling Team) y<strong> presidente del Club Ciclista Burunda<\/strong>, as\u00ed como <strong>Xabier Zandio<\/strong>, exciclista formado en el <strong>Club Ciclista Villav\u00e9s y actual directivo del Ineos Grenadiers,<\/strong> reforzando la idea de continuidad entre el ciclismo formativo y el profesional.\u00a0<\/p>\n","protected":false},"excerpt":{"rendered":"La sala de prensa de la Casa del Deporte ha acogido este lunes la presentaci\u00f3n oficial de la&hellip;\n","protected":false},"author":2,"featured_media":312544,"comment_status":"","ping_status":"","sticky":false,"template":"","format":"standard","meta":{"footnotes":""},"categories":[273],"tags":[313,312,168,73408,2197,25,24,1683,40922,292,29125,23,167],"class_list":{"0":"post-312543","1":"post","2":"type-post","3":"status-publish","4":"format-standard","5":"has-post-thumbnail","7":"category-ciclismo","8":"tag-ciclismo","9":"tag-cycling","10":"tag-deportes","11":"tag-destina-un-10-de-las-inscripciones-a-las-escuelas-ciclistas","12":"tag-edicion","13":"tag-es","14":"tag-espana","15":"tag-lado","16":"tag-peluso","17":"tag-sexta","18":"tag-solidario","19":"tag-spain","20":"tag-sports"},"share_on_mastodon":{"url":"https:\/\/pubeurope.com\/@es\/115804495075396196","error":""},"_links":{"self":[{"href":"https:\/\/www.europesays.com\/es\/wp-json\/wp\/v2\/posts\/312543","targetHints":{"allow":["GET"]}}],"collection":[{"href":"https:\/\/www.europesays.com\/es\/wp-json\/wp\/v2\/posts"}],"about":[{"href":"https:\/\/www.europesays.com\/es\/wp-json\/wp\/v2\/types\/post"}],"author":[{"embeddable":true,"href":"https:\/\/www.europesays.com\/es\/wp-json\/wp\/v2\/users\/2"}],"replies":[{"embeddable":true,"href":"https:\/\/www.europesays.com\/es\/wp-json\/wp\/v2\/comments?post=312543"}],"version-history":[{"count":0,"href":"https:\/\/www.europesays.com\/es\/wp-json\/wp\/v2\/posts\/312543\/revisions"}],"wp:featuredmedia":[{"embeddable":true,"href":"https:\/\/www.europesays.com\/es\/wp-json\/wp\/v2\/media\/312544"}],"wp:attachment":[{"href":"https:\/\/www.europesays.com\/es\/wp-json\/wp\/v2\/media?parent=312543"}],"wp:term":[{"taxonomy":"category","embeddable":true,"href":"https:\/\/www.europesays.com\/es\/wp-json\/wp\/v2\/categories?post=312543"},{"taxonomy":"post_tag","embeddable":true,"href":"https:\/\/www.europesays.com\/es\/wp-json\/wp\/v2\/tags?post=312543"}],"curies":[{"name":"wp","href":"https:\/\/api.w.org\/{rel}","templated":true}]}}