{"id":312551,"date":"2025-12-29T19:29:19","date_gmt":"2025-12-29T19:29:19","guid":{"rendered":"https:\/\/www.europesays.com\/es\/312551\/"},"modified":"2025-12-29T19:29:19","modified_gmt":"2025-12-29T19:29:19","slug":"he-sido-la-eterna-emigrante","status":"publish","type":"post","link":"https:\/\/www.europesays.com\/es\/312551\/","title":{"rendered":"He sido la eterna emigrante"},"content":{"rendered":"<p class=\"article-text\">\n        Son las cinco de la tarde de un d\u00eda lluvioso. Rita Rutkowski abre la puerta de su casa. Tiene 93 a\u00f1os y se apoya en un andador que maneja con pericia. El \u00fanico cuadro suyo que decora su vivienda se encuentra en el peque\u00f1o recibidor. El resto son lienzos de amigos que ha ido acumulando con el paso de los a\u00f1os. Hay uno, c\u00f3mo no, de su a\u00f1orada amiga Hisae Yanase. \u201c\u00bfPara qu\u00e9 quiero yo tener m\u00e1s cuadros m\u00edos en mi casa?\u201d, se pregunta mientras toma asiento junto a la ventana.\n    <\/p>\n<p class=\"article-text\">\n        Desde la sexta planta, contempla el Guadalquivir y la omnipresente Mezquita. En los d\u00edas claros, se atisba la silueta lejana del Castillo de Almod\u00f3var. Es due\u00f1a de una vista espl\u00e9ndida sobre C\u00f3rdoba. Esa fue la raz\u00f3n que la empuj\u00f3 a comprar esta vivienda al otro lado del r\u00edo hace ya casi 60 a\u00f1os. Dos calles m\u00e1s abajo, a\u00fan conserva su estudio de pintura en la azotea de un edificio. Pero ya apenas lo visita. Subir los pelda\u00f1os desde la \u00faltima planta del ascensor es un esfuerzo tit\u00e1nico a los 93 a\u00f1os. Prefiere seguir pintando con la cabeza. Que es otra forma de pintar.\n    <\/p>\n<p class=\"article-text\">\n        Rita Rutkowski lleva 66 a\u00f1os en C\u00f3rdoba. Aterriz\u00f3 aqu\u00ed con 27 procedente de Nueva York. Y aqu\u00ed se qued\u00f3 por amor. Las dos ciudades est\u00e1n separadas por nada menos que 6.136 kil\u00f3metros. Pero en 1959 la distancia entre la capital del mundo y aquella urbe rural detenida en el tiempo era sideral. C\u00f3rdoba y Nueva York habitaban en dos siglos distintos. Y para la joven Rutkowski fue un impacto brutal. Del que todav\u00eda, quiz\u00e1s, no se ha repuesto del todo.\n    <\/p>\n<p class=\"article-text\">\n        En los pr\u00f3ximos meses sus obras ser\u00e1n expuestas en cuatro galer\u00edas. Y se acaba de estrenar un po\u00e9tico <a href=\"https:\/\/www.youtube.com\/watch?v=_bTiVY9702Q\" target=\"_blank\" data-mrf-recirculation=\"links-noticia\" class=\"link\" rel=\"nofollow noopener\">documental<\/a> sobre su proceso creativo firmado por Isidro S\u00e1nchez. El filme fue presentado en febrero en el Festival de M\u00e1laga bajo el t\u00edtulo de Looking at the moment. El director se tom\u00f3 tres a\u00f1os para rodarlo. Y entonces Rita Rutkowski a\u00fan se sumerg\u00eda con frecuencia en el caos fascinante del estudio.\n    <\/p>\n<p class=\"article-text\">\n        <strong>PREGUNTA (P).<\/strong> \u00bfY no echa de menos pintar?\n    <\/p>\n<p class=\"article-text\">\n        <strong>RESPUESTA (R).<\/strong> Hace poco he preparado una exposici\u00f3n aqu\u00ed en la cocina.\n    <\/p>\n<p class=\"article-text\">\n        <strong>P.<\/strong> \u00bfEn la cocina? \u00bfQu\u00e9 me dice?\n    <\/p>\n<p class=\"article-text\">\n        <strong>R.<\/strong> S\u00ed. Sobre la mesa de la cocina. La convert\u00ed en un estudio, pero en peque\u00f1o formato.\n    <\/p>\n<p class=\"article-text\">\n        <strong>P.<\/strong> Ya no va a pintar al estudio.\n    <\/p>\n<p class=\"article-text\">\n        <strong>R.<\/strong> Es un esfuerzo muy grande. Ya la parte f\u00edsica de la vida me supera y cualquier cosa luego me deja muy agotada. Estoy simplificando la vida.\n    <\/p>\n<blockquote class=\"quote\">\n<p class=\"quote-text\">Estoy simplificando la vida<\/p>\n<\/blockquote>\n<p class=\"article-text\">\n        <strong>P.<\/strong> Pero echa de menos pintar.\n    <\/p>\n<p class=\"article-text\">\n        <strong>R.<\/strong> S\u00ed, claro. En la cabeza estoy pintando siempre, aunque no pinte de verdad. La mayor\u00eda de las veces estoy captando algo que me interesa pintar. Lo hago mentalmente porque f\u00edsicamente ya es un rollo.\n    <\/p>\n<p class=\"article-text\">\n        <strong>P.<\/strong> \u00bfQu\u00e9 pintura tiene en la cabeza?\n    <\/p>\n<p class=\"article-text\">\n        <strong>R.<\/strong> Cuando salgo muchas veces a la calle siempre hay algo que digo: \u201cCon eso me gustar\u00eda poder hacer algo\u201d. Y lo hago mentalmente.\n    <\/p>\n<p class=\"article-text\">\n        <strong>P.<\/strong> Ahora a su estudio de pintura no va nadie.\n    <\/p>\n<p class=\"article-text\">\n        <strong>R.<\/strong> Van otras personas. Gente que me ayuda. Hace poco me han catalogado las obras porque dec\u00edan que ten\u00eda que hacerlo y, por lo visto, no lo hab\u00eda hecho correctamente.\n    <\/p>\n<p class=\"article-text\">\n        <strong>P.<\/strong> \u00bfCu\u00e1ntas obras tiene all\u00ed en el estudio?\n    <\/p>\n<p class=\"article-text\">\n        <strong>R.<\/strong> Entre 300 y 400. Hay obras de muchos a\u00f1os. Son los cuadros que me van quedando.\n    <\/p>\n<p>            <img decoding=\"async\" class=\"lazy\" loading=\"lazy\" data-src=\"https:\/\/static.eldiario.es\/clip\/bead102f-373a-4d04-98f4-5c32c35e32b6_16-9-discover-aspect-ratio_default_0.jpg\" src=\"data:image\/svg+xml,%3Csvg xmlns=\" http:=\"\" viewbox=\"0 0 1200 675\" alt=\"Rita Rutkowski, pintora\"\/><\/p>\n<p class=\"article-text\">\n        <strong>P.<\/strong> \u00bfCu\u00e1ntos a\u00f1os ha estado pintando en ese estudio?\n    <\/p>\n<p class=\"article-text\">\n        <strong>R.<\/strong> Antes de ese estudio estuve pintando en una habitaci\u00f3n de la casa, pero era muy complicado pintar con tanta gente por medio. Los ni\u00f1os andaban ya por aqu\u00ed y nunca encontr\u00e9 la tranquilidad que necesitaba. Por fin, cuando me fui al estudio, los ni\u00f1os todav\u00eda ten\u00edan menos de 10 a\u00f1os. En el estudio, quiz\u00e1s haya estado unos 40 a\u00f1os o as\u00ed.\n    <\/p>\n<p class=\"article-text\">\n        <strong>P.<\/strong> \u00bfCu\u00e1ntos a\u00f1os lleva aqu\u00ed viviendo?\n    <\/p>\n<p class=\"article-text\">\n        <strong>R.<\/strong> Nosotros fuimos la primera familia que se mud\u00f3 a este edificio. Todav\u00eda no hab\u00eda ascensor y a\u00fan se pod\u00eda hacer ciertas modificaciones si cog\u00edas a los trabajadores a tiempo. Por si quer\u00edas hacer otro armario o una despensa.\n    <\/p>\n<p class=\"article-text\">\n        <strong>P.<\/strong> Esta es la primera casa que tuvo en C\u00f3rdoba.\n    <\/p>\n<p class=\"article-text\">\n        <strong>R.<\/strong> Esta casa la hizo Rafael de la Hoz y antes vivimos en otro edificio tambi\u00e9n dise\u00f1ado por Rafael de la Hoz. Estaba en la Avenida de C\u00e1diz. Era una casa m\u00e1s peque\u00f1a que esta y ah\u00ed nacieron todos mis hijos. Estaba enfrente de una granja de pollos, que era una especie de cortijo. Nada m\u00e1s asomarte a la ventana pod\u00edas ver una matanza de cerdos. Era una casa casi rural.\n    <\/p>\n<blockquote class=\"quote\">\n<p class=\"quote-text\">Ir al estudio es ya un esfuerzo muy grande, pero en la cabeza siempre estoy pintando<\/p>\n<\/blockquote>\n<p class=\"article-text\">\n        <strong>P.<\/strong> Ese contraste para una neoyorquina como usted tuvo que ser fascinante.\n    <\/p>\n<p class=\"article-text\">\n        <strong>R.<\/strong> Era como una aventura. Luego nos vinimos aqu\u00ed. Y fue para mejorar. Aqu\u00ed estoy muy feliz.\n    <\/p>\n<p class=\"article-text\">\n        <strong>P.<\/strong> Le gusta esta casa por las vistas que tiene.\n    <\/p>\n<p class=\"article-text\">\n        <strong>R.<\/strong> Exactamente. Hace a\u00f1os me promet\u00ed tener alg\u00fan d\u00eda una vista con casa. No una casa con vistas. No es lo mismo. Y no se puede imaginar lo que me ayuda.\n    <\/p>\n<p class=\"article-text\">\n        <strong>P.<\/strong> \u00bfPor qu\u00e9?\n    <\/p>\n<p class=\"article-text\">\n        <strong>R.<\/strong> Porque miro mucho por la ventana. Mucho. Y contemplo el cambio de luz, el cambio de estaci\u00f3n y c\u00f3mo cambia el barrio.\n    <\/p>\n<p class=\"article-text\">\n        <strong>P.<\/strong> \u00bfPor qu\u00e9 eligi\u00f3 este barrio?\n    <\/p>\n<p class=\"article-text\">\n        <strong>R.<\/strong> Este barrio tiene muchas cosas. Por ejemplo, un r\u00edo por delante. Cuando empec\u00e9 a vivir aqu\u00ed, no hab\u00eda otros edificios. Pod\u00eda ver el r\u00edo, el Puente Romano, las islas del Guadalquivir y, a la izquierda, el Castillo de Almod\u00f3var. Tambi\u00e9n la sierra con todos sus cambios de d\u00eda, de luz, de tiempo. Era muy interesante.\n    <\/p>\n<p>            <img decoding=\"async\" class=\"lazy\" loading=\"lazy\" data-src=\"https:\/\/static.eldiario.es\/clip\/a2a2d555-56ca-4de7-a6d3-4282760e02d3_16-9-discover-aspect-ratio_default_0.jpg\" src=\"data:image\/svg+xml,%3Csvg xmlns=\" http:=\"\" viewbox=\"0 0 1200 675\" alt=\"Rita Rutkowski, pintora\"\/><\/p>\n<p class=\"article-text\">\n        <strong>P.<\/strong> Acabo de ver el documental sobre usted, que se titula Mirando al instante.\n    <\/p>\n<p class=\"article-text\">\n        <strong>R.<\/strong> No le puse yo el t\u00edtulo. Me cost\u00f3 mucho aceptarlo, pero le tengo respeto a los creadores. Y el documental es su obra.\n    <\/p>\n<p class=\"article-text\">\n        <strong>P.<\/strong> \u00bfNo le gustaba el t\u00edtulo?\n    <\/p>\n<p class=\"article-text\">\n        <strong>R.<\/strong> Me cost\u00f3 aceptarlo.\n    <\/p>\n<p class=\"article-text\">\n        <strong>P.<\/strong> \u00bfQu\u00e9 dice el t\u00edtulo de usted?\n    <\/p>\n<p class=\"article-text\">\n        <strong>R.<\/strong> Pues no le puedo explicar. Es el director de la pel\u00edcula quien puede explicarlo mejor que yo, porque a m\u00ed me cost\u00f3 entenderlo. El director tendr\u00e1 sus motivos.\n    <\/p>\n<p class=\"article-text\">\n        <strong>P.<\/strong> \u00bfConoc\u00eda al director?\n    <\/p>\n<p class=\"article-text\">\n        <strong>R.<\/strong> S\u00ed. Acept\u00e9 hacer juntos el documental. Hab\u00eda visto obras suyas y me gust\u00f3 mucho su enfoque humano. No tanto por la informaci\u00f3n que proporciona sino por recrear el mundo del artista.\n    <\/p>\n<blockquote class=\"quote\">\n<p class=\"quote-text\">Todas las noches paseo por las calles de Nueva York<\/p>\n<\/blockquote>\n<p class=\"article-text\">\n        <strong>P.<\/strong> El documental se ha hecho en 2025.\n    <\/p>\n<p class=\"article-text\">\n        <strong>R.<\/strong> No. Tard\u00f3 3 a\u00f1os en hacerlo. Ha habido muchas paradas. Isidro no vive en C\u00f3rdoba y ten\u00eda otras cosas que hacer. Ven\u00eda cuando pod\u00eda y mientras tanto nos hicimos buenos amigos.\n    <\/p>\n<p class=\"article-text\">\n        <strong>P.<\/strong> Me han impresionado tres cosas del documental.\n    <\/p>\n<p class=\"article-text\">\n        <strong>R.<\/strong> \u00bfCu\u00e1les?\n    <\/p>\n<p class=\"article-text\">\n        <strong>P.<\/strong> La primera es ver a Rita Rukowski haciendo ejercicio con m\u00e1s de 90 a\u00f1os.\n    <\/p>\n<p class=\"article-text\">\n        <strong>R.<\/strong> Siempre he hecho ejercicio. A mi manera, he sido una persona deportiva. Me ha encantado la nataci\u00f3n. Y me encanta pasear, aunque ya no puedo hacerlo. Y tambi\u00e9n me ha gustado mucho el Tai Ch\u00ed.\n    <\/p>\n<p class=\"article-text\">\n        <strong>P.<\/strong> Tambi\u00e9n me ha impresionado mucho verla pintar con m\u00e1s de 90 a\u00f1os.\n    <\/p>\n<p class=\"article-text\">\n        <strong>R.<\/strong> He estado pintando hasta hace poco. Lo echo mucho de menos, pero es que me canso con poco que haga ya.\n    <\/p>\n<p>            <img decoding=\"async\" class=\"lazy\" loading=\"lazy\" data-src=\"https:\/\/static.eldiario.es\/clip\/ee799847-8dcc-4e0c-9a65-7eafaeecc43c_16-9-discover-aspect-ratio_default_0.jpg\" src=\"data:image\/svg+xml,%3Csvg xmlns=\" http:=\"\" viewbox=\"0 0 1200 675\" alt=\"Rita Rutkowski, durante la entrevista con Arist\u00f3teles Moreno\"\/><\/p>\n<p class=\"article-text\">\n        <strong>P.<\/strong> Y me ha gustado mucho el desorden de su estudio.\n    <\/p>\n<p class=\"article-text\">\n        <strong>R.<\/strong> Eso es lo que mis hijos me critican much\u00edsimo.\n    <\/p>\n<p class=\"article-text\">\n        <strong>P.<\/strong> \u00bfPor qu\u00e9?\n    <\/p>\n<p class=\"article-text\">\n        <strong>R.<\/strong> Dicen que no es fotog\u00e9nico.\n    <\/p>\n<p class=\"article-text\">\n        <strong>P.<\/strong> Todo lo contrario. Es muy fotog\u00e9nico.\n    <\/p>\n<p class=\"article-text\">\n        <strong>R.<\/strong> El estudio es mi mundo y no lo intento falsear. Muchas veces me digo: \u201cHay que poner en orden todo este caos\u201d. Pero luego pienso: \u201c\u00bfPara qu\u00e9 he venido aqu\u00ed? \u00bfPara poner todo en orden o para trabajar?\u201d. Y me respondo: \u201cHe venido para trabajar porque ten\u00eda el tiempo muy justo\u201d. Nosotras las mujeres tenemos pluriempleo. Despu\u00e9s del estudio tenemos muchas m\u00e1s cosas: la cocina, los hijos, la compra.\n    <\/p>\n<blockquote class=\"quote\">\n<p class=\"quote-text\">El estudio de pintura ha sido mi mundo<\/p>\n<\/blockquote>\n<p class=\"article-text\">\n        <strong>P.<\/strong> \u00bfCu\u00e1ntas horas ha llegado a trabajar pintando en su taller?\n    <\/p>\n<p class=\"article-text\">\n        <strong>R.<\/strong> Depende. Hay veces en que eres capaz de trabajar muchas horas. Me acuerdo una vez hace a\u00f1os que me puse a pintar a las 11 de la ma\u00f1ana y cuando termin\u00e9 ya era de noche.\n    <\/p>\n<p class=\"article-text\">\n        <strong>P.<\/strong> \u00bfUsted ha sido disciplinada y met\u00f3dica pintando?\n    <\/p>\n<p class=\"article-text\">\n        <strong>R.<\/strong> Yo creo que s\u00ed. He sido disciplinada quiz\u00e1 de otra manera. Tambi\u00e9n era buena estudiante. Y muy disciplinada.\n    <\/p>\n<p class=\"article-text\">\n        <strong>P.<\/strong> El estudio ha sido su refugio.\n    <\/p>\n<p class=\"article-text\">\n        <strong>R.<\/strong> Desde luego. Aqu\u00ed en la casa hab\u00eda caos trabajando. No pod\u00eda asegurar los cuadros que hab\u00eda dejado medio hechos. Los ni\u00f1os se pon\u00edan a jugar y empezaban a toquetear todo. En el estudio, la primera cosa que hac\u00eda cuando entraba era poner m\u00fasica.\n    <\/p>\n<p class=\"article-text\">\n        <strong>P.<\/strong> \u00bfQu\u00e9 m\u00fasica?\n    <\/p>\n<p class=\"article-text\">\n        <strong>R.<\/strong> Cl\u00e1sica siempre. No necesariamente antigua. La contempor\u00e1nea me encanta. Hay un programa que todav\u00eda lo pongo, Radio Cl\u00e1sica, donde escucho nuevas composiciones. La m\u00fasica siempre me ha encantado.\n    <\/p>\n<p>            <img decoding=\"async\" class=\"lazy\" loading=\"lazy\" data-src=\"https:\/\/static.eldiario.es\/clip\/aa40b275-5c84-40bd-bf0d-4bc0b027f9cb_16-9-discover-aspect-ratio_default_0.jpg\" src=\"data:image\/svg+xml,%3Csvg xmlns=\" http:=\"\" viewbox=\"0 0 1200 675\" alt=\"Rita Rutkowski, pintora\"\/><\/p>\n<p class=\"article-text\">\n        <strong>P.<\/strong> En el documental sale una imagen suya pintando con Leonard Cohen de fondo.\n    <\/p>\n<p class=\"article-text\">\n        <strong>R.<\/strong> Leonard Cohen, s\u00ed. Bonito. Esa forma de escribir y de componer. Qu\u00e9 maravilla lo que ha escrito en un lenguaje cotidiano. Con qu\u00e9 sentimiento.\n    <\/p>\n<p class=\"article-text\">\n        <strong>P.<\/strong> El documental termina con unas im\u00e1genes antiguas de un puerto. \u00bfNueva York?\n    <\/p>\n<p class=\"article-text\">\n        <strong>R.<\/strong> Ya no me acuerdo. Supongo que s\u00ed.\n    <\/p>\n<p class=\"article-text\">\n        <strong>P.<\/strong> \u00bfVive Nueva York en su memoria?\n    <\/p>\n<p class=\"article-text\">\n        <strong>R.<\/strong> \u00a1Uf! Todas las noches paseo por sus calles o busco una direcci\u00f3n concreta. Nueva York es una ciudad muy concentrada. No es muy grande. Si tienes ganas puedes pasearla de arriba a abajo y de un lado a otro. Y puedes llegar a todas las puntas de la ciudad paseando. No se necesita veh\u00edculo y est\u00e1 llena de historias. Cada rinc\u00f3n de la ciudad tiene una historia.\n    <\/p>\n<p class=\"article-text\">\n        <strong>P.<\/strong> \u00bfQu\u00e9 es Nueva York para usted?\n    <\/p>\n<p class=\"article-text\">\n        <strong>R.<\/strong> Ha sido una ciudad muy generosa conmigo. Me ha dado todo lo que me hac\u00eda falta. He tenido que trabajar pero me han reconocido y le ha interesado mi trabajo. Y me ha dado una gran educaci\u00f3n.\n    <\/p>\n<blockquote class=\"quote\">\n<p class=\"quote-text\">\u00bfDonald Trump? Es una pena haber tenido la experiencia del Ku Klux Klan y no haber aprendido nada<\/p>\n<\/blockquote>\n<p class=\"article-text\">\n        <strong>P.<\/strong> Se siente neoyorquina.\n    <\/p>\n<p class=\"article-text\">\n        <strong>R.<\/strong> Totalmente. Yo y todos los neoyorquinos que viven all\u00ed. Ahora mi hijo me acaba de traer el \u00faltimo libro de Woody Allen. Es como si fuera una visita que me ha hecho.\n    <\/p>\n<p class=\"article-text\">\n        <strong>P.<\/strong> Pero usted lleva m\u00e1s a\u00f1os aqu\u00ed que en Nueva York.\n    <\/p>\n<p class=\"article-text\">\n        <strong>R.<\/strong> Muchos m\u00e1s a\u00f1os aqu\u00ed.\n    <\/p>\n<p class=\"article-text\">\n        <strong>P.<\/strong> Y no se siente cordobesa.\n    <\/p>\n<p class=\"article-text\">\n        <strong>R.<\/strong> He querido, pero me ha costado encontrar la clave.\n    <\/p>\n<p class=\"article-text\">\n        <strong>P.<\/strong> Y todav\u00eda no lo ha encontrado.\n    <\/p>\n<p class=\"article-text\">\n        <strong>R.<\/strong> Estoy empezando a encontrarla un poco, pero no mucho.\n    <\/p>\n<p>            <img decoding=\"async\" class=\"lazy\" loading=\"lazy\" data-src=\"https:\/\/static.eldiario.es\/clip\/a2df8df3-7b3e-4301-895a-b89bb0bcde79_16-9-discover-aspect-ratio_default_0.jpg\" src=\"data:image\/svg+xml,%3Csvg xmlns=\" http:=\"\" viewbox=\"0 0 1200 675\" alt=\"Rita Rutkowski, pintora\"\/><\/p>\n<p class=\"article-text\">\n        <strong>P.<\/strong> \u00bfQu\u00e9 es lo que m\u00e1s le cuesta entender de C\u00f3rdoba?\n    <\/p>\n<p class=\"article-text\">\n        <strong>R.<\/strong> C\u00f3rdoba tiene otra clave. Son cosas dif\u00edciles de explicar. Tiene otros valores, que no son los mismos. Por ejemplo, para m\u00ed la amistad es muy importante. La amistad y la familia.\n    <\/p>\n<p class=\"article-text\">\n        <strong>P.<\/strong> Usted ha tenido amistad en C\u00f3rdoba.\n    <\/p>\n<p class=\"article-text\">\n        <strong>R.<\/strong> Mucha. Muy buena amistad. No me quejo de nada. Se han comportado muy bien conmigo y yo espero haberme comportado igual con ellos.\n    <\/p>\n<p class=\"article-text\">\n        <strong>P.<\/strong> Usted ha nacido en Londres, se ha criado en Nueva York y ha anidado en C\u00f3rdoba. \u00bfHubiera preferido al rev\u00e9s?\n    <\/p>\n<p class=\"article-text\">\n        <strong>R.<\/strong> He tenido una vida muy interesante. No me quejo de ello. Incluso con mis momentos altos y mis momentos bajos, ha sido muy enriquecedor. Est\u00e1 bien lo que me ha dado la vida.\n    <\/p>\n<p class=\"article-text\">\n        <strong>P.<\/strong> Lleg\u00f3 aqu\u00ed con 27 a\u00f1os.\n    <\/p>\n<p class=\"article-text\">\n        <strong>R.<\/strong> Con 27 a\u00f1os. Yo ya antes era emigrante. He sido la eterna emigrante.\n    <\/p>\n<blockquote class=\"quote\">\n<p class=\"quote-text\">Cuando llegu\u00e9 a C\u00f3rdoba en 1959 las mujeres no trabajaban y nos met\u00edan en la cocina<\/p>\n<\/blockquote>\n<p class=\"article-text\">\n        <strong>P.<\/strong> \u00bfY se sigue sintiendo emigrante?\n    <\/p>\n<p class=\"article-text\">\n        <strong>R.<\/strong> S\u00ed, pero es que en Nueva York casi todo el mundo es emigrante. No es lo mismo que en C\u00f3rdoba. Aqu\u00ed si no has nacido en la calle tal o cual, no eres aut\u00e9nticamente de C\u00f3rdoba. Me lo dijo hasta Juana Castro. Ella naci\u00f3 en Villanueva y no se sent\u00eda considerada totalmente cordobesa. Imag\u00ednese yo. Peor todav\u00eda. Aqu\u00ed es muy complicado. El concepto de donde est\u00e1 tu casa y lo que significa no es lo mismo. Es como pertenecer a una tribu. Si no tienes los papeles exactos, no eres cordobesa de verdad.\n    <\/p>\n<p class=\"article-text\">\n        <strong>P.<\/strong> Donald Trump est\u00e1 echando a inmigrantes todos los d\u00edas.\n    <\/p>\n<p class=\"article-text\">\n        <strong>R.<\/strong> \u00a1Por favor! No vamos a hablar de \u00e9l. No me lo puedo creer. Es un tema embarazoso.\n    <\/p>\n<p class=\"article-text\">\n        <strong>P.<\/strong> \u00bfQu\u00e9 es lo que no puede creer?\n    <\/p>\n<p class=\"article-text\">\n        <strong>R.<\/strong> No representa nada.\n    <\/p>\n<p class=\"article-text\">\n        <strong>P.<\/strong> \u00bfReconoce a Estados Unidos con Donald Trump?\n    <\/p>\n<p class=\"article-text\">\n        <strong>R.<\/strong> Las sociedades son mucho m\u00e1s amplias de lo que creemos. Todas las democracias est\u00e1n formadas por personas diferentes con sus propias ideas y sus propios conceptos por el bien del pa\u00eds, pero dentro de una armon\u00eda y de un respeto. Y mire que Trump es neoyorquino. Realmente no me lo puedo creer. No tiene nada que me resulte familiar.\n    <\/p>\n<p>            <img decoding=\"async\" class=\"lazy\" loading=\"lazy\" data-src=\"https:\/\/static.eldiario.es\/clip\/002e6dc2-5d11-40b3-9f15-364e43b3099d_16-9-discover-aspect-ratio_default_0.jpg\" src=\"data:image\/svg+xml,%3Csvg xmlns=\" http:=\"\" viewbox=\"0 0 1200 675\" alt=\"Rita Rutkowski, pintora\"\/><\/p>\n<p class=\"article-text\">\n        <strong>P.<\/strong> Ahora el alcalde de Nueva York es indio y musulm\u00e1n.\n    <\/p>\n<p class=\"article-text\">\n        <strong>R.<\/strong> Exactamente. Y eso est\u00e1 bien.\n    <\/p>\n<p class=\"article-text\">\n        <strong>P.<\/strong> Justamente todo lo que odia Donald Trump.\n    <\/p>\n<p class=\"article-text\">\n        <strong>R.<\/strong> Es un alcalde humano y parece que vale mucho. \u00bfY por qu\u00e9 no?\n    <\/p>\n<p class=\"article-text\">\n        <strong>P.<\/strong> Yo cuando miro a Donald Trump veo al Ku Klux Klan sin capirote. \u00bfY usted?\n    <\/p>\n<p class=\"article-text\">\n        <strong>R.<\/strong> Es una pena. Y muy doloroso. Haber tenido la experiencia del Ku Klux Klan y no aprender de ello es una pena.\n    <\/p>\n<p class=\"article-text\">\n        <strong>P.<\/strong> \u00bfQu\u00e9 est\u00e1 pasando en el mundo para que la gente elija a personas como Donald Trump?\n    <\/p>\n<p class=\"article-text\">\n        <strong>R.<\/strong> Tendr\u00e9 que estudiar m\u00e1s sobre eso, pero creo que son personas que buscan proteger lo suyo para no perder lo que han conseguido, sea como sea, aunque haya v\u00edctimas.\n    <\/p>\n<p class=\"article-text\">\n        <strong>P.<\/strong> Pero Trump era hijo de emigrantes tambi\u00e9n.\n    <\/p>\n<p class=\"article-text\">\n        <strong>R.<\/strong> Es que Norteam\u00e9rica est\u00e1 hecha de emigrantes. Lo \u00fanico aut\u00e9ntico en Norteam\u00e9rica son los indios.\n    <\/p>\n<blockquote class=\"quote\">\n<p class=\"quote-text\">Me ha costado encontrar la clave de C\u00f3rdoba<\/p>\n<\/blockquote>\n<p class=\"article-text\">\n        <strong>P.<\/strong> Y ya casi no quedan.\n    <\/p>\n<p class=\"article-text\">\n        <strong>R.<\/strong> Y est\u00e1n maltratados. Todos somos inmigrantes. Todos. No s\u00e9 como de pronto sucede todo esto. Yo creo realmente que es una forma de conservar lo que han conseguido. El miedo a perderlo, \u00bfno?\n    <\/p>\n<p class=\"article-text\">\n        <strong>P.<\/strong> O una forma de supremacismo. Trump piensa que tiene m\u00e1s derechos que el resto porque es blanco y de origen alem\u00e1n.\n    <\/p>\n<p class=\"article-text\">\n        <strong>R.<\/strong> S\u00ed. Pero siempre con el af\u00e1n de proteger lo conseguido y a s\u00ed mismo. Es otra forma de ego\u00edsmo.\n    <\/p>\n<p class=\"article-text\">\n        <strong>P.<\/strong> Su familia ha sido siempre emigrante. Sus padres emigraron de Polonia.\n    <\/p>\n<p class=\"article-text\">\n        <strong>R.<\/strong> S\u00ed.\n    <\/p>\n<p class=\"article-text\">\n        <strong>P.<\/strong> \u00bfPor qu\u00e9 se fueron de Polonia?\n    <\/p>\n<p class=\"article-text\">\n        <strong>R.<\/strong> Por diferentes historias personales en la familia. El padre de mi padre no pod\u00eda mantener a toda la familia. Se hab\u00eda muerto el padre de la familia y mi abuela no pod\u00eda mantenerlos a todos. Entonces envi\u00f3 a mi padre a un pariente en Inglaterra. Eso era muy frecuente entonces. Ver si un t\u00edo o un familiar pod\u00eda mantener a alguien por unos a\u00f1os o para siempre.\n    <\/p>\n<p>            <img decoding=\"async\" class=\"lazy\" loading=\"lazy\" data-src=\"https:\/\/static.eldiario.es\/clip\/1d50a254-e825-4e12-b0b0-bf520a9d8484_16-9-discover-aspect-ratio_default_0.jpg\" src=\"data:image\/svg+xml,%3Csvg xmlns=\" http:=\"\" viewbox=\"0 0 1200 675\" alt=\"Entrevista N&amp;B a Rita Rutkowski, pintora\"\/><\/p>\n<p class=\"article-text\">\n        <strong>P.<\/strong> He preguntado a la inteligencia artificial por Ruta Rutkowski. Y califica su obra de \u201cexpresionismo figurativo\u201d o \u201cneoexpresionismo\u201d. \u00bfDa en el clavo?\n    <\/p>\n<p class=\"article-text\">\n        <strong>R.<\/strong> Figurativo no siempre. Incluso hay cosas que son reales aunque no tienen forma. \u00bfC\u00f3mo se expresa una cosa que representa felicidad o tristeza? \u00bfQu\u00e9 forma le vas a dar? Cuando yo voy a la esencia misma, a lo que es el fondo del tema, hago uso de lo que sea.\n    <\/p>\n<p class=\"article-text\">\n        <strong>P.<\/strong> Sus cuadros son ideas, emociones.\n    <\/p>\n<p class=\"article-text\">\n        <strong>R.<\/strong> Son ideas. Modificables, cambiantes, pero ideas. Ahora han clasificado mis obras, han entrado en el estudio, han sacado los cuadros, han hecho fotograf\u00edas, han apuntado las dimensiones y lo han devuelto todo. Es un trabajazo tremendo que yo no he hecho. O mejor dicho: lo he hecho en parte. Yo creo que la pintura es como la poes\u00eda. La poes\u00eda utiliza el idioma no para informar sino para sugerir o para indagar. Para abrir un di\u00e1logo donde no hab\u00eda otra manera de hacerlo. Y la pintura es lo mismo. Como la m\u00fasica. Es que la cultura es eso.\n    <\/p>\n<p class=\"article-text\">\n        <strong>P. <\/strong>Tambi\u00e9n dice la inteligencia artificial sobre usted: \u201cUtiliza la figura humana como veh\u00edculo para explorar emociones complejas, traumas y la identidad\u201d. \u00bfSe reconoce?\n    <\/p>\n<p class=\"article-text\">\n        <strong>R.<\/strong> Yo llevo muchos a\u00f1os que no echo mano de la figura humana. He ido, por ejemplo, al espacio o a la distancia. Eso lo aprend\u00ed estudiando los cuadros de Bonnard. Me acuerdo que ten\u00eda una beca en el <a href=\"https:\/\/www.moma.org\/\" target=\"_blank\" data-mrf-recirculation=\"links-noticia\" class=\"link\" rel=\"nofollow noopener\">MOMA<\/a> y me dieron un pase para entrar todos los d\u00edas. Pr\u00e1cticamente viv\u00eda all\u00ed. Era mi segundo hogar. En esa \u00e9poca estaba el Gernika. Lo ten\u00eda muy a mano. Y met\u00eda las narices encima para ver los trazos de Picasso. Lo tengo metido en la cabeza. En la sala de al lado hab\u00eda obras de Bonnard. Eran unas obras donde no hab\u00eda ninguna figura pero ten\u00edan, por ejemplo, una mesa delante de una ventana con los restos de una merienda. En la ventana se ve\u00eda un patio fuera. M\u00e1s all\u00e1 del patio hab\u00eda un jard\u00edn y despu\u00e9s del jard\u00edn un camino con un paisaje que iba hacia la monta\u00f1a. Eran cuatro o cinco espacios diferentes y no hab\u00eda ni una persona, pero se pod\u00edan imaginar. Sin estar ah\u00ed ya se sab\u00eda qui\u00e9n estaba. Eso me fascin\u00f3.\n    <\/p>\n<blockquote class=\"quote\">\n<p class=\"quote-text\">Me siento excluida por las nuevas tecnolog\u00edas<\/p>\n<\/blockquote>\n<p class=\"article-text\">\n        <strong>P.<\/strong> Cuando entraba en el MOMA y ve\u00eda el Gernika no imaginaba que iba a terminar viviendo en el pa\u00eds donde naci\u00f3 Picasso.\n    <\/p>\n<p class=\"article-text\">\n        <strong>R.<\/strong> De ninguna manera. Pero tampoco importa. Yo ten\u00eda acceso al MOMA y eso es una de las cosas buenas de aquella ciudad. All\u00ed todos \u00e9ramos emigrantes y recib\u00edamos las ideas de donde sea, las discutimos y las valor\u00e1bamos o no les hac\u00edamos ni caso. Eso era muy bonito.\n    <\/p>\n<p class=\"article-text\">\n        <strong>P.<\/strong> En casa de mis padres, siempre ha habido un cuadro de una cafetera volcando caf\u00e9 sobre una taza blanca desbordada. Y en la firma pon\u00eda Rutkowski, 1987.\n    <\/p>\n<p class=\"article-text\">\n        <strong>R.<\/strong> \u00bfTen\u00e9is una de esas cafeteras?\n    <\/p>\n<p class=\"article-text\">\n        <strong>P.<\/strong> Est\u00e1 en casa de mi madre.\n    <\/p>\n<p class=\"article-text\">\n        <strong>R.<\/strong> La pint\u00e9 con mucho cari\u00f1o. Tuve una beca para trabajar a\u00f1o y medio en Italia. Y de las primeras cosas que compr\u00e9 all\u00ed fue un tipo de cafetera italiana que luego no he visto aqu\u00ed. Era una cafetera a la que se le daba la vuelta para que el caf\u00e9 pasara por el filtro dos veces. Primero sub\u00eda el caf\u00e9 y despu\u00e9s pasaba por el filtro otra vez. Pero cuando volv\u00ed a mi casa de Am\u00e9rica la cafetera se rompi\u00f3. Ten\u00eda un agujero en uno de los filos y ya no filtraba el agua. Le ten\u00eda mucho cari\u00f1o. Me la traje y le hice varios retratos porque no quer\u00eda perderla.\n    <\/p>\n<p class=\"article-text\">\n        <strong>P.<\/strong> Pintarla era una forma de hacerla eterna.\n    <\/p>\n<p class=\"article-text\">\n        <strong>R.<\/strong> Era una forma de quererla. Se puede querer a los objetos como a las personas, a los animales, a los \u00e1rboles, a un paisaje o a una hoja.\n    <\/p>\n<p class=\"article-text\">\n        <strong>P.<\/strong> \u00bfEn arte todo tiene explicaci\u00f3n?\n    <\/p>\n<p class=\"article-text\">\n        <strong>R.<\/strong> El arte parece que puede moverse con m\u00e1s libertad y tocar todo.\n    <\/p>\n<p>            <img decoding=\"async\" class=\"lazy\" loading=\"lazy\" data-src=\"https:\/\/static.eldiario.es\/clip\/c4e55d1c-4de9-452d-a5bd-ee5634c8f022_16-9-discover-aspect-ratio_default_0.jpg\" src=\"data:image\/svg+xml,%3Csvg xmlns=\" http:=\"\" viewbox=\"0 0 1200 675\" alt=\"Rita Rutkowski, pintora\"\/><\/p>\n<p class=\"article-text\">\n        <strong>P.<\/strong> C\u00f3rdoba en 1959 era una ciudad provinciana, beata y tradicional. \u00bfC\u00f3mo sobrevivi\u00f3 al impacto?\n    <\/p>\n<p class=\"article-text\">\n        <strong>R.<\/strong> Mejor dicho: \u00bfc\u00f3mo los cordobeses sobrevivieron al impacto de una persona como yo que no compart\u00eda todas aquellas cosas y que me cost\u00f3 mucho tiempo comprender? Y mira que me pon\u00edan pruebas.\n    <\/p>\n<p class=\"article-text\">\n        <strong>P.<\/strong> \u00bfQu\u00e9 tipo de pruebas?\n    <\/p>\n<p class=\"article-text\">\n        <strong>R.<\/strong> Por ejemplo, cuando mis hijos eran peque\u00f1itos y yo viv\u00eda en este barrio, quer\u00eda ir al centro donde habitaba la familia de mi marido. Me montaba en el autob\u00fas y cog\u00eda al ni\u00f1o en brazos. Me criticaban por ello.\n    <\/p>\n<p class=\"article-text\">\n        <strong>P.<\/strong> \u00bfPor qu\u00e9?\n    <\/p>\n<p class=\"article-text\">\n        <strong>R.<\/strong> Porque entonces eran las gitanas las que llevaban a sus hijos en brazos. Hab\u00eda muchos prejuicios.\n    <\/p>\n<p class=\"article-text\">\n        <strong>P.<\/strong> \u00bfQu\u00e9 me dice? \u00bfLas mujeres no llevaban a sus hijos en brazos?\n    <\/p>\n<p class=\"article-text\">\n        <strong>R.<\/strong> Una se\u00f1ora no iba con los ni\u00f1os en brazos. Tampoco una se\u00f1ora iba con paquetes de compra en la mano. Hab\u00eda una cantidad de reglas acumuladas a lo largo de los a\u00f1os que eran muy significativas. Para m\u00ed, sin embargo, no significaban nada. Yo hac\u00eda cosas de forma ingenua sin saber que no me conven\u00edan. Mi suegra me dec\u00eda: \u201cT\u00fa no le cuentes a nadie que has tenido que trabajar\u201d. Y yo, sin embargo, estaba muy orgullosa de lo que hab\u00eda conseguido en la escuela y en el trabajo. Eso significaba que hab\u00eda podido vivir cosas muy interesantes gracias a mi capacidad.\n    <\/p>\n<p class=\"article-text\">\n        <strong>P.<\/strong> Las mujeres en C\u00f3rdoba entonces no trabajaban.\n    <\/p>\n<p class=\"article-text\">\n        <strong>R.<\/strong> No trabajaban. Y si no trabajaban eran aceptadas mejor. Las mujeres hemos tenido una vivencia muy enga\u00f1osa. No trabaj\u00e1bamos y nos met\u00edan en la cocina. Lo primero era el marido, los ni\u00f1os y la casa, y no pod\u00edas ambicionar nada m\u00e1s. Y si ten\u00edas una habilidad profesional, olv\u00eddala. Y adem\u00e1s los hombres ten\u00edan que estar siempre con los hombres y las mujeres con las mujeres. Nunca se mezclaban.\n    <\/p>\n<blockquote class=\"quote\">\n<p class=\"quote-text\">Necesito m\u00e1s tiempo para entender lo que nos rodea<\/p>\n<\/blockquote>\n<p class=\"article-text\">\n        <strong>P.<\/strong> Usted ha dicho: \u201cEra una C\u00f3rdoba clasista. Casi medieval\u201d\n    <\/p>\n<p class=\"article-text\">\n        <strong>R.<\/strong> Totalmente.\n    <\/p>\n<p class=\"article-text\">\n        <strong>P.<\/strong> \u00bfHemos llegado ya a la Ilustraci\u00f3n?\n    <\/p>\n<p class=\"article-text\">\n        <strong>R.<\/strong> Siempre hay excepciones, pero sigue siendo una ciudad demasiado clasista. Tenemos que liberarnos de muchas cosas.\n    <\/p>\n<p class=\"article-text\">\n        <strong>P.<\/strong> Usted se agarr\u00f3 a la pintura como a una tabla de salvaci\u00f3n.\n    <\/p>\n<p class=\"article-text\">\n        <strong>R.<\/strong> Nunca he analizado para qu\u00e9 necesito la pintura. Simplemente, no pod\u00eda hacer otra cosa. Formaba parte de m\u00ed. \u00bfNunca ha encontrado algo que es tan suyo que no lo cuestiona? Yo no cuestiono la pintura. Ahora me doy cuenta: la pintura me ha salvado mucho. Mucho. Mucho.\n    <\/p>\n<p class=\"article-text\">\n        <strong>P.<\/strong> Y en aquella C\u00f3rdoba provinciana y beata se agarr\u00f3 tambi\u00e9n a los c\u00edrculos progres: Carlos Castilla del Pino, el C\u00edrculo Cultural Juan XXIII, el grupo art\u00edstico Equipo 57.\n    <\/p>\n<p class=\"article-text\">\n        <strong>R.<\/strong> As\u00ed fue. Era mi naturaleza. Y afortunadamente mis grandes amistades se acercaron en esa direcci\u00f3n. Porque yo no pod\u00eda comunicarme con la C\u00f3rdoba cerrada. No era posible.\n    <\/p>\n<p class=\"article-text\">\n        <strong>P.<\/strong> Fue una luz en medio de la oscuridad.\n    <\/p>\n<p class=\"article-text\">\n        <strong>R.<\/strong> No solo para m\u00ed. Tambi\u00e9n yo para ellos. Me sent\u00eda parte de ese c\u00edrculo con el que estaba de acuerdo en muchas cosas. No he sido demasiado ambiciosa. Si uno conecta con algo o con alguien es porque hay motivos para conectar. No por buscar un beneficio social.\n    <\/p>\n<p class=\"article-text\">\n        <strong>P.<\/strong> Su primera exposici\u00f3n fue en la galer\u00eda Studio 52 en el a\u00f1o 1973.\n    <\/p>\n<p class=\"article-text\">\n        <strong>R.<\/strong> Tambi\u00e9n expuse en el C\u00edrculo de la Amistad. Ten\u00eda buena amistad con el presidente Fernando Carbonell. Me entend\u00eda bien con \u00e9l.\n    <\/p>\n<p class=\"article-text\">\n        <strong>P.<\/strong> Y nunca ha podido vivir de la pintura.\n    <\/p>\n<p class=\"article-text\">\n        <strong>R.<\/strong> Ojal\u00e1. Hubiera sido bonito, pero no sab\u00eda c\u00f3mo hacerlo. No lo s\u00e9. No me sale. Pocos artistas pueden vivir de la pintura. El otro d\u00eda le\u00ed algo que era muy interesante. Dec\u00eda que lo malo del mundo de la cultura es que en cualquier momento te puede desprestigiar.\n    <\/p>\n<p>            <img decoding=\"async\" class=\"lazy\" loading=\"lazy\" data-src=\"https:\/\/static.eldiario.es\/clip\/c8dbb4e5-b8a5-4dd8-b10e-d09697d3d2f1_16-9-discover-aspect-ratio_default_0.jpg\" src=\"data:image\/svg+xml,%3Csvg xmlns=\" http:=\"\" viewbox=\"0 0 1200 675\" alt=\"Entrevista N&amp;B a Rita Rutkowski, pintora\"\/><\/p>\n<p class=\"article-text\">\n        <strong>P.<\/strong> Pero usted ha vendido pintura.\n    <\/p>\n<p class=\"article-text\">\n        <strong>R.<\/strong> En parte s\u00ed. Yo realmente viv\u00ed de la publicidad en Nueva York. Cuando vine a C\u00f3rdoba pensaba volver pero no para recurrir otra vez a la publicidad. Pensaba prepararme para la restauraci\u00f3n. Porque hab\u00eda conocido a otros artistas que pintaban en el sector de la restauraci\u00f3n, pod\u00edan viajar, pintar su propia obra y mantenerse. El mundo de la publicidad era muy competitivo. Brutal. Y yo no soy muy competitiva.\n    <\/p>\n<p class=\"article-text\">\n        <strong>P.<\/strong> \u00bfC\u00f3mo se lleva con las nuevas tecnolog\u00edas?\n    <\/p>\n<p class=\"article-text\">\n        <strong>R.<\/strong> Con las nuevas tecnolog\u00edas me llevo mal.\n    <\/p>\n<p class=\"article-text\">\n        <strong>P.<\/strong> \u00bfPor qu\u00e9?\n    <\/p>\n<p class=\"article-text\">\n        <strong>R.<\/strong> Por mi falta de capacidad. Admito que es un adelanto si se utiliza correctamente. Yo creo que hay sitio para todo.\n    <\/p>\n<p class=\"article-text\">\n        <strong>P.<\/strong> \u00bfLas nuevas tecnolog\u00edas est\u00e1n cambiando el arte?\n    <\/p>\n<p class=\"article-text\">\n        <strong>R.<\/strong> Bastante.\n    <\/p>\n<p class=\"article-text\">\n        <strong>P.<\/strong> \u00bfA peor o a mejor?\n    <\/p>\n<p class=\"article-text\">\n        <strong>R.<\/strong> Hay una lucha entre las dos formas de entender el arte. Lo mismo pas\u00f3 con la fotograf\u00eda y luego con el cine. Yo creo que es un enriquecimiento pero no para que las nuevas tecnolog\u00edas dominen todo el arte.\n    <\/p>\n<p class=\"article-text\">\n        <strong>P.<\/strong> \u00bfQu\u00e9 le queda por decir?\n    <\/p>\n<p class=\"article-text\">\n        <strong>R.<\/strong> Lo que importa es lo que se dice. C\u00f3mo se dice es interesante, pero no es lo m\u00e1s importante.\n    <\/p>\n<blockquote class=\"quote\">\n<p class=\"quote-text\">Lo \u00fanico aut\u00e9ntico de Norteam\u00e9rica son los indios <\/p>\n<\/blockquote>\n<p class=\"article-text\">\n        <strong>P.<\/strong> Ha logrado escalar hasta los 93 a\u00f1os.\n    <\/p>\n<p class=\"article-text\">\n        <strong>R.<\/strong> Mi padre lleg\u00f3 a 102 a\u00f1os.\n    <\/p>\n<p class=\"article-text\">\n        <strong>P.<\/strong> Todav\u00eda le queda un buen tramo.\n    <\/p>\n<p class=\"article-text\">\n        <strong>R.<\/strong> No creo que llegue.\n    <\/p>\n<p class=\"article-text\">\n        <strong>P.<\/strong> \u00bfPor qu\u00e9?\n    <\/p>\n<p class=\"article-text\">\n        <strong>R.<\/strong> La verdad es que mi padre no era m\u00e1s fuerte. Todo lo contrario. Ten\u00eda una composici\u00f3n muy sabia y muy sencilla. Cualquier relaci\u00f3n que ten\u00eda era una aut\u00e9ntica relaci\u00f3n. No forzaba nada. Yo aprend\u00ed mucho de \u00e9l. Mucho. Tuvo un problema de salud. Ten\u00eda c\u00e1ncer de colon, pero lleg\u00f3 a 102 a\u00f1os. Yo creo que eso es suerte.\n    <\/p>\n<p class=\"article-text\">\n        <strong>P.<\/strong> Y fortaleza.\n    <\/p>\n<p class=\"article-text\">\n        <strong>R.<\/strong> Fortaleza en cierta manera, porque no era un hombre forzudo.\n    <\/p>\n<p class=\"article-text\">\n        <strong>P.<\/strong> Llegar a 102 a\u00f1os es un signo de fortaleza vital.\n    <\/p>\n<p class=\"article-text\">\n        <strong>R.<\/strong> No se vino abajo porque estuviera tocado. Segu\u00eda viviendo. Haciendo lo suyo. Nunca tuvo una posici\u00f3n dominante en mi familia. Era positivo y m\u00e1s bien risue\u00f1o. E incluso estando enfermo no amargaba la vida de nadie.\n    <\/p>\n<blockquote class=\"quote\">\n<p class=\"quote-text\">C\u00f3rdoba sigue siendo una ciudad clasista<\/p>\n<\/blockquote>\n<p class=\"article-text\">\n        <strong>P.<\/strong> \u00bfC\u00f3mo se ve la vida desde la novena planta?\n    <\/p>\n<p class=\"article-text\">\n        <strong>R.<\/strong> Muy complicada.\n    <\/p>\n<p class=\"article-text\">\n        <strong>P.<\/strong> \u00bfPor qu\u00e9?\n    <\/p>\n<p class=\"article-text\">\n        <strong>R.<\/strong> Es m\u00e1s de lo que parece. Mucho m\u00e1s. En este tiempo que estamos de tecnolog\u00eda muy fuerte, si no te preparas para ello est\u00e1s excluido. Yo me noto excluida porque no comprendo todo lo que est\u00e1 pasando. He tenido ordenador pero ya no me interesa.\n    <\/p>\n<p class=\"article-text\">\n        <strong>P.<\/strong> \u00bfY tiene redes sociales?\n    <\/p>\n<p class=\"article-text\">\n        <strong>R.<\/strong> No. No me interesa. Conozco Google y el otro de los v\u00eddeos personales caseros.\n    <\/p>\n<p class=\"article-text\">\n        <strong>P.<\/strong> YouTube.\n    <\/p>\n<p class=\"article-text\">\n        <strong>R.<\/strong> S\u00ed. Me hace gracia, pero no tanto. Yo me siento excluida de todo eso. No me he preparado para las nuevas tecnolog\u00edas y lo reconozco.\n    <\/p>\n<p class=\"article-text\">\n        <strong>P.<\/strong> Es un mundo que va demasiado r\u00e1pido.\n    <\/p>\n<p class=\"article-text\">\n        <strong>R.<\/strong> Las opiniones y las noticias van muy r\u00e1pidas. Y yo necesito m\u00e1s tiempo para entender todo lo que nos rodea.\n    <\/p>\n<p>            <img decoding=\"async\" class=\"lazy\" loading=\"lazy\" data-src=\"https:\/\/static.eldiario.es\/clip\/002e6dc2-5d11-40b3-9f15-364e43b3099d_16-9-discover-aspect-ratio_default_0.jpg\" src=\"data:image\/svg+xml,%3Csvg xmlns=\" http:=\"\" viewbox=\"0 0 1200 675\" alt=\"Entrevista N&amp;B a Rita Rutkowski, pintora\"\/><\/p>\n","protected":false},"excerpt":{"rendered":"Son las cinco de la tarde de un d\u00eda lluvioso. Rita Rutkowski abre la puerta de su casa.&hellip;\n","protected":false},"author":2,"featured_media":312552,"comment_status":"","ping_status":"","sticky":false,"template":"","format":"standard","meta":{"footnotes":""},"categories":[173],"tags":[229,233,231,230,232,234,24460,146,147,25,24,5010,19109,11608,12995,73409,6746,23],"class_list":{"0":"post-312551","1":"post","2":"type-post","3":"status-publish","4":"format-standard","5":"has-post-thumbnail","7":"category-arte-y-diseno","8":"tag-arte","9":"tag-arte-y-diseno","10":"tag-arts","11":"tag-arts-and-design","12":"tag-design","13":"tag-diseno","14":"tag-emigrante","15":"tag-entertainment","16":"tag-entretenimiento","17":"tag-es","18":"tag-espana","19":"tag-eterna","20":"tag-he","21":"tag-pintora","22":"tag-rita","23":"tag-rutkowski","24":"tag-sido","25":"tag-spain"},"share_on_mastodon":{"url":"https:\/\/pubeurope.com\/@es\/115804514749129610","error":""},"_links":{"self":[{"href":"https:\/\/www.europesays.com\/es\/wp-json\/wp\/v2\/posts\/312551","targetHints":{"allow":["GET"]}}],"collection":[{"href":"https:\/\/www.europesays.com\/es\/wp-json\/wp\/v2\/posts"}],"about":[{"href":"https:\/\/www.europesays.com\/es\/wp-json\/wp\/v2\/types\/post"}],"author":[{"embeddable":true,"href":"https:\/\/www.europesays.com\/es\/wp-json\/wp\/v2\/users\/2"}],"replies":[{"embeddable":true,"href":"https:\/\/www.europesays.com\/es\/wp-json\/wp\/v2\/comments?post=312551"}],"version-history":[{"count":0,"href":"https:\/\/www.europesays.com\/es\/wp-json\/wp\/v2\/posts\/312551\/revisions"}],"wp:featuredmedia":[{"embeddable":true,"href":"https:\/\/www.europesays.com\/es\/wp-json\/wp\/v2\/media\/312552"}],"wp:attachment":[{"href":"https:\/\/www.europesays.com\/es\/wp-json\/wp\/v2\/media?parent=312551"}],"wp:term":[{"taxonomy":"category","embeddable":true,"href":"https:\/\/www.europesays.com\/es\/wp-json\/wp\/v2\/categories?post=312551"},{"taxonomy":"post_tag","embeddable":true,"href":"https:\/\/www.europesays.com\/es\/wp-json\/wp\/v2\/tags?post=312551"}],"curies":[{"name":"wp","href":"https:\/\/api.w.org\/{rel}","templated":true}]}}