{"id":312559,"date":"2025-12-29T19:35:07","date_gmt":"2025-12-29T19:35:07","guid":{"rendered":"https:\/\/www.europesays.com\/es\/312559\/"},"modified":"2025-12-29T19:35:07","modified_gmt":"2025-12-29T19:35:07","slug":"una-desprescripcion-para-la-depresion-que-combina-una-reduccion-gradual-de-antidepresivos-y-un-apoyo-psicologico-reduce-las-recaidas","status":"publish","type":"post","link":"https:\/\/www.europesays.com\/es\/312559\/","title":{"rendered":"Una desprescripci\u00f3n para la depresi\u00f3n que combina una reducci\u00f3n gradual de antidepresivos y un apoyo psicol\u00f3gico reduce las reca\u00eddas"},"content":{"rendered":"<p><strong>Redacci\u00f3n<\/strong><br \/>La <strong>Universidad de Verona<\/strong> (<strong>Italia<\/strong>) ha presentado los resultados de una revisi\u00f3n sistem\u00e1tica y un metaan\u00e1lisis en red de 76 ensayos controlados aleatorios, que ha mostrado que una <strong>reducci\u00f3n gradual e individualizada de los antidepresivos, acompa\u00f1ado de un apoyo psicol\u00f3gico estructurado<\/strong> puede ser igual de eficaz como permanecer tomando antidepresivos para prevenir las reca\u00eddas. <a href=\"https:\/\/www.thelancet.com\/journals\/lanpsy\/article\/PIIS2215-0366(25)00330-X\/abstract\" rel=\"nofollow noopener\" target=\"_blank\">Publicado<\/a> en la revista The Lancet Psychiatry, los autores del estudio enfatizan que estos hallazgos no sugieren que los antidepresivos sean innecesarios ni que la psicoterapia por s\u00ed sola sea suficiente, aunque subrayan la importancia de adaptar la desprescripci\u00f3n a cada individuo.<\/p>\n<p>Los datos analizados incluyeron a <strong>17.379 adultos<\/strong> (con una edad promedio de 45 a\u00f1os, de los cuales el 68% son mujeres y el 88%, blancos) con depresi\u00f3n remitida total o parcialmente (definida como s\u00edntomas leves a insignificantes, pero criterios de diagn\u00f3stico no cumplidos; en una revisi\u00f3n de 60 estudios) o trastornos de ansiedad (16 estudios) que recibieron tratamiento antidepresivo que fueron seguidos durante un promedio de 10 a 11 meses.<\/p>\n<p>El <strong>metaan\u00e1lisis en red compar\u00f3 directamente la eficacia de todas las estrategias principales de deprescripci\u00f3n<\/strong> sobre la tasa de reca\u00edda (un nuevo episodio de depresi\u00f3n o ansiedad), cada una con o sin apoyo psicol\u00f3gico: interrupci\u00f3n repentina de un antidepresivo (reemplazado por una pastilla placebo); reducci\u00f3n r\u00e1pida (reducci\u00f3n de la dosis del medicamento durante cuatro semanas o menos); reducci\u00f3n gradual lenta (reducci\u00f3n de la dosis del medicamento durante m\u00e1s de cuatro semanas); reducci\u00f3n de la dosis (50% o menos de la dosis m\u00ednima efectiva); o continuar el tratamiento antidepresivo.<\/p>\n<p>Para evitar la ca\u00edda, es importante adaptar la desprescripci\u00f3n a cada individuo<\/p>\n<p>\u201cHasta ahora se sab\u00eda que discontinuar con antidepresivos aumentaba el riesgo de reca\u00edda, pero no se hab\u00eda estudiado sistem\u00e1ticamente el efecto de la velocidad de retirada ni el impacto de a\u00f1adir apoyo psicol\u00f3gico breve. Este estudio es el primero que sintetiza los datos de forma completa y comparativa\u201d, comenta el <strong>Dr. <\/strong><strong>Gerard Anmella<\/strong>, psiquiatra e investigador de la Unidad de Trastornos Depresivos y Bipolares del <strong>Hospital Cl\u00ednic de Barcelona<\/strong>, en declaraciones a SMC Espa\u00f1a.<\/p>\n<p>El resultado demostr\u00f3 que la reducci\u00f3n gradual de la dosis de antidepresivos, combinada con apoyo psicol\u00f3gico, <strong>previno las reca\u00eddas durante el a\u00f1o siguiente<\/strong> en una medida similar a la de continuar con un antidepresivo en dosis est\u00e1ndar (con o sin apoyo psicol\u00f3gico). Los investigadores estimaron que este <strong>tipo de abordaje podr\u00edan prevenir una reca\u00edda por cada cinco individuos<\/strong>, en comparaci\u00f3n con la interrupci\u00f3n abrupta o la reducci\u00f3n r\u00e1pida, ofreciendo un beneficio cl\u00ednicamente significativo. Por otro lado, con una evidencia menos s\u00f3lida, continuar con dosis reducidas de antidepresivos era mejor que suspender el tratamiento abruptamente y reducirlo r\u00e1pidamente para reducir las reca\u00eddas.<\/p>\n<p>Este tipo de abordaje podr\u00eda prevenir una reca\u00edda por cada cinco individuos<\/p>\n<p>Adem\u00e1s, combinar apoyo psicol\u00f3gico con una reducci\u00f3n gradual, ya sea lenta o r\u00e1pida, fue significativamente m\u00e1s eficaz para reducir las reca\u00eddas que la reducci\u00f3n gradual r\u00e1pida o lenta sola, aunque la calidad de la evidencia al respecto fue baja. Por otro lado, la informaci\u00f3n sobre los s\u00edntomas de abstinencia y otros factores cl\u00ednicamente relevantes fue escasa o inexistente, lo que limit\u00f3 la comprensi\u00f3n de la posible influencia de los s\u00edntomas de abstinencia, as\u00ed como de la calidad de vida y el funcionamiento social. En el caso de la ansiedad, los autores se\u00f1alan que la evidencia fue menos s\u00f3lida y requiere confirmaci\u00f3n en ensayos espec\u00edficos para brindar a los m\u00e9dicos y pacientes informaci\u00f3n precisa basada en evidencia sobre la cual basar sus decisiones.<\/p>\n<p>Para la <strong>Dra. Debora Zaccoletti<\/strong>, de la Universidad de Verona, \u201cestos hallazgos resaltan la necesidad de actualizar las pautas cl\u00ednicas para promover revisiones peri\u00f3dicas del tratamiento y una deprescripci\u00f3n individualizada con reducci\u00f3n gradual y apoyo psicol\u00f3gico estructurado para los pacientes con depresi\u00f3n que se sienten mejor y desean dejar la medicaci\u00f3n\u201d.<\/p>\n","protected":false},"excerpt":{"rendered":"Redacci\u00f3nLa Universidad de Verona (Italia) ha presentado los resultados de una revisi\u00f3n sistem\u00e1tica y un metaan\u00e1lisis en red&hellip;\n","protected":false},"author":2,"featured_media":312560,"comment_status":"","ping_status":"","sticky":false,"template":"","format":"standard","meta":{"footnotes":""},"categories":[92],"tags":[6090,2378,25,24,1084,165,1817,1600,166,23],"class_list":{"0":"post-312559","1":"post","2":"type-post","3":"status-publish","4":"format-standard","5":"has-post-thumbnail","7":"category-salud","8":"tag-b1","9":"tag-depresion","10":"tag-es","11":"tag-espana","12":"tag-estudios","13":"tag-health","14":"tag-pacientes","15":"tag-psicologia","16":"tag-salud","17":"tag-spain"},"share_on_mastodon":{"url":"https:\/\/pubeurope.com\/@es\/115804538705313639","error":""},"_links":{"self":[{"href":"https:\/\/www.europesays.com\/es\/wp-json\/wp\/v2\/posts\/312559","targetHints":{"allow":["GET"]}}],"collection":[{"href":"https:\/\/www.europesays.com\/es\/wp-json\/wp\/v2\/posts"}],"about":[{"href":"https:\/\/www.europesays.com\/es\/wp-json\/wp\/v2\/types\/post"}],"author":[{"embeddable":true,"href":"https:\/\/www.europesays.com\/es\/wp-json\/wp\/v2\/users\/2"}],"replies":[{"embeddable":true,"href":"https:\/\/www.europesays.com\/es\/wp-json\/wp\/v2\/comments?post=312559"}],"version-history":[{"count":0,"href":"https:\/\/www.europesays.com\/es\/wp-json\/wp\/v2\/posts\/312559\/revisions"}],"wp:featuredmedia":[{"embeddable":true,"href":"https:\/\/www.europesays.com\/es\/wp-json\/wp\/v2\/media\/312560"}],"wp:attachment":[{"href":"https:\/\/www.europesays.com\/es\/wp-json\/wp\/v2\/media?parent=312559"}],"wp:term":[{"taxonomy":"category","embeddable":true,"href":"https:\/\/www.europesays.com\/es\/wp-json\/wp\/v2\/categories?post=312559"},{"taxonomy":"post_tag","embeddable":true,"href":"https:\/\/www.europesays.com\/es\/wp-json\/wp\/v2\/tags?post=312559"}],"curies":[{"name":"wp","href":"https:\/\/api.w.org\/{rel}","templated":true}]}}