{"id":31256,"date":"2025-08-07T09:30:16","date_gmt":"2025-08-07T09:30:16","guid":{"rendered":"https:\/\/www.europesays.com\/es\/31256\/"},"modified":"2025-08-07T09:30:16","modified_gmt":"2025-08-07T09:30:16","slug":"me-gusta-colaborar-a-que-la-gente-disfrute-de-la-nba","status":"publish","type":"post","link":"https:\/\/www.europesays.com\/es\/31256\/","title":{"rendered":"Me gusta colaborar a que la gente disfrute de la NBA"},"content":{"rendered":"<p class=\"ft-text\"><strong>En exclusiva para SPORT<\/strong>, charlamos con <strong>Antoni Daimiel<\/strong>, uno de los periodistas deportivos m\u00e1s reconocidos del panorama nacional, cuya voz y an\u00e1lisis han acompa\u00f1ado a generaciones de aficionados al baloncesto. Con m\u00e1s de tres d\u00e9cadas de experiencia, Daimiel nos abre las puertas de su trayectoria, su visi\u00f3n del deporte actual y su v\u00ednculo con la <strong>NBA<\/strong>, competici\u00f3n que ha narrado y vivido como pocos.<\/p>\n<p class=\"ft-text\"><strong>\u00bfC\u00f3mo est\u00e1s llevando estos d\u00edas de vacaciones? \u00bfDesconectas del todo o sigues atento a la actualidad?<\/strong><\/p>\n<p class=\"ft-text\">Cada vez me cuesta m\u00e1s desconectar del todo, lo he hecho a veces. Del todo, del todo no, pero s\u00ed trato de incluso ir a sitios de poca cobertura. Estoy adapt\u00e1ndome al tiempo de vacaciones, bajando el nivel de intensidad y de compromiso poco a poco para que no sea de golpe, en la mejor \u00e9poca del a\u00f1o<\/p>\n<p class=\"ft-text\"><strong>\u00bfEres m\u00e1s de playa, piscina, monta\u00f1a?<\/strong><\/p>\n<p class=\"ft-text\">Me gusta todo, siempre que sean vacaciones. Pero s\u00ed, soy bastante de playa en los \u00faltimos a\u00f1os y adem\u00e1s soy muy exigente barra sibarita con la playa. Me gusta que haya poca gente, que est\u00e9 el agua cristalina, que la arena sea harina. Y bueno, no es f\u00e1cil. No es f\u00e1cil hoy en d\u00eda encontrar esas condiciones en estos meses de julio y agosto<\/p>\n<p class=\"ft-text\"><strong>Temporada larga la de este a\u00f1o. \u00bfC\u00f3mo la has vivido?<\/strong><\/p>\n<p class=\"ft-text\">Muy bien. Ha sido una gran temporada. La NBA, con siete campeones distintos en siete a\u00f1os, es muy imprevisible, lo cual me encanta. Es una liga que genera inter\u00e9s constante, tanto por su ritmo de competici\u00f3n como por el movimiento en fichajes y traspasos. Creo que los playoffs han estado muy bien, siempre hay desde luego temas un poco dif\u00edciles de tratar porque hay mucha gente que sigue por ejemplo desde aqu\u00ed o bien a Lakers, Celtics, a los Knicks\u2026 y a veces cuando tratas de comunicar sobre NBA, de contar c\u00f3mo es la liga, pues te encuentras cuando das una opini\u00f3n con gente que no est\u00e1 a gusto con esa manera de pensar. En los \u00faltimos a\u00f1os el fanatismo ha invadido bastante tambi\u00e9n a los seguidores de la NBA. Sin embargo, la competici\u00f3n pone a cada uno en su sitio y obviamente. Llevar 30 a\u00f1os comentando en televisi\u00f3n NBA y sigui\u00e9ndola profundamente implica que soy muy mayor, pero tambi\u00e9n implica que algo m\u00e1s de ventaja puedo tener a la hora de prever, de predecir o incluso de analizar o explicar esta competici\u00f3n.<\/p>\n<p><img decoding=\"async\" src=\"https:\/\/www.europesays.com\/es\/wp-content\/uploads\/2025\/08\/87e71fce-78bd-472a-986c-7a603a64eb6a_alta-libre-aspect-ratio_default_0.jpg\" width=\"1200\" height=\"800\" alt=\"Antoni Daimiel junto al etereno Andr\u00e9s Montes\" class=\"ft-helper-img-rd\" loading=\"lazy\" hasdataaida=\"true\"\/><\/p>\n<p class=\"ft-helper-fontColor-quaternary ft-helper-fontSize-body-S ft-helper-spacer-t-xxs\">Antoni Daimiel junto al etereno Andr\u00e9s Montes  \/ GERMAN G. CASANOVA<\/p>\n<p class=\"ft-text\"><strong>T\u00fa que llevas mucho tiempo, \u00bfHa estado siempre este fanatismo tan vivo?<\/strong><\/p>\n<p class=\"ft-text\">No. No ha estado siempre, no. Para nada.<\/p>\n<p class=\"ft-text\"><strong>\u00bfC\u00f3mo o por qu\u00e9 crees que se ha generado este fanatismo?<\/strong><\/p>\n<p class=\"ft-text\">Esto es una cosa de los \u00faltimos a\u00f1os. Creo se ha intensificado bastante el fanatismo, el &#8216;bufandeo&#8217;, por as\u00ed decir, en el mundo del deporte. Se ha incrementado porque se ha despenalizado el hacer periodismo, comunicaci\u00f3n sobre estos par\u00e1metros. Cuando yo era ni\u00f1o, adolescente o cuando empec\u00e9 en esta profesi\u00f3n, casi siempre estaba mal visto que fueras muy forofo y que eso condicionara tus juicios o tus an\u00e1lisis. Como digo, se despenaliz\u00f3 del todo hasta tal punto que las \u00faltimas generaciones se han criado en eso. Luego tambi\u00e9n las redes sociales han ido a enturbiar todav\u00eda m\u00e1s ese campo de acci\u00f3n, ese terreno de juego por as\u00ed decir. Lo ha enturbiado m\u00e1s y es una complicaci\u00f3n desde luego. Hay que saber convivir con ello.<\/p>\n<p class=\"ft-text\"><strong>En las Finales tuvimos a dos equipos con menos tir\u00f3n medi\u00e1tico: Thunder y Pacers. \u00bfCumplieron tus expectativas?<\/strong><\/p>\n<p class=\"ft-text\">S\u00ed. Yo reconozco que albergaba alguna duda con Oklahoma por dos cuestiones. Sobre todo, no tanto por la juventud. Obviamente, la experiencia es importante en los playoffs, pero lo fui comentando durante la temporada. Ten\u00eda la duda de c\u00f3mo iba a estar el equipo de acertado en el tiro exterior, dependiendo tambi\u00e9n de la exigencia que le pusieran los rivales. Y luego tambi\u00e9n ten\u00eda dudas con lo de la utilizaci\u00f3n de los dos jugadores grandes en pista, Holmgren y Hartenstein.<\/p>\n<p class=\"ft-text\"><strong>Parec\u00eda que Mark Daigneault hasta dudaba en momentos de las Finales&#8230;<\/strong><\/p>\n<p class=\"ft-text\">S\u00ed. Ellos hicieron esa apuesta, pero luego, como yo m\u00e1s o menos anticipaba, cuando lleg\u00f3 la hora de la verdad coincidieron poco. Quiz\u00e1s el equipo ha sido tan completo en muchas o en la mayor parte de los par\u00e1metros del juego, que si ha habido alg\u00fan partido en el que no han estado acertados en el tiro exterior, les ha valido para ir salvando las eliminatorias. Dos de ellas ganadas en el s\u00e9ptimo partido, pero justos campeones y justos dominadores en el oeste.<\/p>\n<p class=\"ft-text\"><strong>\u00bfY los Pacers?<\/strong><\/p>\n<p class=\"ft-text\">M\u00e1s sorpresivos. En mis \u00e1mbitos de Movistar o del video podcast de &#8216;3 + 1&#8217; hemos ido avisando. Ya fueron finalistas del Este el a\u00f1o anterior. Sus rotaciones largas funcionaron. Lo curioso fue c\u00f3mo el p\u00fablico se enganch\u00f3 a la final pese a la falta de estrellas medi\u00e1ticas. El s\u00e9ptimo partido tuvo una gran audiencia, y eso demuestra que el buen baloncesto atrae m\u00e1s all\u00e1 de los nombres.<\/p>\n<p class=\"ft-text\"><strong>\u00bfCrees que esto fue una de las claves de este auge de la audiencia? <\/strong><\/p>\n<p class=\"ft-text\">Siempre es m\u00e1s f\u00e1cil con grandes nombres. A veces nosotros tendemos a pensar en terminolog\u00eda de baloncesto europeo por esos nombres como Antetokounmpo, Jokic, Doncic&#8230; todos estos nombres nos llaman mucho la atenci\u00f3n y son jugadores tambi\u00e9n de gran reclamo en Estados Unidos pero eso no lo es todo. Hay que tener en cuenta que en estas Finales se ha jugado m\u00e1s r\u00e1pido que nunca en los \u00faltimos a\u00f1os. Han sido partidos con unos \u00faltimos cuartos, varios de ellos, tremendos, con remontadas, con un partido que se decide con un tiro en el \u00faltimo segundo. Hemos tenido todos los ingredientes de un gran largometraje. Y la propia final, los equipos protagonistas y los jugadores se han ido ganando seg\u00fan ha avanzado la serie, el hecho de que cada vez m\u00e1s gente quisiera verlo y estuviera pendiente de esa resoluci\u00f3n de la temporada.<\/p>\n<p class=\"ft-text\"><strong>\u00bfCrees que la lesi\u00f3n de Halibarton en el \u00faltimo partido ser\u00e1 uno de los mayores &#8216;What if&#8230;&#8217; de los \u00faltimos tiempos de la NBA?<\/strong><\/p>\n<p class=\"ft-text\">S\u00ed, eso quedar\u00e1 siempre ah\u00ed la verdad. Sobre todo por c\u00f3mo \u00e9l hab\u00eda empezado el partido. Eso te condiciona ya un poco para pensar en lo que pudo haber sido y no pudo ser. Yo cuando con Haliburton, no s\u00e9 si fue antes del cuarto o del sexto partido, se empieza a hablar mucho de esa lesi\u00f3n de gemelo, creo que adem\u00e1s se relesiona un poco en el quinto y luego en el sexto era duda y acaba jugando y juega bien. Yo pensaba: \u00abObviamente, es muy importante para Indiana\u00bb. Sin embargo, quiz\u00e1s jugar con un jugador que estaba un 30-40% de rendimiento es peor. Indiana ten\u00eda profundidad de banquillo para al menos haberle dado algo m\u00e1s de descanso. Pero claro, en el sexto lo hizo realmente bien. Y luego, si analizamos con cuidado lo que ocurri\u00f3 en el s\u00e9ptimo y definitivo partido, obviamente se ech\u00f3 de menos. Se ech\u00f3 de menos porque ellos perdieron balones. Cuando &#8216;Hali&#8217; estaba en pista est\u00e1 demostrado que los Pacers perd\u00edan pocos balones. Adem\u00e1s, obviamente faltaron puntos en ese tercer cuarto. El equipo no pudo correr porque con McConnell o incluso con Nembhard no corren tanto. Con Haliburton s\u00ed. Con \u00e9l cada rebote defensivo se convierte en una posibilidad de jugada en transici\u00f3n y eso les falt\u00f3 tambi\u00e9n en la segunda mitad de ese s\u00e9ptimo partido.<\/p>\n<p class=\"ft-text\"><strong>Hablando de claves: Oklahoma destac\u00f3 por su defensa. \u00bfCrees que marcar\u00e1n tendencia?<\/strong><\/p>\n<p class=\"ft-text\">Totalmente. Tienen una defensa sobresaliente. Siempre ha habido equipos que defend\u00edan bien, pero hay mucho relato confuso en Europa sobre que en la NBA no se defiende. Es muy exigente f\u00edsicamente y, desde hace a\u00f1o y medio, con cambios en el arbitraje, se permite m\u00e1s contacto. Eso ha hecho la liga m\u00e1s dura y competitiva.<\/p>\n<p class=\"ft-text\"><strong>Hace unos meses hablamos con Isiah Thomas, la leyenda de los Pistons, nos comentaba que \u00e9l hab\u00eda visto un cambio radical en el juego desde sus tiempos. Se atrevi\u00f3 a decir que la NBA era mejor en sus tiempos. \u00bfCompartes su opini\u00f3n?<\/strong><\/p>\n<p class=\"ft-text\">Es\u00a0una expresi\u00f3n\u00a0tan grande lo de \u00abla NBA era mejor\u00bb. \u00bfLos jugadores son mejores ahora o antes? Yo creo que son mejores ahora, en t\u00e9rminos generales, contando condiciones t\u00e9cnicas,\u00a0tiro,\u00a0lectura t\u00e1ctica,\u00a0f\u00edsico por supuesto&#8230; son mejores ahora. Hoy en d\u00eda se tiene mejor porcentaje de acierto en tiros libres que nunca, en tiros de tres, etc.\u00a0\u00bfQu\u00e9 ocurre? Que la NBA a veces es mejor o peor dependiendo del nivel de excelencia que alcancen algunos equipos medi\u00e1ticos,\u00a0dependiendo de las rivalidades o\u00a0c\u00f3mo se den algunas eliminatorias de playoffs. Eso hace que la gente te va dando opiniones tambi\u00e9n\u00a0y est\u00e1n determinados por su propia vida, por su edad. A todo el mundo que tiene m\u00e1s de 40 y tantos a\u00f1os le parece todo mejor de su juventud. Tiene muy buenos recuerdos de c\u00f3mo vivi\u00f3 eso. Yo creo que la NBA de los 80 fue magn\u00edfica porque se recicl\u00f3, se reconvirti\u00f3 a mejor en los a\u00f1os 80 gracias a David Stern. M\u00e1s tarde a finales de los 80 y en los 90 la NBA pasa una crisis. Yo creo que porque los entrenadores se adue\u00f1aron del juego en un sentido conservador. Te encontrabas con muchos partidos que era un tost\u00f3n. Esto fue cambiando progresivamente y creo que ahora vivimos una muy buena \u00e9poca porque la dinast\u00eda de los Warriors nos ha dado muy buenos a\u00f1os. Adem\u00e1s, tener siete campeones diferentes en siete a\u00f1os creo que es algo de un precio incalculable para la NBA por esa condici\u00f3n de imprevisible. Hace 20-25 a\u00f1os t\u00fa llegabas al mes de febrero-marzo y s\u00f3lo hab\u00eda dos o tres candidatos para el MVP. Ahora hemos tenido muchos a\u00f1os en los que hemos llegado al All-Star enero-febrero con seis, siete candidatos posibles al MVP.<\/p>\n<p class=\"ft-text\"><strong>Son siete campeones en siete a\u00f1os pero, \u00bfVes a los Thunder como una futura dinast\u00eda?<\/strong><\/p>\n<p class=\"ft-text\">Lo hemos pensado con Toronto en el 19, con Denver en el 23, con Boston el a\u00f1o pasado y f\u00edjate. Hay muchas cuestiones\u00a0incalculables que pueden influir. Lesiones\u00a0de repente, egos&#8230; OKC\u00a0parece un vestuario fant\u00e1stico en cuanto a relaciones entre ellos, pero\u00a0pueden llegar dos extensiones de contrato a otro que lo cortan y empiezan ah\u00ed problemas que luego se expresan en la cancha. Pero ellos lo tienen todo. Tienen un buen grupo, una mega estrella, un Big Three. Da toda la impresi\u00f3n. Luego tienen mucha disponibilidad en picks de draft. Hay que estar atentos&#8230; Desde luego ser\u00e1 el gran favorito,\u00a0pero\u00a0cualquier\u00a0resbal\u00f3n, cualquier mal paso puede darle la oportunidad a otra franquicia.<\/p>\n<p class=\"ft-text\"><strong>Hay una dinast\u00eda aqu\u00ed en Espa\u00f1a que es la &#8216;dinast\u00eda de Daimiel&#8217; \u00bfQu\u00e9 es lo que m\u00e1s te gusta de tu profesi\u00f3n?<\/strong><\/p>\n<p class=\"ft-text\">Pues mira, hay cosas que indudablemente me gustan. Me gusta colaborar a que la gente disfrute de la NBA. Yo m\u00e1s o menos soy consciente de que he ayudado. He puesto mi granito de arena en que a alguien le guste un poco m\u00e1s la NBA. Eso me da cierto placer, desde luego. Me gusta una cosa que valoro much\u00edsimo, de lo que m\u00e1s, que de repente adolescentes se acerquen y quieran hablar conmigo o me pidan una foto, un aut\u00f3grafo porque a eso le doy mucho valor. Vivimos en una sociedad en la que las generaciones est\u00e1n muy separadas por gustos, por barreras de todo tipo y eso creo que demuestra que algo bueno habr\u00e9 hecho\u00a0si esa gente de esa edad que tiene\u00a0otras maneras de pensar aprecia lo que yo hago. Y luego hay muchas cosas tambi\u00e9n que me gustan menos como los horarios,\u00a0los fines de semana ocupados, etc. Pero\u00a0tengo\u00a0mucho orgullo\u00a0de haber estado 30 a\u00f1os, que es much\u00edsimo tiempo, para muchos demasiado tiempo. Lo hemos estado haciendo lo mejor posible, lo mejor que sab\u00eda y para m\u00ed ha sido un honor porque le debo mucho tanto a la televisi\u00f3n como a la propia NBA.<\/p>\n","protected":false},"excerpt":{"rendered":"En exclusiva para SPORT, charlamos con Antoni Daimiel, uno de los periodistas deportivos m\u00e1s reconocidos del panorama nacional,&hellip;\n","protected":false},"author":2,"featured_media":31257,"comment_status":"","ping_status":"","sticky":false,"template":"","format":"standard","meta":{"footnotes":""},"categories":[269],"tags":[16437,299,298,16438,3010,168,16440,25,24,16439,260,9647,1725,23,167,16441],"class_list":{"0":"post-31256","1":"post","2":"type-post","3":"status-publish","4":"format-standard","5":"has-post-thumbnail","7":"category-baloncesto","8":"tag-antoni","9":"tag-baloncesto","10":"tag-basketball","11":"tag-colaborar","12":"tag-daimiel","13":"tag-deportes","14":"tag-entrevistas-de-verano","15":"tag-es","16":"tag-espana","17":"tag-ev","18":"tag-gente","19":"tag-gusta","20":"tag-nba","21":"tag-spain","22":"tag-sports","23":"tag-summer-talks"},"share_on_mastodon":{"url":"","error":""},"_links":{"self":[{"href":"https:\/\/www.europesays.com\/es\/wp-json\/wp\/v2\/posts\/31256","targetHints":{"allow":["GET"]}}],"collection":[{"href":"https:\/\/www.europesays.com\/es\/wp-json\/wp\/v2\/posts"}],"about":[{"href":"https:\/\/www.europesays.com\/es\/wp-json\/wp\/v2\/types\/post"}],"author":[{"embeddable":true,"href":"https:\/\/www.europesays.com\/es\/wp-json\/wp\/v2\/users\/2"}],"replies":[{"embeddable":true,"href":"https:\/\/www.europesays.com\/es\/wp-json\/wp\/v2\/comments?post=31256"}],"version-history":[{"count":0,"href":"https:\/\/www.europesays.com\/es\/wp-json\/wp\/v2\/posts\/31256\/revisions"}],"wp:featuredmedia":[{"embeddable":true,"href":"https:\/\/www.europesays.com\/es\/wp-json\/wp\/v2\/media\/31257"}],"wp:attachment":[{"href":"https:\/\/www.europesays.com\/es\/wp-json\/wp\/v2\/media?parent=31256"}],"wp:term":[{"taxonomy":"category","embeddable":true,"href":"https:\/\/www.europesays.com\/es\/wp-json\/wp\/v2\/categories?post=31256"},{"taxonomy":"post_tag","embeddable":true,"href":"https:\/\/www.europesays.com\/es\/wp-json\/wp\/v2\/tags?post=31256"}],"curies":[{"name":"wp","href":"https:\/\/api.w.org\/{rel}","templated":true}]}}