{"id":312567,"date":"2025-12-29T19:39:15","date_gmt":"2025-12-29T19:39:15","guid":{"rendered":"https:\/\/www.europesays.com\/es\/312567\/"},"modified":"2025-12-29T19:39:15","modified_gmt":"2025-12-29T19:39:15","slug":"netanyahu-se-reune-con-trump-en-eeuu-para-hablar-del-futuro-de-la-tregua-en-gaza","status":"publish","type":"post","link":"https:\/\/www.europesays.com\/es\/312567\/","title":{"rendered":"Netanyahu se re\u00fane con Trump en EEUU para hablar del futuro de la tregua en Gaza"},"content":{"rendered":"<p>    <img src=\"https:\/\/www.europesays.com\/es\/wp-content\/uploads\/2025\/12\/2025-12-29T053A383A57Z-90699508.jpg\" width=\"1024\" height=\"576\" alt=\"\" loading=\"eager\" decoding=\"sync\" fetchpriority=\"high\"\/><\/p>\n<p>            afp_tickers        <\/p>\n<p>        Este contenido fue publicado en    <\/p>\n<p>        29 diciembre 2025 &#8211; 18:59\n<\/p>\n<p>El primer ministro de Israel, Benjam\u00edn Netanyahu, se re\u00fane este lunes con Donald Trump en Florida, en momentos en que el presidente de Estados Unidos presiona para avanzar a la siguiente etapa del fr\u00e1gil plan de tregua en Gaza.<\/p>\n<p>La reuni\u00f3n en el complejo Mar-a-Lago de Trump, la quinta entre los dos l\u00edderes que se celebra en Estados Unidos este a\u00f1o, se produce en un momento en el que funcionarios de la Casa Blanca temen que Israel y Ham\u00e1s est\u00e9n retrasando la aplicaci\u00f3n de la segunda fase del alto el fuego.<\/p>\n<p>Trump, que afirm\u00f3 que este encuentro se celebra a petici\u00f3n de Netanyahu, estar\u00eda ansioso por anunciar antes de enero un gobierno tecnocr\u00e1tico palestino para Gaza y el despliegue de una fuerza internacional de estabilizaci\u00f3n.<\/p>\n<p>La oficina de Netanyahu inform\u00f3 que se reuni\u00f3 con el secretario de Estado estadounidense, Marco Rubio, y el secretario de Defensa, Pete Hegseth, en Florida antes de sus conversaciones con Trump, previstas para las 13H00 locales (18H00 GMT).<\/p>\n<p>La portavoz del gobierno israel\u00ed, Shosh Bedrosian, dijo que Netanyahu conversar\u00e1 con Trump sobre la segunda fase del acuerdo, que implica garantizar que \u00abHam\u00e1s quede desarmado y Gaza desmilitarizada\u00bb.<\/p>\n<p>El brazo armado de Ham\u00e1s reiter\u00f3 el lunes que no entregar\u00e1 sus armas, uno de los principales puntos de fricci\u00f3n en las negociaciones del acuerdo de paz.\u00a0<\/p>\n<p>\u00abNuestro pueblo se est\u00e1 defendiendo y no entregar\u00e1 sus armas mientras siga la ocupaci\u00f3n\u00bb, afirm\u00f3 la Brigada Ezzedine al Qassam en un mensaje de v\u00eddeo.\u00a0<\/p>\n<p>El grupo islamista confirm\u00f3 tambi\u00e9n la muerte de su portavoz desde hace mucho tiempo, Abu Obeida, meses despu\u00e9s de que Israel anunciara que hab\u00eda muerto en un ataque a\u00e9reo en Gaza el 30 de agosto.<\/p>\n<p>Pero Netanyahu tambi\u00e9n intentar\u00e1 presionar a Trump para llevar a cabo m\u00e1s ataques contra el programa nuclear de Teher\u00e1n por \u00abel peligro que Ir\u00e1n representa no solo para la regi\u00f3n de Oriente Medio, sino tambi\u00e9n para Estados Unidos\u00bb, afirm\u00f3 Bedrosian.<\/p>\n<p>\u2013 \u00abLa fase dos tiene que empezar\u00bb \u2013<\/p>\n<p>La visita de Netanyahu corona unos fren\u00e9ticos d\u00edas de diplomacia internacional en Palm Beach, donde Trump recibi\u00f3 el domingo a su hom\u00f3logo ucraniano, Volodimir Zelenski, para discutir el fin de la invasi\u00f3n rusa.<\/p>\n<p>El alto el fuego en Gaza en octubre es uno de los principales logros del primer a\u00f1o de Trump en su regreso en el poder, pero su administraci\u00f3n y los mediadores regionales quieren mantener el impulso.<\/p>\n<p>El enviado especial estadounidense, Steve Witkoff, y el yerno de Trump, Jared Kushner, recibieron a altos funcionarios de los pa\u00edses mediadores Catar, Egipto y Turqu\u00eda en Miami a principios de este mes.<\/p>\n<p>El momento de la reuni\u00f3n con Netanyahu es \u00abmuy significativo\u00bb, dijo Gershon Baskin, copresidente de la comisi\u00f3n de construcci\u00f3n de paz Alliance for Two States, quien ha participado en negociaciones secretas con Ham\u00e1s.<\/p>\n<p>\u00abLa fase dos tiene que empezar\u00bb, declar\u00f3 a la AFP. A\u00f1adi\u00f3 que cree \u00abque los estadounidenses se dan cuenta de que ya es tarde porque Ham\u00e1s ha tenido demasiado tiempo para restablecer su presencia\u00bb.<\/p>\n<p>La primera fase del acuerdo de tregua implic\u00f3 que Ham\u00e1s liberara a los rehenes restantes, tanto muertos como vivos, del ataque del 7 de octubre de 2023 contra Israel.<\/p>\n<p>Ham\u00e1s ha devuelto a todos salvo el cuerpo de un reh\u00e9n. Ambas partes denuncian frecuentes violaciones del alto el fuego.<\/p>\n<p>En la segunda etapa est\u00e1 previsto que Israel se retire de sus posiciones en Gaza, mientras que Ham\u00e1s debe deponer las armas.<\/p>\n<p>Adem\u00e1s, una autoridad interina debe gobernar el territorio palestino y se desplegar\u00e1 la fuerza internacional de estabilizaci\u00f3n (ISF, por sus siglas en ingl\u00e9s).<\/p>\n<p>Sin embargo, ambas partes han denunciado frecuentes violaciones del alto el fuego.<\/p>\n<p>\u2013 \u00abSe est\u00e1 frustrando con Netanyahu\u00bb \u2013<\/p>\n<p>El medio estadounidense Axios inform\u00f3 el viernes que Trump quiere convocar la primera reuni\u00f3n de un nuevo Consejo de Paz para Gaza, presidido por \u00e9l, en el foro de Davos en Suiza, en enero.<\/p>\n<p>Pero se\u00f1al\u00f3 que altos funcionarios de la Casa Blanca estaban cada vez m\u00e1s exasperados porque consideran que Netanyahu hace esfuerzos para frenar el proceso de paz.<\/p>\n<p>\u00abCada vez hay m\u00e1s se\u00f1ales de que la administraci\u00f3n estadounidense se est\u00e1 frustrando con Netanyahu\u00bb, dijo Yossi Mekelberg, experto en Oriente Medio del centro de estudios con sede en Londres Chatham House.<\/p>\n<p>\u00abLa pregunta es qu\u00e9 va a hacer al respecto (\u2026) porque la fase dos ahora mismo no avanza\u00bb, a\u00f1adi\u00f3.<\/p>\n<p>Mekelberg se\u00f1al\u00f3 que Netanyahu trata de desviar la atenci\u00f3n de Gaza hacia Ir\u00e1n justo cuando Israel entra en un a\u00f1o electoral.<\/p>\n<p>\u00abTodo est\u00e1 relacionado con mantenerse en el poder\u00bb, asegur\u00f3 sobre el veterano primer ministro israel\u00ed.<\/p>\n<p>dk\/sla\/cr\/mas\/db\/dga\/nn<\/p>\n","protected":false},"excerpt":{"rendered":"afp_tickers Este contenido fue publicado en 29 diciembre 2025 &#8211; 18:59 El primer ministro de Israel, Benjam\u00edn Netanyahu,&hellip;\n","protected":false},"author":2,"featured_media":312568,"comment_status":"","ping_status":"","sticky":false,"template":"","format":"standard","meta":{"footnotes":""},"categories":[42],"tags":[635,17,18,636,83,13,14,11,61,62,63,64,19,20,9,10,15,16,88,90,12,21,22,65,66,67],"class_list":{"0":"post-312567","1":"post","2":"type-post","3":"status-publish","4":"format-standard","5":"has-post-thumbnail","7":"category-internacional","8":"tag-armed-conflict","9":"tag-breaking-news","10":"tag-breakingnews","11":"tag-conflict","12":"tag-diplomacy","13":"tag-featured-news","14":"tag-featurednews","15":"tag-headlines","16":"tag-internacional","17":"tag-international","18":"tag-international-news","19":"tag-internationalnews","20":"tag-latest-news","21":"tag-latestnews","22":"tag-news","23":"tag-noticias","24":"tag-noticias-destacadas","25":"tag-noticiasdestacadas","26":"tag-politics","27":"tag-ticker","28":"tag-titulares","29":"tag-ultimas-noticias","30":"tag-ultimasnoticias","31":"tag-world","32":"tag-world-news","33":"tag-worldnews"},"share_on_mastodon":{"url":"https:\/\/pubeurope.com\/@es\/115804554170189647","error":""},"_links":{"self":[{"href":"https:\/\/www.europesays.com\/es\/wp-json\/wp\/v2\/posts\/312567","targetHints":{"allow":["GET"]}}],"collection":[{"href":"https:\/\/www.europesays.com\/es\/wp-json\/wp\/v2\/posts"}],"about":[{"href":"https:\/\/www.europesays.com\/es\/wp-json\/wp\/v2\/types\/post"}],"author":[{"embeddable":true,"href":"https:\/\/www.europesays.com\/es\/wp-json\/wp\/v2\/users\/2"}],"replies":[{"embeddable":true,"href":"https:\/\/www.europesays.com\/es\/wp-json\/wp\/v2\/comments?post=312567"}],"version-history":[{"count":0,"href":"https:\/\/www.europesays.com\/es\/wp-json\/wp\/v2\/posts\/312567\/revisions"}],"wp:featuredmedia":[{"embeddable":true,"href":"https:\/\/www.europesays.com\/es\/wp-json\/wp\/v2\/media\/312568"}],"wp:attachment":[{"href":"https:\/\/www.europesays.com\/es\/wp-json\/wp\/v2\/media?parent=312567"}],"wp:term":[{"taxonomy":"category","embeddable":true,"href":"https:\/\/www.europesays.com\/es\/wp-json\/wp\/v2\/categories?post=312567"},{"taxonomy":"post_tag","embeddable":true,"href":"https:\/\/www.europesays.com\/es\/wp-json\/wp\/v2\/tags?post=312567"}],"curies":[{"name":"wp","href":"https:\/\/api.w.org\/{rel}","templated":true}]}}