{"id":312569,"date":"2025-12-29T19:40:08","date_gmt":"2025-12-29T19:40:08","guid":{"rendered":"https:\/\/www.europesays.com\/es\/312569\/"},"modified":"2025-12-29T19:40:08","modified_gmt":"2025-12-29T19:40:08","slug":"el-precedente-asturiano-del-fiasco-de-villamanin-con-el-gordo-de-la-loteria-el-condenado-pago-menos-de-700-euros-a-cada-estafado-la-voz-de-asturias","status":"publish","type":"post","link":"https:\/\/www.europesays.com\/es\/312569\/","title":{"rendered":"El precedente asturiano del fiasco de Villaman\u00edn con el gordo de la loter\u00eda: el condenado pag\u00f3 menos de 700 euros a cada estafado &#8211; La Voz de Asturias"},"content":{"rendered":"<ol>\n<li><a href=\"https:\/\/news.google.com\/rss\/articles\/CBMigwJBVV95cUxQUnZDTmpXY19NdHczLXhYSWlyaklqYVN3S3ZUaWM3ajlfMGJHN0Z3bkx1cWcyN3h6a2hKYzFydV80Ni1wVTZCQkxYb0w5WVhVNGFRWjMtbk9aWTRTRVFSY3JPcmR1YkVVZUNzU3pVaVZCVTVMb2xQM3oxRXNmWUE4eUd1dm4xelE5STg0MUU3TzNXNWVrVDJfRGpGcGN0Y2NaZEttZUc5NmZ0c3RON0pjUU9HbC1ZS3BCa1pJTXl3ckUtaXJFX2lleWVITVNPdlJ5eC1fUjhLU3JfbHNlbTdwT2dOWURmNFNqdkRBOGtjTU1xTU9vSEdMSVRjOXpCbXZwRVBN?oc=5\" target=\"_blank\" rel=\"nofollow noopener\">El precedente asturiano del fiasco de Villaman\u00edn con el gordo de la loter\u00eda: el condenado pag\u00f3 menos de 700 euros a cada estafado<\/a>&nbsp;&nbsp;La Voz de Asturias<\/li>\n<li><a href=\"https:\/\/news.google.com\/rss\/articles\/CBMitwFBVV95cUxPbkhwSkJOaVIxLVpMeFVuTUpOOWwxYWNjdkFDY1Ria0tYTFVXN0hhcWw5dVVLNkU3YmFDUmRRLWVGRWZSQzNWdVFidVlNa0dLUk5CajJtZ2NnRFIxRVlEMmJab3RBRE9UTzFDM3FRNE5jNHZ6T1V0ekc1bV9OTWJjUVFBdC1Vbnc4X2tOWnQxeTB2emZpQ0k5bFB3elVUR2VkVWNtRk5DUHVlQTZZLTFoc1JUMjFUamM?oc=5\" target=\"_blank\" rel=\"nofollow noopener\">El Gordo sienta fatal a Villaman\u00edn: \u00abHa dividido al pueblo y reverdecido viejas rencillas familiares\u00bb<\/a>&nbsp;&nbsp;ABC<\/li>\n<li><a href=\"https:\/\/news.google.com\/rss\/articles\/CBMi8wFBVV95cUxPVi1PRUZ6MTBBZVgyTVEzamt4MkpvQXhVdEctd2pnUlItSTlHZzNxTXo1cDk1T3Y3TURyVTRGMVZpQzdPWFlBWTJlTnFqMi10bDQ4dnJOSUN5SWxnWmppeXRNdFdpWWExVFktc3hXblVuSGZrTFZlQUtraFVjZnZpTGFmXzFQWllsN2tRZzlraE9KdUNmMVZSaVlLLVpsUFlVQUhDbGUzNEhKdFVraWFzSklZOXBFT3FuQVZyY3kzVHRrZHpwZ1BCcWg3b1B5X3lYbVUtRVlfUVFMSjJaQXlxUUJtSmRDSkVPaHFLQ3dLcnRtQjTSAfMBQVVfeXFMUGdhUjBRemk0QTJZeU8xVGJkLVFVLU12cFhJeEpYeU5JdGFLTkVuRUs2SVpsLVJubElPbHdocVpmVTdpWTF4ZGdadU95bmRzOWFUa3lBdVRFRlJMSVVWVXdIVXZtVEhGQlc0cXEwUHA4RXBxMlNqOGluQlJqaXZ6ZnlWQjdrYXZNMzFPSnhyS0NZOURIdmhUemgtS2lJSnZlR3hUUU5jeVNqbVZVTEdOc3I3NENmYVdxMjZYSktrNzJycXhzbXFnSnJTUDdlWnFWR3NVdDhXTXdFcGN0T2RpY0dRR3VISGZrVkZvVXpfTjFNd0tv?oc=5\" target=\"_blank\" rel=\"nofollow noopener\">Vecinos de Villaman\u00edn, sin acuerdo: \u201cSi son cantidades provenientes de una estafa, un euro es mucho\u00bb<\/a>&nbsp;&nbsp;Antena 3<\/li>\n<li><a href=\"https:\/\/news.google.com\/rss\/articles\/CBMiwwJBVV95cUxQMjhlYkZEMGM0TzdsbzJmMENaQVJzQzlLUVpKVkZJR1o0ZkxtSXRSWHFfY0NrSE5Cbk1lX1M2dnhIT2tqZ1BaYUw1NElKY2lVQkZWRV9nNm16SHNzRDZPRGdBOHZHdXFmMDdYVVljQ2NkVFBXYllFVm1SU3VWaGFiME5hWktnSjJ2UEtINGwxemx1RmxvSTFaQlJBcm0yWlNzT25lODhKenJwNHlEbGNxc3Z5QmJwRWFYc0ltYlpwZi1vY29lQ3hhZ3RkWUh0VGVJeFVyYW5BdjNpdWRvWUlCOHpIVndidk4xNTE2c29iN2owQS1xWlI1eDhRdk1OR1NnU3pPR3V6R1d1akJUNzNzMnVBUlJsQ2FuYnlZZDIyTkpiRWxfVDl0LXlZYkVjcHVTdXVESU5aV2tHbnprbmxEMmlCQQ?oc=5\" target=\"_blank\" rel=\"nofollow noopener\">Solidaridad en Carnota con la comisi\u00f3n de fiestas de Villaman\u00edn: \u00abQueremos que saiban que hai algu\u00e9n que os apoia, que non son uns ladr\u00f3ns\u00bb<\/a>&nbsp;&nbsp;La Voz de Galicia<\/li>\n<li><a href=\"https:\/\/news.google.com\/rss\/articles\/CBMi1AFBVV95cUxNRWhoVlJjM3lLMl9JaTlKYXRBckpNdHVWT0hkU05Qa0w0ZjNnVi00eV9hSlh6aUp6ZUxDRXRvc1BZRTA3ZlJ0LVgteDM5dVAza2otSnh0NkEyQ0U1OHQ2eWQyaWxEazdlVl9RSVNKQ0VlZkF2MHpxS3FaMGRiVU8wYXhlZDNZY0JsVlJyd2FoZXE5ZHpaeWw5YTdtQmZtUXYyOFpZWGY2ZGNsM2J4NGVWdm4tXzdzcGxlUnRUV052QUk2UWpkVDVRaUNVTHY4ZHl5LVdaaQ?oc=5\" target=\"_blank\" rel=\"nofollow noopener\">Bego\u00f1a Gerpe, abogada: \u00abChavales de Villaman\u00edn y familias, no entreguen sus d\u00e9cimos. Vayan a juicio\u201d<\/a>&nbsp;&nbsp;MARCA<\/li>\n<\/ol>\n","protected":false},"excerpt":{"rendered":"El precedente asturiano del fiasco de Villaman\u00edn con el gordo de la loter\u00eda: el condenado pag\u00f3 menos de&hellip;\n","protected":false},"author":2,"featured_media":312570,"comment_status":"","ping_status":"","sticky":false,"template":"","format":"standard","meta":{"footnotes":""},"categories":[8],"tags":[283,17,18,25,24,13,14,11,19,20,4108,44330,18865,727,9,10,15,16,23,12,21,22],"class_list":{"0":"post-312569","1":"post","2":"type-post","3":"status-publish","4":"format-standard","5":"has-post-thumbnail","7":"category-espana","8":"tag-argentina","9":"tag-breaking-news","10":"tag-breakingnews","11":"tag-es","12":"tag-espana","13":"tag-featured-news","14":"tag-featurednews","15":"tag-headlines","16":"tag-latest-news","17":"tag-latestnews","18":"tag-leon","19":"tag-loteria-de-navidad","20":"tag-loteria-nacional","21":"tag-loterias","22":"tag-news","23":"tag-noticias","24":"tag-noticias-destacadas","25":"tag-noticiasdestacadas","26":"tag-spain","27":"tag-titulares","28":"tag-ultimas-noticias","29":"tag-ultimasnoticias"},"share_on_mastodon":{"url":"https:\/\/pubeurope.com\/@es\/115804558078214226","error":""},"_links":{"self":[{"href":"https:\/\/www.europesays.com\/es\/wp-json\/wp\/v2\/posts\/312569","targetHints":{"allow":["GET"]}}],"collection":[{"href":"https:\/\/www.europesays.com\/es\/wp-json\/wp\/v2\/posts"}],"about":[{"href":"https:\/\/www.europesays.com\/es\/wp-json\/wp\/v2\/types\/post"}],"author":[{"embeddable":true,"href":"https:\/\/www.europesays.com\/es\/wp-json\/wp\/v2\/users\/2"}],"replies":[{"embeddable":true,"href":"https:\/\/www.europesays.com\/es\/wp-json\/wp\/v2\/comments?post=312569"}],"version-history":[{"count":0,"href":"https:\/\/www.europesays.com\/es\/wp-json\/wp\/v2\/posts\/312569\/revisions"}],"wp:featuredmedia":[{"embeddable":true,"href":"https:\/\/www.europesays.com\/es\/wp-json\/wp\/v2\/media\/312570"}],"wp:attachment":[{"href":"https:\/\/www.europesays.com\/es\/wp-json\/wp\/v2\/media?parent=312569"}],"wp:term":[{"taxonomy":"category","embeddable":true,"href":"https:\/\/www.europesays.com\/es\/wp-json\/wp\/v2\/categories?post=312569"},{"taxonomy":"post_tag","embeddable":true,"href":"https:\/\/www.europesays.com\/es\/wp-json\/wp\/v2\/tags?post=312569"}],"curies":[{"name":"wp","href":"https:\/\/api.w.org\/{rel}","templated":true}]}}