{"id":312598,"date":"2025-12-29T20:02:08","date_gmt":"2025-12-29T20:02:08","guid":{"rendered":"https:\/\/www.europesays.com\/es\/312598\/"},"modified":"2025-12-29T20:02:08","modified_gmt":"2025-12-29T20:02:08","slug":"el-desplome-de-la-moneda-irani-provoca-el-segundo-dia-de-protestas-de-los-comerciantes","status":"publish","type":"post","link":"https:\/\/www.europesays.com\/es\/312598\/","title":{"rendered":"El desplome de la moneda iran\u00ed provoca el segundo d\u00eda de protestas de los comerciantes"},"content":{"rendered":"<p>  Por&amp;nbsp<a href=\"https:\/\/es.euronews.com\/perfiles\/3408\" rel=\"nofollow noopener\" target=\"_blank\">Una Hajdari<\/a>&amp;nbspcon&amp;nbsp<b>AP<\/b><\/p>\n<p>\n         Publicado<br \/>\n            29\/12\/2025 &#8211; 18:54 CET\n            <\/p>\n<p>Los comerciantes y tenderos iran\u00edes protagonizaron el lunes una <strong>segunda jornada de protestas<\/strong> despu\u00e9s de que<a href=\"https:\/\/es.euronews.com\/business\/2025\/12\/28\/dolarizacion-economia-irani-modelo-ecuador-venezuela\" rel=\"nofollow noopener\" target=\"_blank\"> la moneda del pa\u00eds cayera a un nuevo m\u00ednimo hist\u00f3rico<\/a> frente al d\u00f3lar estadounidense.<\/p>\n<p>Los v\u00eddeos difundidos en las redes sociales mostraban a <strong>cientos de personas participando en concentraciones en la calle Saadi<\/strong>, en el centro de Teher\u00e1n, as\u00ed como en el barrio de Shush, cerca del principal Gran Bazar de Teher\u00e1n, que desempe\u00f1\u00f3 un papel crucial en la Revoluci\u00f3n Isl\u00e1mica de 1979, que derroc\u00f3 a la monarqu\u00eda y llev\u00f3 a los islamistas al poder.<\/p>\n<p>Los comerciantes cerraron sus tiendas y pidieron a los dem\u00e1s que hicieran lo mismo. La agencia de noticias semioficial ILNA dijo que muchas empresas y comerciantes dejaron de comerciar, aunque <strong>algunos mantuvieron abiertas sus tiendas.<\/strong> No hubo informes de redadas policiales, aunque la seguridad era estricta en las protestas, seg\u00fan los testigos.<\/p>\n<p>El domingo, <strong>las concentraciones de protesta se limitaron a dos grandes mercados<\/strong> ambulantes del centro de Teher\u00e1n, donde los manifestantes corearon consignas contra el gobierno.<\/p>\n<p>R\u00e1pida devaluaci\u00f3n de la moneda<\/p>\n<p>El rial iran\u00ed se desplom\u00f3 el domingo a 1,42 millones por d\u00f3lar. El lunes cotizaba a 1,38 millones de riales por d\u00f3lar. <strong>Los tipos de cambio de la moneda iran\u00ed var\u00edan mucho seg\u00fan se utilicen cifras oficiales<\/strong> o del mercado libre. En las plataformas internacionales de divisas, el euro cotiza a unos 49.000 riales, un tipo que refleja el f\u00e9rreo control del sistema de cambio oficial iran\u00ed, en gran medida inaccesible para los iran\u00edes de a pie.<\/p>\n<p>Por el contrario, <strong>el tipo de cambio del mercado libre<\/strong> -citado habitualmente por los comerciantes locales y los medios de comunicaci\u00f3n internacionales- <strong>es mucho m\u00e1s bajo<\/strong>, y el euro se cotiza a m\u00e1s de un mill\u00f3n de riales, unos 150.000 tomanes, lo que pone de manifiesto la brecha entre los tipos fijados por el Estado y<a href=\"https:\/\/es.euronews.com\/2025\/03\/02\/el-ministro-de-economia-es-destituido-mientras-el-rial-irani-cae-a-casi-un-millon-por-dola\" rel=\"nofollow noopener\" target=\"_blank\"> el valor real de la moneda en la calle<\/a> en medio de la inflaci\u00f3n, las sanciones y la fuga de capitales.<\/p>\n<p><strong>La r\u00e1pida depreciaci\u00f3n est\u00e1 agravando la presi\u00f3n inflacionista<\/strong>, haciendo subir los precios de los alimentos y otros art\u00edculos de primera necesidad y tensando a\u00fan m\u00e1s los presupuestos familiares, <strong>una tendencia que podr\u00eda empeorar<\/strong> por un cambio en el precio de la gasolina introducido en los \u00faltimos d\u00edas.<\/p>\n<p>\u00bfEst\u00e1 la hiperinflaci\u00f3n a la vuelta de la esquina?<\/p>\n<p>Seg\u00fan el centro estatal de estad\u00edstica, <strong>la tasa de inflaci\u00f3n en diciembre subi\u00f3 al 42,2%<\/strong> respecto al mismo periodo del a\u00f1o anterior, y es un 1,8% superior a la de noviembre. <strong>Los precios de los alimentos subieron<\/strong> un 72% y los de los art\u00edculos m\u00e9dicos y sanitarios un 50% respecto a diciembre del a\u00f1o pasado, seg\u00fan el centro de estad\u00edsticas. Muchos cr\u00edticos ven en esta subida un signo de hiperinflaci\u00f3n inminente.<\/p>\n<p><strong>Las informaciones aparecida<\/strong>s en los medios de comunicaci\u00f3n oficiales iran\u00edes, seg\u00fan las cuales <strong>el Gobierno planea aumentar los impuestos en el nuevo a\u00f1o iran\u00ed<\/strong> que comienza el 21 de marzo, han causado m\u00e1s preocupaci\u00f3n.<\/p>\n<p>La moneda iran\u00ed cotizaba oficialmente a <strong>32.000 riales por d\u00f3lar en el momento del acuerdo nuclear<\/strong> de 2015 que levant\u00f3 las sanciones internacionales a cambio de estrictos controles sobre el programa nuclear iran\u00ed.<\/p>\n<p>Las tensiones con Estados Unidos tensan la econom\u00eda<\/p>\n<p>Ese acuerdo se deshizo despu\u00e9s de que el presidente estadounidense, Donald Trump, retirara unilateralmente a Estados Unidos del mismo en 2018. <strong>Tambi\u00e9n hay incertidumbre sobre el riesgo de un nuevo conflicto<\/strong> tras la guerra de 12 d\u00edas de junio que involucr\u00f3 a Ir\u00e1n e Israel. Muchos iran\u00edes tambi\u00e9n <strong>temen la posibilidad de una confrontaci\u00f3n m\u00e1s amplia<\/strong> que podr\u00eda atraer a Estados Unidos, lo que se suma a la ansiedad del mercado.<\/p>\n<p>En septiembre, <strong>las Naciones Unidas volvieron a imponer a Ir\u00e1n sanciones relacionadas con la energ\u00eda nuclear<\/strong> mediante lo que los diplom\u00e1ticos describieron como el mecanismo de &#8216;snapback&#8217;. Estas medidas volvieron a congelar los activos iran\u00edes en el extranjero, detuvieron las transacciones de armas con Teher\u00e1n e <strong>impusieron sanciones relacionadas con el programa de misiles bal\u00edsticos<\/strong> de Ir\u00e1n.<\/p>\n","protected":false},"excerpt":{"rendered":"Por&amp;nbspUna Hajdari&amp;nbspcon&amp;nbspAP Publicado 29\/12\/2025 &#8211; 18:54 CET Los comerciantes y tenderos iran\u00edes protagonizaron el lunes una segunda jornada&hellip;\n","protected":false},"author":2,"featured_media":312599,"comment_status":"","ping_status":"","sticky":false,"template":"","format":"standard","meta":{"footnotes":""},"categories":[42],"tags":[1237,17,18,73425,17224,13,14,11,61,62,63,64,3137,19,20,9,10,15,16,12,21,22,65,66,67],"class_list":{"0":"post-312598","1":"post","2":"type-post","3":"status-publish","4":"format-standard","5":"has-post-thumbnail","7":"category-internacional","8":"tag-asia","9":"tag-breaking-news","10":"tag-breakingnews","11":"tag-crisis-monetaria","12":"tag-dolar-estadounidense","13":"tag-featured-news","14":"tag-featurednews","15":"tag-headlines","16":"tag-internacional","17":"tag-international","18":"tag-international-news","19":"tag-internationalnews","20":"tag-iran","21":"tag-latest-news","22":"tag-latestnews","23":"tag-news","24":"tag-noticias","25":"tag-noticias-destacadas","26":"tag-noticiasdestacadas","27":"tag-titulares","28":"tag-ultimas-noticias","29":"tag-ultimasnoticias","30":"tag-world","31":"tag-world-news","32":"tag-worldnews"},"share_on_mastodon":{"url":"https:\/\/pubeurope.com\/@es\/115804645833690323","error":""},"_links":{"self":[{"href":"https:\/\/www.europesays.com\/es\/wp-json\/wp\/v2\/posts\/312598","targetHints":{"allow":["GET"]}}],"collection":[{"href":"https:\/\/www.europesays.com\/es\/wp-json\/wp\/v2\/posts"}],"about":[{"href":"https:\/\/www.europesays.com\/es\/wp-json\/wp\/v2\/types\/post"}],"author":[{"embeddable":true,"href":"https:\/\/www.europesays.com\/es\/wp-json\/wp\/v2\/users\/2"}],"replies":[{"embeddable":true,"href":"https:\/\/www.europesays.com\/es\/wp-json\/wp\/v2\/comments?post=312598"}],"version-history":[{"count":0,"href":"https:\/\/www.europesays.com\/es\/wp-json\/wp\/v2\/posts\/312598\/revisions"}],"wp:featuredmedia":[{"embeddable":true,"href":"https:\/\/www.europesays.com\/es\/wp-json\/wp\/v2\/media\/312599"}],"wp:attachment":[{"href":"https:\/\/www.europesays.com\/es\/wp-json\/wp\/v2\/media?parent=312598"}],"wp:term":[{"taxonomy":"category","embeddable":true,"href":"https:\/\/www.europesays.com\/es\/wp-json\/wp\/v2\/categories?post=312598"},{"taxonomy":"post_tag","embeddable":true,"href":"https:\/\/www.europesays.com\/es\/wp-json\/wp\/v2\/tags?post=312598"}],"curies":[{"name":"wp","href":"https:\/\/api.w.org\/{rel}","templated":true}]}}