{"id":312608,"date":"2025-12-29T20:12:12","date_gmt":"2025-12-29T20:12:12","guid":{"rendered":"https:\/\/www.europesays.com\/es\/312608\/"},"modified":"2025-12-29T20:12:12","modified_gmt":"2025-12-29T20:12:12","slug":"la-doble-realidad-del-real-madrid","status":"publish","type":"post","link":"https:\/\/www.europesays.com\/es\/312608\/","title":{"rendered":"La doble realidad del Real Madrid"},"content":{"rendered":"<p class=\"ft-text\"><a class=\"ft-link ft-link--decoration\" href=\"https:\/\/www.sport.es\/es\/baloncesto\/\" rel=\"nofollow noopener\" target=\"_blank\"><strong>El Real Madrid de baloncesto<\/strong><\/a> vive una realidad, a veces, dif\u00edcil de entender. A diferencia del equipo de f\u00fatbol, en el que los t\u00edtulos siempre van por delante que la propuesta de juego, el de baloncesto est\u00e1 acostumbrado a ser cuidadoso en el camino hacia los metales, con un desempe\u00f1o exitoso los \u00faltimos a\u00f1os bajo la batuta de <strong>Pablo Laso<\/strong> y <strong>Chus Mateo.<\/strong><\/p>\n<p class=\"ft-text\">Al nuevo seleccionador espa\u00f1ol, que cerr\u00f3 la pasada campa\u00f1a invicto como local en la Liga Endesa, <strong>no le salv\u00f3 ni levantar el t\u00edtulo ACB<\/strong> tras una campa\u00f1a con alguna decepci\u00f3n, como las derrotas en las finales de la Supercopa y Liga Endesa ante Unicaja, o la no clasificaci\u00f3n para la Final Four de la Euroliga tras caer ante Olympiacos en el playoff previo a la final a cuatro. Pese a ello, se revalid\u00f3 liga ante Valencia Basket, pero ni por esas: <strong>el despido de Mateo estaba firmado desde hac\u00eda tiempo ante la renovaci\u00f3n profunda de la secci\u00f3n blanca.<\/strong><\/p>\n<p><img decoding=\"async\" src=\"https:\/\/www.europesays.com\/es\/wp-content\/uploads\/2025\/12\/7d9aa14b-4c07-42c7-b4d2-7761060d9327_alta-libre-aspect-ratio_default_0.jpg\" width=\"1200\" height=\"675\" alt=\"Chus Mateo, acompa\u00f1ado por Elisa Aguilar, en el d\u00eda de su presentaci\u00f3n como nuevo seleccionador espa\u00f1ol de baloncesto\" class=\"ft-helper-img-rd\" loading=\"lazy\"\/><\/p>\n<p class=\"ft-helper-fontColor-quaternary ft-helper-fontSize-body-S ft-helper-spacer-t-xxs\">Chus Mateo, acompa\u00f1ado por Elisa Aguilar, en el d\u00eda de su presentaci\u00f3n como nuevo seleccionador espa\u00f1ol de baloncesto  \/ EFE<\/p>\n<p>Un verano de muchos cambios<\/p>\n<p class=\"ft-text\">Un baloncesto madridista en el que figuras como <strong>Martynas Pocius<\/strong> o <strong>Sergio Rodr\u00edguez<\/strong> aterrizaban en los despachos de la mano de fichajes con experiencia NBA como son<strong> Trey Lyles<\/strong> o <strong>Chuma Okeke,<\/strong> m\u00e1s la apuesta en el banquillo por un <strong>Sergio Scariolo<\/strong> que pon\u00eda punto final a su etapa como padre de &#8216;La Familia&#8217; para regresar al conjunto blanco m\u00e1s de 20 a\u00f1os despu\u00e9s de su primera etapa.<\/p>\n<p class=\"ft-text\">Por el momento, <strong>el t\u00e9cnico italiano ha mantenido el gran nivel del Madrid en ACB<\/strong> de los \u00faltimos a\u00f1os, plant\u00e1ndose en la jornada 13 con una \u00fanica derrota en el segundo partido liguero ante <strong>Baskonia (105-100). <\/strong>Tras el tropiezo en el Buesa, 10 victorias seguidas en ACB para ser l\u00edder en solitario y estar en posici\u00f3n de ser de los primeros equipos en cerrar su billete para la pr\u00f3xima Copa del Rey. Eso s\u00ed, en Euroliga, la situaci\u00f3n no es tan boyante para el cuadro blanco, <strong>con un balance de victorias (10) y derrotas (8) muy parejo,<\/strong> y que le hace ocupar la<strong> d\u00e9cima posici\u00f3n<\/strong> en la clasificaci\u00f3n, a tan solo un partido de terminar la primera vuelta. La situaci\u00f3n no es excesivamente dram\u00e1tica, ya que el l\u00edder <strong>Hapoel Tel Aviv<\/strong> est\u00e1 a tan solo tres partidos de diferencia.<\/p>\n<p><img decoding=\"async\" src=\"https:\/\/www.europesays.com\/es\/wp-content\/uploads\/2025\/12\/d26a81a5-55a8-4c8e-9921-d95054091a42_alta-libre-aspect-ratio_default_0.jpg\" width=\"1200\" height=\"675\" alt=\"Trey Lyles, en un partido con el Real Madrid de baloncesto\" class=\"ft-helper-img-rd\" loading=\"lazy\"\/><\/p>\n<p class=\"ft-helper-fontColor-quaternary ft-helper-fontSize-body-S ft-helper-spacer-t-xxs\">Trey Lyles, en un partido con el Real Madrid de baloncesto  \/ Euroleague<\/p>\n<p>Un m\u00fasculo econ\u00f3mico pr\u00e1cticamente sin l\u00edmites<\/p>\n<p class=\"ft-text\">La situaci\u00f3n del Real Madrid es la que es. Incluso a Scariolo le han tra\u00eddo a <strong>Alex Len<\/strong> para reemplazar al poco aplicado <strong>Bruno Fernando<\/strong> en la pintura, e integrar un imponente tridente de &#8216;5&#8217; junto a <strong>Edy Tavares <\/strong>y a <strong>Usman Garuba.<\/strong> El dinero no falta en una secci\u00f3n blanca que <strong>gasta unos 50 millones de euros en su plantilla en cifras aportadas por el portal &#8216;2playbook&#8217;.<\/strong> Pero lo cierto es que el equipo, hasta la fecha, no termina de conectar del todo con la afici\u00f3n.<\/p>\n<p>Cr\u00edticas al capit\u00e1n, Sergio Llull<\/p>\n<p class=\"ft-text\">Para muestra, algunos comentarios en las redes sociales tras la<strong> \u00faltima victoria liguera ante Unicaja. El 91-82<\/strong> con el que batieron al conjunto malague\u00f1o significa la <strong>37\u00aa victoria consecutiva como local en la Liga Endesa,<\/strong> pero muchos aficionados del equipo no terminan de estar satisfechos con el rendimiento del equipo, y en especial con su capit\u00e1n, <strong>Sergio Llull.<\/strong> \u00abQue Llull le quite minutos a Maledon es criminal. En cuanto no ha jugado m\u00e1s, se ha remontado\u00bb, \u00abLlull no es capaz de dar un paso a un lado? El entrenador ya sabemos que no\u00bb o \u00abLa diferencia de la primera parte con Llull y la segunda sin \u00e9l es BRUTAL&#8230; el que no lo vea tiene un problema, Scariolo tiene un problema gordo\u00bb, comentan sobre el &#8217;23&#8217;. Un Llull, por cierto, que hace 20 d\u00edas, anot\u00f3 en Tenerife la <strong>canasta ganadora<\/strong> del partido.<\/p>\n<p>El rendimiento defensivo no convence<\/p>\n<p class=\"ft-text\">Muchas de las cr\u00edticas tambi\u00e9n recaen en la <strong>defensa<\/strong> del equipo. En <strong>ACB,<\/strong> el equipo concede <strong>80,6 puntos<\/strong> por encuentro, mientras que en <strong>Euroliga<\/strong> la cifra se incrementa hasta los <strong>84,5 tantos por duelo.<\/strong> Adem\u00e1s, en Europa hay la asignatura pendiente de los partidos lejos del Palacio, con un pobre balance de <strong>tres victorias y siete derrotas:<\/strong> de los 10 primeros clasificados, solo Estrella Roja (2-6) tiene unos n\u00fameros peores como visitante.<\/p>\n<p><img decoding=\"async\" src=\"https:\/\/www.europesays.com\/es\/wp-content\/uploads\/2025\/12\/311e4321-6ce1-48b5-bae2-5a0959acfb5e_alta-libre-aspect-ratio_default_0.jpg\" width=\"1200\" height=\"675\" alt=\"Sergio Scariolo, t\u00e9cnico del Real Madrid\" class=\"ft-helper-img-rd\" loading=\"lazy\"\/><\/p>\n<p class=\"ft-helper-fontColor-quaternary ft-helper-fontSize-body-S ft-helper-spacer-t-xxs\">Sergio Scariolo, t\u00e9cnico del Real Madrid  \/ ERDEM SAHIN<\/p>\n<p class=\"ft-text\">Es una realidad compleja la que vive el Real Madrid. <strong>A nivel clasificatorio, las cifras son m\u00e1s que aceptables, <\/strong>pero a nivel de juego, las sensaciones que est\u00e1 dejando el equipo no consiguen enganchar a la afici\u00f3n. Pese a que el club anunci\u00f3 que se hab\u00eda hecho<strong> &#8216;sold out&#8217;<\/strong> para el duelo de ACB ante Unicaja, la realidad es que &#8216;solo&#8217; fueron 9.783 espectadores al Palacio, quedando vac\u00edas unas 3.000 localidades. Quedar\u00e1 por ver como responde la afici\u00f3n ante el <strong>Cl\u00e1sico<\/strong> de este pr\u00f3ximo domingo (12:30h CET) ante el<strong> Bar\u00e7a<\/strong> de <strong>Xavi Pascual.<\/strong><\/p>\n","protected":false},"excerpt":{"rendered":"El Real Madrid de baloncesto vive una realidad, a veces, dif\u00edcil de entender. A diferencia del equipo de&hellip;\n","protected":false},"author":2,"featured_media":312609,"comment_status":"","ping_status":"","sticky":false,"template":"","format":"standard","meta":{"footnotes":""},"categories":[269],"tags":[299,298,6621,168,25,24,67418,205,798,2873,23,167],"class_list":{"0":"post-312608","1":"post","2":"type-post","3":"status-publish","4":"format-standard","5":"has-post-thumbnail","7":"category-baloncesto","8":"tag-baloncesto","9":"tag-basketball","10":"tag-criticas","11":"tag-deportes","12":"tag-es","13":"tag-espana","14":"tag-llull","15":"tag-madrid","16":"tag-real","17":"tag-scariolo","18":"tag-spain","19":"tag-sports"},"share_on_mastodon":{"url":"https:\/\/pubeurope.com\/@es\/115804683930508363","error":""},"_links":{"self":[{"href":"https:\/\/www.europesays.com\/es\/wp-json\/wp\/v2\/posts\/312608","targetHints":{"allow":["GET"]}}],"collection":[{"href":"https:\/\/www.europesays.com\/es\/wp-json\/wp\/v2\/posts"}],"about":[{"href":"https:\/\/www.europesays.com\/es\/wp-json\/wp\/v2\/types\/post"}],"author":[{"embeddable":true,"href":"https:\/\/www.europesays.com\/es\/wp-json\/wp\/v2\/users\/2"}],"replies":[{"embeddable":true,"href":"https:\/\/www.europesays.com\/es\/wp-json\/wp\/v2\/comments?post=312608"}],"version-history":[{"count":0,"href":"https:\/\/www.europesays.com\/es\/wp-json\/wp\/v2\/posts\/312608\/revisions"}],"wp:featuredmedia":[{"embeddable":true,"href":"https:\/\/www.europesays.com\/es\/wp-json\/wp\/v2\/media\/312609"}],"wp:attachment":[{"href":"https:\/\/www.europesays.com\/es\/wp-json\/wp\/v2\/media?parent=312608"}],"wp:term":[{"taxonomy":"category","embeddable":true,"href":"https:\/\/www.europesays.com\/es\/wp-json\/wp\/v2\/categories?post=312608"},{"taxonomy":"post_tag","embeddable":true,"href":"https:\/\/www.europesays.com\/es\/wp-json\/wp\/v2\/tags?post=312608"}],"curies":[{"name":"wp","href":"https:\/\/api.w.org\/{rel}","templated":true}]}}