{"id":312614,"date":"2025-12-29T20:15:15","date_gmt":"2025-12-29T20:15:15","guid":{"rendered":"https:\/\/www.europesays.com\/es\/312614\/"},"modified":"2025-12-29T20:15:15","modified_gmt":"2025-12-29T20:15:15","slug":"solemos-pasar-horas-separados-fuera-no-dejemos-que-las-paredes-tambien-nos-separen-en-casa","status":"publish","type":"post","link":"https:\/\/www.europesays.com\/es\/312614\/","title":{"rendered":"Solemos pasar horas separados fuera, no dejemos que las paredes tambi\u00e9n nos separen en casa"},"content":{"rendered":"<p>Hay <strong><a href=\"https:\/\/www.revistainteriores.es\/ideas-casa\/casas-vividas-no-sucias-belleza-imperfeccion-que-reivindica-hogares-reales-alma-movimiento_11602\" rel=\"nofollow noopener\" target=\"_blank\">casas que est\u00e1n vivas<\/a><\/strong>. Esto es algo que decimos cuando se trata de hogares que cambian, se adaptan y se reconfiguran seg\u00fan las personas que las habitan, <a href=\"https:\/\/www.revistainteriores.es\/ideas-casa\/maria-martinez-madre-hijos-decorado-salon-calidez-casa-ninos_12176\" rel=\"nofollow noopener\" target=\"_blank\">especialmente cuando hay ni\u00f1os<\/a>. Y quienes trabajan en hogares familiares lo saben bien: la decoraci\u00f3n no va solo de muebles bonitos, sino de c\u00f3mo se mueve una familia por sus espacios, de qu\u00e9 necesitan en su d\u00eda a d\u00eda y de c\u00f3mo facilitarles la vida. Una de las profesionales que mejor entiende esa sensibilidad es <a href=\"https:\/\/estudizenna.com\/\" rel=\"nofollow noopener\" target=\"_blank\">Cristina Puigdevall, interiorista al frente de Zenna Interiorisme<\/a>, que ha convertido la funcionalidad amable en su sello personal.<\/p>\n<p>Cristina habla desde la experiencia y desde la observaci\u00f3n: <strong>los hogares con hijos<\/strong> son din\u00e1micos, llenos de objetos, de prisas matutinas y de momentos compartidos que necesitan un escenario que acompa\u00f1e. Y, a su vez, <strong>los hogares donde los hijos se marchan<\/strong> se transforman en lugares que recuperan silencios, nuevas rutinas y espacios por redescubrir. Su visi\u00f3n tiene una mezcla muy equilibrada de sentido pr\u00e1ctico y mirada emocional.<\/p>\n<p>La vida con ni\u00f1os: almacenaje inteligente y flujos que evitan el caos&#13;<img loading=\"lazy\" decoding=\"async\"   src=\"https:\/\/www.europesays.com\/es\/wp-content\/uploads\/2025\/12\/salon-luz-natural-y-planta_73fb8e8f_5825_251211142304_1280x854.webp.webp\" alt=\"Sal\u00f3n luz natural y planta\" class=\"lazyload\" width=\"1280\" height=\"854\" data-aspectratio=\"1280\/854\"\/><\/p>\n<p>&#13;&#13;Foto: Zenna Interiorisme&#13;<\/p>\n<p>Para Cristina Puigdevall, hay dos conceptos fundamentales para dise\u00f1ar hogares familiares: \u00abCuando hay ni\u00f1os en casa, hay dos factores clave: <strong>almacenaje y flujos<\/strong>\u00ab. Y ambos son indispensables. <strong>El almacenaje<\/strong>, explica, no es un lujo, sino una herramienta de supervivencia dom\u00e9stica. \u00abNecesitamos guardar desde ropa y libros hasta patinetes o material de manualidades\u00bb. Cada familia acumula objetos distintos, pero todas comparten el mismo desaf\u00edo: encontrarles sitio sin sacrificar est\u00e9tica ni comodidad.<\/p>\n<p><strong>Los flujos<\/strong>, por su parte, son la manera en que la familia <strong>entra, sale y se mueve por la vivienda<\/strong>. Seg\u00fan la interiorista, uno de los puntos m\u00e1s cr\u00edticos es la llegada a casa. \u00abNecesitamos que la llegada a casa funcione: dejar mochilas, abrigos, zapatos\u2026 con orden y sin estr\u00e9s\u00bb. Por eso, en las entradas suele dise\u00f1ar <a href=\"https:\/\/www.revistainteriores.es\/ideas-casa\/10-soluciones-para-cocinas-pequenas_8656\" rel=\"nofollow noopener\" target=\"_blank\">soluciones espec\u00edficas<\/a>: bancos con almacenaje, colgadores a baja altura para los m\u00e1s peque\u00f1os, zapateros discretos o m\u00f3dulos individuales para cada hijo.<\/p>\n<p><a href=\"https:\/\/www.revistainteriores.es\/estilo-de-vida\/jaime-salva-arquitecto-sobre-casas-jubilados-antiguo-cuarto-ninos-pierde-sentido-hay-que-evitar-efecto-trastero_12513\" data-ga4_event=\"custom_event\" data-ga4_event_name=\"click_intext\" data-ga4_link_url=\"https:\/\/www.revistainteriores.es\/estilo-de-vida\/jaime-salva-arquitecto-sobre-casas-jubilados-antiguo-cuarto-ninos-pierde-sentido-hay-que-evitar-efecto-trastero_12513\" data-ga4_link_text=\"jaime_salva_arquitecto_sobre_las_casas_de_jubilados_el_antiguo_cuarto_de_los_ninos_pierde_sentido\" data-ga4_content_type=\"photo\" data-ga4_element=\"related\" rel=\"nofollow noopener\" target=\"_blank\">&#13;&#13;<img loading=\"lazy\" decoding=\"async\" src=\"https:\/\/www.europesays.com\/es\/wp-content\/uploads\/2025\/12\/jaime-salva-paredes-arquitectonicas_4a5126a6_251127133441_600x600.webp.webp\" alt=\"jaime salva paredes arquitectonicas\" class=\"lazyload\" width=\"600\" height=\"600\" data-aspectratio=\"600\/600\"\/>&#13;&#13;<\/p>\n<p class=\"epigraph\">                    &#13;Noticia relacionada<\/p>\n<p class=\"title\">Jaime Salv\u00e1, arquitecto, sobre las casas de jubilados: \u00abEl antiguo cuarto de los ni\u00f1os pierde sentido\u00bb<\/p>\n<p><\/a>La cocina, un espacio determinante a tener en cuenta&#13;<img loading=\"lazy\" decoding=\"async\"   src=\"https:\/\/www.europesays.com\/es\/wp-content\/uploads\/2025\/12\/cocina-con-isla-de-madera_31e9b1ed_251211142318_1280x854.webp.webp\" alt=\"Cocina con isla de madera\" class=\"lazyload\" width=\"1280\" height=\"854\" data-aspectratio=\"1280\/854\"\/><\/p>\n<p>&#13;&#13;Foto: Zenna Interiorisme&#13;<\/p>\n<p>La <a href=\"https:\/\/www.revistainteriores.es\/tendencias\/cocinas-abiertas-salon-10-ideas-y-trucos-faciles-copiar-para-ganar-estilo-y-elegancia_10001\" rel=\"nofollow noopener\" target=\"_blank\">cocina abierta<\/a> es otro de sus recursos estrella. Lo explica con claridad emocional: \u00abSolemos pasar ya suficientes horas separados fuera; no dejemos que las paredes tambi\u00e9n nos separen en casa\u00bb. Su enfoque apuesta por<strong> conectar espacios para que cocinar, jugar, hacer deberes o charlar <\/strong>formen parte de una misma escena cotidiana, sin barreras innecesarias.<\/p>\n<p>Cuando los hijos se independizan: un hogar que se transforma y se redescubre&#13;<img loading=\"lazy\" decoding=\"async\"   src=\"https:\/\/www.europesays.com\/es\/wp-content\/uploads\/2025\/12\/espacios-de-madera_b2ced57e_251211143635_1280x854.webp.webp\" alt=\"Espacios de madera\" class=\"lazyload\" width=\"1280\" height=\"854\" data-aspectratio=\"1280\/854\"\/><\/p>\n<p>&#13;&#13;Foto: Zenna Interiorisme&#13;<\/p>\n<p>La <a href=\"https:\/\/www.revistainteriores.es\/estilo-de-vida\/elisa-iniguez-interiorista-hijos-independizan-habitaciones-calidad-vida-jubilacion_12418\" rel=\"nofollow noopener\" target=\"_blank\">salida de los hijos del hogar<\/a> marca un antes y un despu\u00e9s. La casa empieza a respirar de otra manera: <strong>m\u00e1s tranquila, m\u00e1s silenciosa, con nuevas posibilidades<\/strong>. Y para Cristina Puigdevall, este momento merece una reflexi\u00f3n profunda sobre c\u00f3mo se vive esa etapa. \u00abCuando los hijos se independizan, el hogar cambia de ritmo\u00bb, explica. Es entonces cuando muchos padres sienten el impulso de transformar los <a href=\"https:\/\/www.revistainteriores.es\/decoracion\/dormitorios-juveniles_8557\" rel=\"nofollow noopener\" target=\"_blank\">dormitorios juveniles<\/a> en otros usos: despachos, salas de invitados, bibliotecas o espacios personales que antes no ten\u00edan cabida.<\/p>\n<p>&#13;<img loading=\"lazy\" decoding=\"async\"   src=\"https:\/\/www.europesays.com\/es\/wp-content\/uploads\/2025\/12\/cama-dormtorio_8800e7c8_251211143648_1280x1919.webp.webp\" alt=\"Cama dormtorio\" class=\"lazyload\" width=\"1280\" height=\"1919\" data-aspectratio=\"1280\/1919\"\/><\/p>\n<p>&#13;&#13;Foto: Zenna Interiorisme&#13;<\/p>\n<p>La interiorista lo ve constantemente en su estudio: clientes que buscan recuperar zonas para s\u00ed mismos, pero tambi\u00e9n prepararlas para las visitas familiares, especialmente las de los nietos. \u00abA menudo convertimos habitaciones en <strong>zonas de almacenaje m\u00e1s pensadas <\/strong>para la nueva etapa o las preparamos para cuando van los nietos a dormir\u00bb.<\/p>\n<p><a href=\"https:\/\/www.revistainteriores.es\/estilo-de-vida\/expertos-se-ponen-acuerdo-asi-deberia-ser-casa-perfecta-para-disfrutar-jubilacion_12312\" data-ga4_event=\"custom_event\" data-ga4_event_name=\"click_intext\" data-ga4_link_url=\"https:\/\/www.revistainteriores.es\/estilo-de-vida\/expertos-se-ponen-acuerdo-asi-deberia-ser-casa-perfecta-para-disfrutar-jubilacion_12312\" data-ga4_link_text=\"los_expertos_se_ponen_de_acuerdo_sobre_la_casa_perfecta_pasados_los_60_cuando_llega_la_jubilacion\" data-ga4_content_type=\"photo\" data-ga4_element=\"related\" rel=\"nofollow noopener\" target=\"_blank\">&#13;&#13;<img loading=\"lazy\" decoding=\"async\" src=\"https:\/\/www.europesays.com\/es\/wp-content\/uploads\/2025\/10\/abrir-espacios-en-casa-para-disfrutar-de-un-interior-mas-flexible-es-una-buena-idea-cuando-llega-la-.webp\" alt=\"Abrir espacios en casa para disfrutar de un interior m\u00e1s flexible es una buena idea cuando llega la jubilaci\u00f3n\" class=\"lazyload\" width=\"600\" height=\"600\" data-aspectratio=\"600\/600\"\/>&#13;&#13;<\/p>\n<p class=\"epigraph\">                    &#13;Noticia relacionada<\/p>\n<p class=\"title\">Los expertos se ponen de acuerdo sobre la casa perfecta pasados los 60, cuando llega la jubilaci\u00f3n<\/p>\n<p><\/a><\/p>\n<p>En estos hogares renovados, el dise\u00f1o se vuelve <strong>m\u00e1s calmado, m\u00e1s adulto y adaptado a h\u00e1bitos que cambian<\/strong>: trabajar desde casa, recibir amigos, practicar hobbies o simplemente disfrutar de un espacio m\u00e1s ordenado. Y, al mismo tiempo, mantener <a href=\"https:\/\/www.revistainteriores.es\/decoracion\/palabra-estilista-como-convertir-tu-recibidor-rincon-acogedor-lleno-estilo_10927\" rel=\"nofollow noopener\" target=\"_blank\">rincones acogedores<\/a> que mantengan el esp\u00edritu familiar.<\/p>\n","protected":false},"excerpt":{"rendered":"Hay casas que est\u00e1n vivas. Esto es algo que decimos cuando se trata de hogares que cambian, se&hellip;\n","protected":false},"author":2,"featured_media":312615,"comment_status":"","ping_status":"","sticky":false,"template":"","format":"standard","meta":{"footnotes":""},"categories":[173],"tags":[229,233,231,230,232,234,146,147,25,24,23],"class_list":{"0":"post-312614","1":"post","2":"type-post","3":"status-publish","4":"format-standard","5":"has-post-thumbnail","7":"category-arte-y-diseno","8":"tag-arte","9":"tag-arte-y-diseno","10":"tag-arts","11":"tag-arts-and-design","12":"tag-design","13":"tag-diseno","14":"tag-entertainment","15":"tag-entretenimiento","16":"tag-es","17":"tag-espana","18":"tag-spain"},"share_on_mastodon":{"url":"https:\/\/pubeurope.com\/@es\/115804695741500199","error":""},"_links":{"self":[{"href":"https:\/\/www.europesays.com\/es\/wp-json\/wp\/v2\/posts\/312614","targetHints":{"allow":["GET"]}}],"collection":[{"href":"https:\/\/www.europesays.com\/es\/wp-json\/wp\/v2\/posts"}],"about":[{"href":"https:\/\/www.europesays.com\/es\/wp-json\/wp\/v2\/types\/post"}],"author":[{"embeddable":true,"href":"https:\/\/www.europesays.com\/es\/wp-json\/wp\/v2\/users\/2"}],"replies":[{"embeddable":true,"href":"https:\/\/www.europesays.com\/es\/wp-json\/wp\/v2\/comments?post=312614"}],"version-history":[{"count":0,"href":"https:\/\/www.europesays.com\/es\/wp-json\/wp\/v2\/posts\/312614\/revisions"}],"wp:featuredmedia":[{"embeddable":true,"href":"https:\/\/www.europesays.com\/es\/wp-json\/wp\/v2\/media\/312615"}],"wp:attachment":[{"href":"https:\/\/www.europesays.com\/es\/wp-json\/wp\/v2\/media?parent=312614"}],"wp:term":[{"taxonomy":"category","embeddable":true,"href":"https:\/\/www.europesays.com\/es\/wp-json\/wp\/v2\/categories?post=312614"},{"taxonomy":"post_tag","embeddable":true,"href":"https:\/\/www.europesays.com\/es\/wp-json\/wp\/v2\/tags?post=312614"}],"curies":[{"name":"wp","href":"https:\/\/api.w.org\/{rel}","templated":true}]}}