{"id":312616,"date":"2025-12-29T20:17:18","date_gmt":"2025-12-29T20:17:18","guid":{"rendered":"https:\/\/www.europesays.com\/es\/312616\/"},"modified":"2025-12-29T20:17:18","modified_gmt":"2025-12-29T20:17:18","slug":"asi-sera-el-30-de-noviembre-en-la-2","status":"publish","type":"post","link":"https:\/\/www.europesays.com\/es\/312616\/","title":{"rendered":"as\u00ed ser\u00e1 el 30 de noviembre en La 2"},"content":{"rendered":"<p class=\"article-text\">\n        El 2025 est\u00e1 a punto de llegar a su fin, y <strong>RTVE <\/strong>contin\u00faa detallando c\u00f3mo es ser\u00e1 apuesta para atrapar a los espectadores en las \u00faltimas jornadas del a\u00f1o. Una de sus mayores sorpresas, <a href=\"https:\/\/www.eldiario.es\/vertele\/noticias\/rtve-presenta-apuestas-navidad-pone-fecha-anuncio-nuevos-presentadores-campanadas_1_12849444.html\" target=\"_blank\" data-mrf-recirculation=\"links-noticia\" class=\"link\" rel=\"nofollow noopener\">como ya se anunci\u00f3<\/a>, fue la puesta en marcha de las <strong>primeras pre\u00favas<\/strong> de su historia. No obstante, la corporaci\u00f3n ya lo tiene todo listo para acompa\u00f1ar la retransmisi\u00f3n con una programaci\u00f3n especial tanto en <strong>La 2<\/strong> como en <strong>RTVE Play<\/strong> este <strong>martes 30 de diciembre<\/strong>.\n    <\/p>\n<p>    <a href=\"https:\/\/www.eldiario.es\/vertele\/noticias\/rtve-fija-horarios-nochevieja-musical-ceba-ultima-sorpresa-superestrella-internacional_1_12874730.html\" data-mrf-recirculation=\"saber-mas\" data-dl-event=\"saber-mas\" rel=\"nofollow noopener\" target=\"_blank\"><\/p>\n<p class=\"know-more__title\">RTVE fija los horarios de su Nochevieja musical y ceba la \u00faltima sorpresa: \u00abUna superestrella internacional\u00bb<\/p>\n<p>            <img decoding=\"async\" class=\"lazy\" loading=\"lazy\" data-src=\"https:\/\/static.eldiario.es\/clip\/25fdf5f8-5dbe-4bde-b441-c42501915339_16-9-aspect-ratio_default_0.jpg\" src=\"data:image\/svg+xml,%3Csvg xmlns=\" http:=\"\" viewbox=\"0 0 880 495\" alt=\"RTVE fija los horarios de su Nochevieja musical y desvela a la \u00faltima &quot;superestrella internacional&quot;\"\/><\/p>\n<p>                        <\/a><\/p>\n<p class=\"article-text\">\n        Un d\u00eda antes de que Chenoa y Estopa celebren el arranque de 2026, los espectadores podr\u00e1n tomarse las <strong>pre\u00favas <\/strong>con <strong>Miguel Maldonado<\/strong>, <strong>In\u00e9s Hernand <\/strong>y <strong>Aitor Albizua<\/strong>. A partir de las <strong>23:40 horas<\/strong>, tanto la segunda cadena como la plataforma de streaming emitir\u00e1n esta retransmisi\u00f3n tan especial desde la Puerta del Sol. \u201cSer\u00e1 una fiesta que mezcla humor \u00e1cido, interacci\u00f3n con la audiencia, ritmo, improvisaci\u00f3n y momentos ic\u00f3nicos\u201d, aseguran.\n    <\/p>\n<p class=\"article-text\">\n        Las precampanadas tendr\u00e1n como telonero al programa <strong>Al cielo con ella<\/strong>, donde la presentadora <strong>Henar \u00c1lvarez <\/strong>recibir\u00e1 a dos rostros clave de RTVE: <strong>Lalachus <\/strong>y <strong>Jos\u00e9 Mota<\/strong>. Ambos perfiles tomar\u00e1n asiento en plat\u00f3 a partir de las<strong> 22:50 horas<\/strong>, cuyas entrevistas estar\u00e1n amenizadas por la m\u00fasica de Califato\u00be, Falete, La Pili y el Coro Azahar de Cantillana. Su intenci\u00f3n es que nos ense\u00f1en \u201cc\u00f3mo montar una buena juerga navide\u00f1a\u201d.\n    <\/p>\n<p class=\"article-text\">\n        Conviene destacar que la noche del 30 de diciembre contar\u00e1 con la <strong>gala especial de Open Play<\/strong>: estar\u00e1 presentada por <strong>\u00c1ngela Fern\u00e1ndez<\/strong>, <strong>Lara Palma <\/strong>y <strong>Taka Gom\u00e9z<\/strong>. Este especial de m\u00fasica y comedia contar\u00e1 con rostros clave como Marina Lobo, Miguel Maldonado \u2014asediado por Mar\u00eda Pati\u00f1o y Kiko Matamoros\u2014, Ignatuis Farray, Nerea P\u00e9rez de las Heras, Dani Fez, Laura del Val, Marta Risco, Valeria Ros, Paula P\u00faa y la actuaci\u00f3n musical de Yurena.\n    <\/p>\n<p>    <a href=\"https:\/\/www.eldiario.es\/vertele\/noticias\/nando-escribano-actualiza-salud-ingresar-hospital-esperan-dias-alejado-trabajo_1_12875667.html\" data-mrf-recirculation=\"saber-mas-abajo\" data-dl-event=\"saber-mas-abajo\" rel=\"nofollow noopener\" target=\"_blank\"><\/p>\n<p class=\"know-more__title\">Nando Escribano actualiza su estado de salud tras ingresar en el hospital: \u201cMe esperan m\u00e1s d\u00edas alejado del trabajo\u201d<\/p>\n<p>            <img decoding=\"async\" class=\"lazy\" loading=\"lazy\" data-src=\"https:\/\/static.eldiario.es\/clip\/6ac2ab41-52d3-4fef-aecb-6a0246171d34_16-9-aspect-ratio_default_0.jpg\" src=\"data:image\/svg+xml,%3Csvg xmlns=\" http:=\"\" viewbox=\"0 0 880 495\" alt=\"Nando Escribano actualiza su estado de salud tras ingresar en el hospital: &quot;Me esperan m\u00e1s d\u00edas alejado del trabajo&quot;\"\/><\/p>\n<p>                        <\/a><\/p>\n<p>    As\u00ed queda la noche de La 2 para el martes 30 de diciembre:<\/p>\n<p class=\"article-text\">\n        La citada gala de Open Play tendr\u00e1 una emisi\u00f3n reducida en televisi\u00f3n, que comenzar\u00e1 a las 22:10 horas. Finalizar\u00e1 en la cadena para dar paso al programa Al cielo con ella, pero continuar\u00e1 en RTVE Play para que la audiencia pueda disfrutar el especial de forma \u00edntegra. As\u00ed queda la <strong>programaci\u00f3n nocturna<\/strong> de <strong>La 2 <\/strong>para el<strong> martes 30 de diciembre<\/strong>:\n    <\/p>\n<ul>\n<li>21:05 horas \u2014 Cifras y letras<\/li>\n<li>21:35 horas \u2014 Cifras y letras<\/li>\n<li>22:10 horas \u2014 Especial Navidad Open Play<\/li>\n<li>22:50 horas \u2014 Al cielo con ella<\/li>\n<li>23:40 horas \u2014 Pre\u00favas<\/li>\n<li>00:05 horas \u2014 Cine: Mi gran noche<\/li>\n<\/ul>\n","protected":false},"excerpt":{"rendered":"El 2025 est\u00e1 a punto de llegar a su fin, y RTVE contin\u00faa detallando c\u00f3mo es ser\u00e1 apuesta&hellip;\n","protected":false},"author":2,"featured_media":312617,"comment_status":"","ping_status":"","sticky":false,"template":"","format":"standard","meta":{"footnotes":""},"categories":[171],"tags":[10903,1881,17466,146,147,25,24,12608,15355,73101,1640,8485,518,523,23,214],"class_list":{"0":"post-312616","1":"post","2":"type-post","3":"status-publish","4":"format-standard","5":"has-post-thumbnail","7":"category-tv","8":"tag-10903","9":"tag-1881","10":"tag-detalla","11":"tag-entertainment","12":"tag-entretenimiento","13":"tag-es","14":"tag-espana","15":"tag-especial","16":"tag-noviembre","17":"tag-preuvas","18":"tag-primeras","19":"tag-programacion","20":"tag-rtve","21":"tag-sera","22":"tag-spain","23":"tag-tv"},"share_on_mastodon":{"url":"https:\/\/pubeurope.com\/@es\/115804703517769356","error":""},"_links":{"self":[{"href":"https:\/\/www.europesays.com\/es\/wp-json\/wp\/v2\/posts\/312616","targetHints":{"allow":["GET"]}}],"collection":[{"href":"https:\/\/www.europesays.com\/es\/wp-json\/wp\/v2\/posts"}],"about":[{"href":"https:\/\/www.europesays.com\/es\/wp-json\/wp\/v2\/types\/post"}],"author":[{"embeddable":true,"href":"https:\/\/www.europesays.com\/es\/wp-json\/wp\/v2\/users\/2"}],"replies":[{"embeddable":true,"href":"https:\/\/www.europesays.com\/es\/wp-json\/wp\/v2\/comments?post=312616"}],"version-history":[{"count":0,"href":"https:\/\/www.europesays.com\/es\/wp-json\/wp\/v2\/posts\/312616\/revisions"}],"wp:featuredmedia":[{"embeddable":true,"href":"https:\/\/www.europesays.com\/es\/wp-json\/wp\/v2\/media\/312617"}],"wp:attachment":[{"href":"https:\/\/www.europesays.com\/es\/wp-json\/wp\/v2\/media?parent=312616"}],"wp:term":[{"taxonomy":"category","embeddable":true,"href":"https:\/\/www.europesays.com\/es\/wp-json\/wp\/v2\/categories?post=312616"},{"taxonomy":"post_tag","embeddable":true,"href":"https:\/\/www.europesays.com\/es\/wp-json\/wp\/v2\/tags?post=312616"}],"curies":[{"name":"wp","href":"https:\/\/api.w.org\/{rel}","templated":true}]}}