{"id":312624,"date":"2025-12-29T20:21:09","date_gmt":"2025-12-29T20:21:09","guid":{"rendered":"https:\/\/www.europesays.com\/es\/312624\/"},"modified":"2025-12-29T20:21:09","modified_gmt":"2025-12-29T20:21:09","slug":"por-que-ahora-existen-mas-casos-del-virus-del-papiloma-humano-en-hombres-mayores-de-45-anos","status":"publish","type":"post","link":"https:\/\/www.europesays.com\/es\/312624\/","title":{"rendered":"\u00bfPor qu\u00e9 ahora existen m\u00e1s casos del virus del papiloma humano en hombres mayores de 45 a\u00f1os?"},"content":{"rendered":"<p>BarcelonaEl virus del papiloma humano (VPH), la infecci\u00f3n de transmisi\u00f3n sexual (ITS) m\u00e1s frecuente, afecta ya a uno de cada cinco hombres. Especialistas en infecciones de transmisi\u00f3n sexual (ITS) han alertado este lunes de un incremento de los diagn\u00f3sticos y de las lesiones que se asocian a ellos entre los hombres mayores de 45 a\u00f1os, especialmente entre los que tienen 60 y 70 a\u00f1os, mayoritariamente heterosexuales.<\/p>\n<p>En una nota informativa, la Fundaci\u00f3 Puigvert explica que los afectados son personas pertenecientes a generaciones que no han sido protegidas por la vacunaci\u00f3n sistem\u00e1tica del VPH y que, al mismo tiempo, han vivido un cambio en la conducta sexual, con un \u00abaumento exponencial de contactos y relaciones espor\u00e1dicas despu\u00e9s de un divorcio o el fin de\u00bb.<\/p>\n<p>Seg\u00fan los expertos, pues, el VPH ha dejado de ser una enfermedad de mujeres, ya que, actualmente, la prevalencia entre los hombres es de un 45,8% mientras que, entre ellas, se sit\u00faa en el 40,1%. El jefe de la Unidad de ITS de la Fundaci\u00f3n Puigvert, \u00c1lvaro Vives, explica que \u00abcada vez es m\u00e1s frecuente, despu\u00e9s de romper una relaci\u00f3n larga, mantener m\u00faltiples contactos sexuales, participar en parejas abiertas, utilizar aplicaciones para conocer a gente o frecuentar lugares de intercambio\u00bb.<\/p>\n<p>Las principales patolog\u00edas que se asocian al VPH son, en las mujeres, las verrugas genitales y el c\u00e1ncer de cuello de \u00fatero, y en hombres, el anal, de pene o de cabeza y cuello. La incidencia de este \u00faltimo tipo de tumores se est\u00e1 incrementando mucho entre los hombres de 60 y 70 a\u00f1os, y se prev\u00e9 que en 2030 se diagnostiquen m\u00e1s de un mill\u00f3n de nuevos casos al a\u00f1o. Vives tambi\u00e9n destaca que la transmisi\u00f3n del VPH no es mayor entre los hombres homosexuales: \u00abLa orientaci\u00f3n sexual no constituye un grupo de riesgo; las pr\u00e1cticas sexuales con numerosos contactos, s\u00ed\u00bb, asegura.<\/p>\n<p>    Vacuna hasta los 45 a\u00f1os<\/p>\n<p>La infecci\u00f3n por el VPH es asintom\u00e1tica en el 80% de los casos y la enfermedad puede aparecer al cabo de 4 o 6 a\u00f1os. La vacunaci\u00f3n del VPH se incluy\u00f3 en el calendario oficial hace diecisiete a\u00f1os para las ni\u00f1as de entre 9 y 14 a\u00f1os, puesto que este virus causa el 99,9% de los casos de c\u00e1ncer de cuello de \u00fatero. Ahora bien, los chicos tambi\u00e9n pueden transmitirse e infectarse con el VPH y desarrollar c\u00e1nceres como el de ano, pene y orofaringe, as\u00ed como verrugas genitales no cancerosas. As\u00ed, desde el curso 2022-23, tambi\u00e9n se vacuna de forma sistem\u00e1tica a los ni\u00f1os de entre 11 y 12 a\u00f1os (es decir, que cumplen 6\u00ba de primaria).<\/p>\n<p>Adem\u00e1s, se ha establecido una campa\u00f1a de repesca con una \u00fanica dosis dirigida a todos los chicos de hasta 18 a\u00f1os (nacidos a partir de 2007) y las chicas de hasta 24 a\u00f1os (nacidas a partir de 2001). Estas medidas han permitido proteger a las generaciones m\u00e1s j\u00f3venes, en las que se est\u00e1 observando una disminuci\u00f3n de la infecci\u00f3n y de las lesiones asociadas al VPH.<\/p>\n<p>\u00bfPero qu\u00e9 pasa con las generaciones mayores? Actualmente, tambi\u00e9n se pueden vacunar a las personas que forman parte de varios grupos de riesgo y que tengan entre 27 y 45 a\u00f1os, de acuerdo con las indicaciones de las autoridades sanitarias. Se trata de personas con determinados estados m\u00e9dicos o exposiciones que incrementan la probabilidad de contraer la infecci\u00f3n o desarrollar patolog\u00edas asociadas al VPH.<\/p>\n<p>La pauta de vacunaci\u00f3n se recomienda de forma espec\u00edfica en ciertos grupos de riesgo. Por ejemplo, hombres que tienen relaciones sexuales con hombres hasta 25 a\u00f1os, y personas que ejercen la prostituci\u00f3n, tambi\u00e9n hasta los 25 a\u00f1os. Tambi\u00e9n puede administrarse a personas en condiciones de inmunosupresi\u00f3n \u2013por s\u00edndrome WHIM, infecci\u00f3n por VIH o por haber recibido un trasplante de \u00f3rgano s\u00f3lido o de m\u00e9dula \u00f3sea\u2013 hasta los 45 a\u00f1os (incluido), y mujeres que hayan recibido cualquier tratamiento por lesi\u00f3n intraepitelial de alto grado en el cuello uterino (C).<\/p>\n","protected":false},"excerpt":{"rendered":"BarcelonaEl virus del papiloma humano (VPH), la infecci\u00f3n de transmisi\u00f3n sexual (ITS) m\u00e1s frecuente, afecta ya a uno&hellip;\n","protected":false},"author":2,"featured_media":312625,"comment_status":"","ping_status":"","sticky":false,"template":"","format":"standard","meta":{"footnotes":""},"categories":[92],"tags":[18596,808,988,858,25,24,8786,165,12257,4296,446,4295,166,23,2275],"class_list":{"0":"post-312624","1":"post","2":"type-post","3":"status-publish","4":"format-standard","5":"has-post-thumbnail","7":"category-salud","8":"tag-18596","9":"tag-ahora","10":"tag-anos","11":"tag-casos","12":"tag-es","13":"tag-espana","14":"tag-existen","15":"tag-health","16":"tag-hombres","17":"tag-humano","18":"tag-mayores","19":"tag-papiloma","20":"tag-salud","21":"tag-spain","22":"tag-virus"},"share_on_mastodon":{"url":"https:\/\/pubeurope.com\/@es\/115804719287989203","error":""},"_links":{"self":[{"href":"https:\/\/www.europesays.com\/es\/wp-json\/wp\/v2\/posts\/312624","targetHints":{"allow":["GET"]}}],"collection":[{"href":"https:\/\/www.europesays.com\/es\/wp-json\/wp\/v2\/posts"}],"about":[{"href":"https:\/\/www.europesays.com\/es\/wp-json\/wp\/v2\/types\/post"}],"author":[{"embeddable":true,"href":"https:\/\/www.europesays.com\/es\/wp-json\/wp\/v2\/users\/2"}],"replies":[{"embeddable":true,"href":"https:\/\/www.europesays.com\/es\/wp-json\/wp\/v2\/comments?post=312624"}],"version-history":[{"count":0,"href":"https:\/\/www.europesays.com\/es\/wp-json\/wp\/v2\/posts\/312624\/revisions"}],"wp:featuredmedia":[{"embeddable":true,"href":"https:\/\/www.europesays.com\/es\/wp-json\/wp\/v2\/media\/312625"}],"wp:attachment":[{"href":"https:\/\/www.europesays.com\/es\/wp-json\/wp\/v2\/media?parent=312624"}],"wp:term":[{"taxonomy":"category","embeddable":true,"href":"https:\/\/www.europesays.com\/es\/wp-json\/wp\/v2\/categories?post=312624"},{"taxonomy":"post_tag","embeddable":true,"href":"https:\/\/www.europesays.com\/es\/wp-json\/wp\/v2\/tags?post=312624"}],"curies":[{"name":"wp","href":"https:\/\/api.w.org\/{rel}","templated":true}]}}