{"id":312626,"date":"2025-12-29T20:22:10","date_gmt":"2025-12-29T20:22:10","guid":{"rendered":"https:\/\/www.europesays.com\/es\/312626\/"},"modified":"2025-12-29T20:22:10","modified_gmt":"2025-12-29T20:22:10","slug":"actuara-en-la-casa-de-la-musica-con-la-oreja-de-van-gogh-y-mas","status":"publish","type":"post","link":"https:\/\/www.europesays.com\/es\/312626\/","title":{"rendered":"actuar\u00e1 en La casa de la m\u00fasica con La Oreja de Van Gogh y m\u00e1s"},"content":{"rendered":"<p class=\"article-text\">\n        <strong>Shakira <\/strong>es la guinda de <strong>RTVE <\/strong>para su <strong>Nochevieja <\/strong>musical. As\u00ed lo ha anunciado la cadena este lunes en Directo al grano, despu\u00e9s de <a href=\"https:\/\/www.eldiario.es\/vertele\/noticias\/rtve-fija-horarios-nochevieja-musical-ceba-ultima-sorpresa-superestrella-internacional_1_12874730.html\" target=\"_blank\" data-mrf-recirculation=\"links-noticia\" class=\"link\" rel=\"nofollow noopener\">cebar durante las \u00faltimas horas<\/a> que todav\u00eda estaba por desvelarse el nombre de la <strong>\u201csuperestrella internacional\u201d<\/strong> que completar\u00eda la puesta de largo de <strong>La casa de la m\u00fasica<\/strong> en la previa de las <strong>Campanadas<\/strong>.\n    <\/p>\n<p>    <a href=\"https:\/\/www.eldiario.es\/vertele\/noticias\/rtve-fija-horarios-nochevieja-musical-ceba-ultima-sorpresa-superestrella-internacional_1_12874730.html\" data-mrf-recirculation=\"saber-mas\" data-dl-event=\"saber-mas\" rel=\"nofollow noopener\" target=\"_blank\"><\/p>\n<p class=\"know-more__title\">RTVE fija los horarios de su Nochevieja musical y ceba la \u00faltima sorpresa: \u00abUna superestrella internacional\u00bb<\/p>\n<p>            <img decoding=\"async\" class=\"lazy\" loading=\"lazy\" data-src=\"https:\/\/static.eldiario.es\/clip\/25fdf5f8-5dbe-4bde-b441-c42501915339_16-9-aspect-ratio_default_0.jpg\" src=\"data:image\/svg+xml,%3Csvg xmlns=\" http:=\"\" viewbox=\"0 0 880 495\" alt=\"RTVE fija los horarios de su Nochevieja musical y desvela a la \u00faltima &quot;superestrella internacional&quot;\"\/><\/p>\n<p>                        <\/a><\/p>\n<p class=\"article-text\">\n        As\u00ed, la cantante colombiana es uno de los reclamos de la televisi\u00f3n p\u00fablica para la noche del 31 de diciembre, que contar\u00e1 con las actuaciones de <strong>Ana Torroja, Nicki Nicole, Lola Indigo y Amaia Romero<\/strong>, adem\u00e1s del estreno del nuevo single de<strong> La Oreja de Van Gogh<\/strong> con<strong> Amaia Montero <\/strong>y un n\u00famero especial en lo alto del <strong>Pirul\u00ed <\/strong>por el 70 aniversario del canal a cargo de\u00a0<strong>Rosario Flores<\/strong>\u00a0y su hijo\u00a0<strong>Pedro Antonio Lazaga<\/strong>, acompa\u00f1ados de\u00a0<strong>Antonio y Josemi Carmona<\/strong>\u00a0de\u00a0<strong>Ketama<\/strong>.\n    <\/p>\n<p class=\"article-text\">\n        El programa especial de La casa de la m\u00fasica, la gran apuesta de RTVE para 2026, se emitir\u00e1 a partir de las <strong>22:55 horas<\/strong> y tendr\u00e1 una duraci\u00f3n de poco m\u00e1s de media hora, tal como ha desvelado la cadena este lunes. A continuaci\u00f3n arrancar\u00e1 la cl\u00e1sica retransmisi\u00f3n de las <strong>Campanadas <\/strong>en la Puerta del Sol, desde donde\u00a0<strong>Chenoa y Estopa\u00a0<\/strong>se comer\u00e1n las uvas.\n    <\/p>\n<p class=\"article-text\">\n        <strong>\u00b7 La programaci\u00f3n completa de La 1 en Nochevieja:<\/strong>\n    <\/p>\n<ul>\n<li><strong>20:25h<\/strong>\u00a0&#8211; Telediario 2, con el resumen del a\u00f1o de Carlos del Amor<\/li>\n<li><strong>21:45h<\/strong>\u00a0&#8211; Especial Jos\u00e9 Mota &#8211; El juego del camelar<\/li>\n<li><strong>22:55h<\/strong>\u00a0&#8211; La casa de la m\u00fasica<\/li>\n<li><strong>23:30h<\/strong>\u00a0&#8211; Campanadas con Chenoa y Estopa<\/li>\n<li><strong>00:05h<\/strong>\u00a0&#8211; Gala Feliz 2026<\/li>\n<li><strong>00:45h<\/strong>\u00a0&#8211; Campanadas de Canarias<\/li>\n<li><strong>01:00h<\/strong>\u00a0&#8211; Gala Feliz 2026<\/li>\n<\/ul>\n<p>    As\u00ed ser\u00e1 &#8216;La casa de la m\u00fasica&#8217; en la Nochevieja de RTVE<\/p>\n<p class=\"article-text\">\n        La gran apuesta de RTVE para 2026 ser\u00e1 La casa de la m\u00fasica, una iniciativa para abrir el a\u00f1o del 70\u00ba aniversario de nuestra televisi\u00f3n p\u00fablica. Todo comenzar\u00e1 con una <a href=\"https:\/\/www.eldiario.es\/vertele\/noticias\/rtve-sorprende-actuacion-alto-piruli-rosario-flores-antonio-carmona-celebraran-70o-aniversario_1_12868236.html\" target=\"_blank\" data-mrf-recirculation=\"links-noticia\" class=\"link\" rel=\"nofollow noopener\">actuaci\u00f3n desde lo m\u00e1s alto del Pirul\u00ed<\/a>, en Madrid, con <strong>Rosario Flores<\/strong>, su hijo <strong>Pedro Antonio Lazaga<\/strong>, acompa\u00f1ados de<strong> Josemi y Antonio Carmona<\/strong>, de <strong>Ketama<\/strong>, al frente de una actuaci\u00f3n hist\u00f3rica.\n    <\/p>\n<p class=\"article-text\">\n        Tambi\u00e9n habr\u00e1 otros grandes n\u00fameros grabados en distintos puntos del pa\u00eds, destacando la vuelta de <strong>Amaia Montero<\/strong> a <strong>La Oreja de Van Gogh<\/strong> 18 a\u00f1os despu\u00e9s. Interpretar\u00e1n distintos temas otros artistas de renombre como <strong>Ana Torroja<\/strong>, <strong>Nicki Nicole<\/strong>, <strong>Lola Indigo<\/strong>, <strong>Amaia Romero <\/strong>y <strong>Shakira<\/strong>. Despu\u00e9s de las cl\u00e1sicas Campanadas, la m\u00fasica ser\u00e1 clave en la programaci\u00f3n de La 1 con el especial \u00a1Feliz 2026!.\n    <\/p>\n<p>    <a href=\"https:\/\/www.eldiario.es\/vertele\/noticias\/gala-inocente-hizo-llorar-cazorla-casco-don-pelayo-desespero-leire-doble-broma-rtve_1_12874758.html\" data-mrf-recirculation=\"saber-mas-abajo\" data-dl-event=\"saber-mas-abajo\" rel=\"nofollow noopener\" target=\"_blank\"><\/p>\n<p class=\"know-more__title\">La gala &#8216;Inocente&#8217; hizo llorar a Cazorla por el casco de Don Pelayo y desesper\u00f3 a Leire con una doble broma en RTVE\n<\/p>\n<p>            <img decoding=\"async\" class=\"lazy\" loading=\"lazy\" data-src=\"https:\/\/static.eldiario.es\/clip\/d24670f4-71a2-46c8-b95f-636e9dbcdc19_16-9-aspect-ratio_default_0.jpg\" src=\"data:image\/svg+xml,%3Csvg xmlns=\" http:=\"\" viewbox=\"0 0 880 495\" alt=\"La gala 'Inocente' hizo llorar a Cazorla por el casco de Don Pelayo y desesper\u00f3 a Leire con una doble broma en RTVE\"\/><\/p>\n<p>                        <\/a><\/p>\n<p class=\"article-text\">\n        La gala para dar la bienvenida al nuevo a\u00f1o, presentada por Eva Soriano y Egoitz Txurruka, albergar\u00e1 las actuaciones de <strong>Pablo L\u00f3pez<\/strong>, <strong>Manuel Carrasco<\/strong>, <strong>Luz Casal<\/strong>, <strong>Leire Mart\u00ednez<\/strong>, <strong>Pablo Albor\u00e1n<\/strong>, <strong>Dani Fern\u00e1ndez<\/strong>, <strong>Miss Caffeina<\/strong>, <strong>Marta S\u00e1nchez<\/strong>, <strong>Edurne<\/strong>, <strong>V\u00edctor Manuel<\/strong>,<strong> La La Love You<\/strong>, <strong>Isabel Aai\u00fan<\/strong>, <strong>Carlos Baute<\/strong>, <strong>Nebulossa<\/strong>, <strong>Blanca Paloma<\/strong>, <strong>Juanjo Bona<\/strong>, <strong>Veintiuno<\/strong>, <strong>Pastora Soler<\/strong>, <strong>Mar\u00eda Pel\u00e1e <\/strong>o <strong>Blas Cant\u00f3<\/strong>, entre muchos otros.\n    <\/p>\n","protected":false},"excerpt":{"rendered":"Shakira es la guinda de RTVE para su Nochevieja musical. As\u00ed lo ha anunciado la cadena este lunes&hellip;\n","protected":false},"author":2,"featured_media":312627,"comment_status":"","ping_status":"","sticky":false,"template":"","format":"standard","meta":{"footnotes":""},"categories":[91],"tags":[32364,385,146,147,25,24,13964,12321,185,5199,4801,518,12504,23],"class_list":{"0":"post-312626","1":"post","2":"type-post","3":"status-publish","4":"format-standard","5":"has-post-thumbnail","7":"category-entretenimiento","8":"tag-actuara","9":"tag-casa","10":"tag-entertainment","11":"tag-entretenimiento","12":"tag-es","13":"tag-espana","14":"tag-gogh","15":"tag-guinda","16":"tag-musica","17":"tag-nochevieja","18":"tag-oreja","19":"tag-rtve","20":"tag-shakira","21":"tag-spain"},"share_on_mastodon":{"url":"https:\/\/pubeurope.com\/@es\/115804723294622097","error":""},"_links":{"self":[{"href":"https:\/\/www.europesays.com\/es\/wp-json\/wp\/v2\/posts\/312626","targetHints":{"allow":["GET"]}}],"collection":[{"href":"https:\/\/www.europesays.com\/es\/wp-json\/wp\/v2\/posts"}],"about":[{"href":"https:\/\/www.europesays.com\/es\/wp-json\/wp\/v2\/types\/post"}],"author":[{"embeddable":true,"href":"https:\/\/www.europesays.com\/es\/wp-json\/wp\/v2\/users\/2"}],"replies":[{"embeddable":true,"href":"https:\/\/www.europesays.com\/es\/wp-json\/wp\/v2\/comments?post=312626"}],"version-history":[{"count":0,"href":"https:\/\/www.europesays.com\/es\/wp-json\/wp\/v2\/posts\/312626\/revisions"}],"wp:featuredmedia":[{"embeddable":true,"href":"https:\/\/www.europesays.com\/es\/wp-json\/wp\/v2\/media\/312627"}],"wp:attachment":[{"href":"https:\/\/www.europesays.com\/es\/wp-json\/wp\/v2\/media?parent=312626"}],"wp:term":[{"taxonomy":"category","embeddable":true,"href":"https:\/\/www.europesays.com\/es\/wp-json\/wp\/v2\/categories?post=312626"},{"taxonomy":"post_tag","embeddable":true,"href":"https:\/\/www.europesays.com\/es\/wp-json\/wp\/v2\/tags?post=312626"}],"curies":[{"name":"wp","href":"https:\/\/api.w.org\/{rel}","templated":true}]}}