{"id":312634,"date":"2025-12-29T20:26:39","date_gmt":"2025-12-29T20:26:39","guid":{"rendered":"https:\/\/www.europesays.com\/es\/312634\/"},"modified":"2025-12-29T20:26:39","modified_gmt":"2025-12-29T20:26:39","slug":"pozuelo-de-alarcon-dara-la-bienvenida-a-2026-con-las-preuvas-musica-y-cotillon","status":"publish","type":"post","link":"https:\/\/www.europesays.com\/es\/312634\/","title":{"rendered":"Pozuelo de Alarc\u00f3n dar\u00e1 la bienvenida a 2026 con Las Preuvas, m\u00fasica y cotill\u00f3n"},"content":{"rendered":"<p><img decoding=\"async\" alt=\"cartel preuvas\" data-entity-type=\"\" data-entity-uuid=\"\" src=\"https:\/\/www.europesays.com\/es\/wp-content\/uploads\/2025\/12\/20251229-CARTEL-PREUVAS.jpg\" class=\"align-center\"\/><\/p>\n<ul>\n<li>Esta fiesta se celebrar\u00e1 el mismo 31 de diciembre a las 11:30 h en la carpa de ESIC, con campanadas, DJ en directo y reparto de uvas<\/li>\n<li>Verbena de Nochevieja en el Recinto Ferial de 1:00 a 7:00 h, con servicio gratuito de autobuses lanzadera<\/li>\n<\/ul>\n<p>El Ayuntamiento de Pozuelo de Alarc\u00f3n celebrar\u00e1 este mi\u00e9rcoles 31 la tradicional cita de Las Preuvas, una propuesta festiva dirigida a todos los vecinos para despedir el a\u00f1o de forma anticipada y participativa. El evento tendr\u00e1 lugar a partir de las 11:30 horas en la carpa instalada en el aparcamiento de la Biblioteca Municipal Universitaria de ESIC, en la Avenida de Europa, donde el reloj se adelantar\u00e1 para tomar las uvas a las 12 del mediod\u00eda. La jornada contar\u00e1 con m\u00fasica en directo a cargo de un grupo musical y de un DJ, un presentador que dar\u00e1 paso a las doce campanadas y el reparto de las tradicionales uvas de la suerte. <\/p>\n<p>Para recibir el a\u00f1o 2026, el Ayuntamiento de Pozuelo de Alarc\u00f3n tambi\u00e9n ha organizado la Verbena de Nochevieja, una cita festiva que se celebrar\u00e1 en la madrugada del jueves 1 de enero, de 1:00 a 7:00 horas, en la carpa instalada en el Recinto Ferial, en la Avenida de Estados Unidos de Am\u00e9rica. La velada contar\u00e1 con actuaciones en directo de tres DJ. <\/p>\n<p><img decoding=\"async\" alt=\"cartel nochevieja\" data-entity-type=\"\" data-entity-uuid=\"\" src=\"https:\/\/www.europesays.com\/es\/wp-content\/uploads\/2025\/12\/20251229-CARTEL-VERBENA_NOCHEVIEJA.jpg\" class=\"align-center\"\/><\/p>\n<p>Con el objetivo de facilitar un regreso c\u00f3modo y seguro tras la celebraci\u00f3n de la Verbena de Nochevieja, el Ayuntamiento de Pozuelo de Alarc\u00f3n pondr\u00e1 en marcha un servicio gratuito de autobuses lanzadera durante la madrugada. Este dispositivo especial de movilidad conectar\u00e1 el Recinto Ferial con distintos puntos y urbanizaciones de la ciudad, permitiendo a los asistentes volver a casa de manera segura y gratuita. Los autobuses admitir\u00e1n \u00fanicamente viajeros en el Recinto Ferial y realizar\u00e1n paradas exclusivamente de bajada, organizadas en tres recorridos: la L\u00ednea 1, que cubrir\u00e1 Pozuelo Centro y urbanizaciones; la L\u00ednea 2, con destino a la zona sur; y la L\u00ednea 3, que dar\u00e1 servicio a la zona norte.<\/p>\n<p>Toda la programaci\u00f3n navide\u00f1a de Pozuelo se puede consultar en este enlace:<\/p>\n<p><a href=\"https:\/\/www.pozuelodealarcon.org\/navidad-en-pozuelo-2025\" rel=\"nofollow noopener\" target=\"_blank\">https:\/\/www.pozuelodealarcon.org\/navidad-en-pozuelo-2025<\/a> y en las redes sociales municipales.<\/p>\n","protected":false},"excerpt":{"rendered":"Esta fiesta se celebrar\u00e1 el mismo 31 de diciembre a las 11:30 h en la carpa de ESIC,&hellip;\n","protected":false},"author":2,"featured_media":312635,"comment_status":"","ping_status":"","sticky":false,"template":"","format":"standard","meta":{"footnotes":""},"categories":[8],"tags":[17,18,25,24,13,14,11,19,20,9,10,15,16,23,12,21,22],"class_list":{"0":"post-312634","1":"post","2":"type-post","3":"status-publish","4":"format-standard","5":"has-post-thumbnail","7":"category-espana","8":"tag-breaking-news","9":"tag-breakingnews","10":"tag-es","11":"tag-espana","12":"tag-featured-news","13":"tag-featurednews","14":"tag-headlines","15":"tag-latest-news","16":"tag-latestnews","17":"tag-news","18":"tag-noticias","19":"tag-noticias-destacadas","20":"tag-noticiasdestacadas","21":"tag-spain","22":"tag-titulares","23":"tag-ultimas-noticias","24":"tag-ultimasnoticias"},"share_on_mastodon":{"url":"https:\/\/pubeurope.com\/@es\/115804738954028007","error":""},"_links":{"self":[{"href":"https:\/\/www.europesays.com\/es\/wp-json\/wp\/v2\/posts\/312634","targetHints":{"allow":["GET"]}}],"collection":[{"href":"https:\/\/www.europesays.com\/es\/wp-json\/wp\/v2\/posts"}],"about":[{"href":"https:\/\/www.europesays.com\/es\/wp-json\/wp\/v2\/types\/post"}],"author":[{"embeddable":true,"href":"https:\/\/www.europesays.com\/es\/wp-json\/wp\/v2\/users\/2"}],"replies":[{"embeddable":true,"href":"https:\/\/www.europesays.com\/es\/wp-json\/wp\/v2\/comments?post=312634"}],"version-history":[{"count":0,"href":"https:\/\/www.europesays.com\/es\/wp-json\/wp\/v2\/posts\/312634\/revisions"}],"wp:featuredmedia":[{"embeddable":true,"href":"https:\/\/www.europesays.com\/es\/wp-json\/wp\/v2\/media\/312635"}],"wp:attachment":[{"href":"https:\/\/www.europesays.com\/es\/wp-json\/wp\/v2\/media?parent=312634"}],"wp:term":[{"taxonomy":"category","embeddable":true,"href":"https:\/\/www.europesays.com\/es\/wp-json\/wp\/v2\/categories?post=312634"},{"taxonomy":"post_tag","embeddable":true,"href":"https:\/\/www.europesays.com\/es\/wp-json\/wp\/v2\/tags?post=312634"}],"curies":[{"name":"wp","href":"https:\/\/api.w.org\/{rel}","templated":true}]}}