{"id":312636,"date":"2025-12-29T20:27:11","date_gmt":"2025-12-29T20:27:11","guid":{"rendered":"https:\/\/www.europesays.com\/es\/312636\/"},"modified":"2025-12-29T20:27:11","modified_gmt":"2025-12-29T20:27:11","slug":"tres-muertos-y-un-herido-tras-un-alud-de-nieve-en-el-pico-tablato-cerca-de-panticosa-en-huesca","status":"publish","type":"post","link":"https:\/\/www.europesays.com\/es\/312636\/","title":{"rendered":"Tres muertos y un herido tras un alud de nieve en el pico Tablato cerca de Panticosa en Huesca"},"content":{"rendered":"<p class=\"articleParagraph\"><b>Tres personas han fallecido <\/b>tras verse arrastradas por un alud en el pico Tablato, en las inmediaciones del Balneario de Panticosa, en el Pirineo oscense, seg\u00fan han informado fuentes del Gobierno de Arag\u00f3n.<\/p>\n<p class=\"articleParagraph\">Hacia las 13:30 horas, la Guardia Civil de Huesca recibi\u00f3 el aviso de que se hab\u00eda producido este fen\u00f3meno, sorprendiendo a un grupo de seis personas que realizaban una actividad de alta monta\u00f1a. De todos ellos, dos pudieron salir por su propio pie y una est\u00e1 herida leve por hipotermia, quien ha sido trasladada en helic\u00f3ptero al hospital.<\/p>\n<p class=\"articleParagraph\">Ante el suceso, la Benem\u00e9rita activ\u00f3 de forma inmediata al <b>Grupo de Rescate e Intervenci\u00f3n en Monta\u00f1a<\/b> (GREIM), a la <b>Unidad A\u00e9rea y a un m\u00e9dico del 061<\/b>, que se encuentran todav\u00eda trabajando en la zona. Por su parte, <b>el 112 ya ha enviado un helic\u00f3ptero medicalizado<\/b> para que se sume a las labores de ayuda y rescate.<\/p>\n<p>Riesgo alto de aludes<\/p>\n<p class=\"articleParagraph\">El alud se ha producido en una <b>zona de alta monta\u00f1a situada en las inmediaciones del Balneario de Panticosa<\/b>, una zona muy popular en la temporada invernal para los monta\u00f1eros. Seg\u00fan las primeras informaciones, el desprendimiento de nieve se ha producido en una ladera del pico y ha arrastrado a las personas que all\u00ed se encontraban.<\/p>\n<p class=\"articleParagraph\">Seg\u00fan apunta el <b>alcalde de Panticosa, Jes\u00fas Mar\u00eda \u00dariz<\/b>, este lunes \u00abel riesgo de aludes\u00bb era muy alto debido a las condiciones climatol\u00f3gicas del pico en el que se encontraba el grupo de personas. \u00abEn la parte baja es una nieve helada y en la parte alta es una nieve de polvo\u00bb, detalla, lo que ha podido aumentar el riesgo.<\/p>\n<p class=\"articleParagraph\">En el lugar de los hechos <b>contin\u00faa trabajando la Guardia Civil y dem\u00e1s efectivos<\/b>. Por su parte, el <b>presidente de Arag\u00f3n, Jorge Azc\u00f3n<\/b>, que se ha mostrado \u00abconmocionado\u00bb por el suceso, ha cancelado su agenda y se dirige a la zona.<\/p>\n<p class=\"articleParagraph\">Asimismo, el delegado del Gobierno en Arag\u00f3n, Fernando Beltr\u00e1n Bl\u00e1zquez, ha informado de que se dirige hasta Panticosa para <b>seguir de cerca la evoluci\u00f3n del rescate<\/b> y que ya ha hablado con el alcalde de la localidad para ofrecerle toda la colaboraci\u00f3n.<\/p>\n<p>Procedentes del Pa\u00eds Vasco<\/p>\n<p class=\"articleParagraph\">Las tres v\u00edctimas mortales y las otras personas proced\u00edan del Pa\u00eds Vasco. As\u00ed lo ha asegurado en declaraciones a los medios de comunicaci\u00f3n el director general de Interior del Gobierno aragon\u00e9s, Miguel \u00c1ngel Clavero, que no ha precisado, sin embargo, de qu\u00e9 poblaciones de esta Comunidad eran las v\u00edctimas.<\/p>\n<p class=\"articleParagraph\">Ha comentado que la nieve no hab\u00eda sepultado a los monta\u00f1eros, a excepci\u00f3n de uno que hab\u00eda sido localizado semienterrado, y que<b> todos presentaban lesiones por los golpes sufridos durante el arrastre<\/b>.<\/p>\n<p class=\"articleParagraph\">Clavero ha se\u00f1alado que <b>los cuerpos de las v\u00edctimas est\u00e1n todav\u00eda en la zona del accidente<\/b>, a la espera de ser trasladados al Instituto Anat\u00f3mico Forense de Arag\u00f3n, una vez se produzca la orden judicial de levantamiento de los cad\u00e1veres.<\/p>\n","protected":false},"excerpt":{"rendered":"Tres personas han fallecido tras verse arrastradas por un alud en el pico Tablato, en las inmediaciones del&hellip;\n","protected":false},"author":2,"featured_media":312637,"comment_status":"","ping_status":"","sticky":false,"template":"","format":"standard","meta":{"footnotes":""},"categories":[5],"tags":[17,18,25,24,13,14,11,19,20,9,10,15,16,23,12,21,22],"class_list":{"0":"post-312636","1":"post","2":"type-post","3":"status-publish","4":"format-standard","5":"has-post-thumbnail","7":"category-titulares","8":"tag-breaking-news","9":"tag-breakingnews","10":"tag-es","11":"tag-espana","12":"tag-featured-news","13":"tag-featurednews","14":"tag-headlines","15":"tag-latest-news","16":"tag-latestnews","17":"tag-news","18":"tag-noticias","19":"tag-noticias-destacadas","20":"tag-noticiasdestacadas","21":"tag-spain","22":"tag-titulares","23":"tag-ultimas-noticias","24":"tag-ultimasnoticias"},"share_on_mastodon":{"url":"https:\/\/pubeurope.com\/@es\/115804742772357991","error":""},"_links":{"self":[{"href":"https:\/\/www.europesays.com\/es\/wp-json\/wp\/v2\/posts\/312636","targetHints":{"allow":["GET"]}}],"collection":[{"href":"https:\/\/www.europesays.com\/es\/wp-json\/wp\/v2\/posts"}],"about":[{"href":"https:\/\/www.europesays.com\/es\/wp-json\/wp\/v2\/types\/post"}],"author":[{"embeddable":true,"href":"https:\/\/www.europesays.com\/es\/wp-json\/wp\/v2\/users\/2"}],"replies":[{"embeddable":true,"href":"https:\/\/www.europesays.com\/es\/wp-json\/wp\/v2\/comments?post=312636"}],"version-history":[{"count":0,"href":"https:\/\/www.europesays.com\/es\/wp-json\/wp\/v2\/posts\/312636\/revisions"}],"wp:featuredmedia":[{"embeddable":true,"href":"https:\/\/www.europesays.com\/es\/wp-json\/wp\/v2\/media\/312637"}],"wp:attachment":[{"href":"https:\/\/www.europesays.com\/es\/wp-json\/wp\/v2\/media?parent=312636"}],"wp:term":[{"taxonomy":"category","embeddable":true,"href":"https:\/\/www.europesays.com\/es\/wp-json\/wp\/v2\/categories?post=312636"},{"taxonomy":"post_tag","embeddable":true,"href":"https:\/\/www.europesays.com\/es\/wp-json\/wp\/v2\/tags?post=312636"}],"curies":[{"name":"wp","href":"https:\/\/api.w.org\/{rel}","templated":true}]}}