{"id":312654,"date":"2025-12-29T20:43:13","date_gmt":"2025-12-29T20:43:13","guid":{"rendered":"https:\/\/www.europesays.com\/es\/312654\/"},"modified":"2025-12-29T20:43:13","modified_gmt":"2025-12-29T20:43:13","slug":"decision-final-del-barca-con-christensen","status":"publish","type":"post","link":"https:\/\/www.europesays.com\/es\/312654\/","title":{"rendered":"Decisi\u00f3n final del Bar\u00e7a con Christensen"},"content":{"rendered":"<p class=\"ft-text\">La mala fortuna volvi\u00f3 a golpear con dureza a Andreas Christensen en el mes de diciembre. El futbolista sufri\u00f3 una<a class=\"ft-link ft-link--decoration\" href=\"https:\/\/www.sport.es\/es\/noticias\/barca\/christensen-lesionado-comunicado-medico-fc-125010113\" rel=\"nofollow noopener\" target=\"_blank\"> rotura parcial del ligamento cruzado anterior de la rodilla izquierda<\/a> durante un entrenamiento y <strong>estar\u00e1 alejado de los terrenos de juego alrededor de cuatro meses.<\/strong><\/p>\n<p class=\"ft-text\">Seg\u00fan la normativa de LaLiga, <strong>el conjunto blaugrana puede dar de alta a un jugador de nueva inscripci\u00f3n que sustituya al lesionado<\/strong> siempre que el tiempo de baja previsto sea igual o superior a cuatro meses. Dicha previsi\u00f3n debe contar con el aval de un informe m\u00e9dico de la Comisi\u00f3n M\u00e9dica de la competici\u00f3n.<\/p>\n<p class=\"ft-text\"><strong>El Bar\u00e7a tiene hasta 20 d\u00edas para solicitar la inscripci\u00f3n de un sustituto una vez se haya realizado el informe favorable de la Comisi\u00f3n M\u00e9dica<\/strong> y puede aprovechar una parte de la ficha del futbolista (80%). El conjunto que dirige Hansi Flick valora desde hace d\u00edas las opciones que ofrece el mercado de fichajes en el mes de enero para poder tomar una decisi\u00f3n.<\/p>\n<p><img decoding=\"async\" src=\"https:\/\/www.europesays.com\/es\/wp-content\/uploads\/2025\/12\/b025f48e-70f6-4c91-a3b3-fd32cec74198_alta-libre-aspect-ratio_default_0.jpg\" width=\"1200\" height=\"800\" alt=\"Christensen, en el partido entre el Bar\u00e7a y la Real Sociedad\" class=\"ft-helper-img-rd\" loading=\"lazy\"\/><\/p>\n<p class=\"ft-helper-fontColor-quaternary ft-helper-fontSize-body-S ft-helper-spacer-t-xxs\">Christensen, en el partido entre el Bar\u00e7a y la Real Sociedad  \/ Valent\u00ed Enrich \/ SPO<\/p>\n<p class=\"ft-text\">Seg\u00fan explica el programa &#8216;Que t&#8217;hi jugues&#8217;, de la Cadena SER, el \u00e1rea deportiva del club <strong>solo presentar\u00e1 el informe para certificar la baja de Christensen a la Comisi\u00f3n M\u00e9dica en el caso de que decidan entrar en el mercado<\/strong>. La fecha l\u00edmite es el 9 de enero, con el mercado de invierno abierto.<\/p>\n<p class=\"ft-text\"><strong>Hasta que no aparezcan nombres concretos y operaciones factibles, el Bar\u00e7a no dar\u00e1 el paso de presentar el informe <\/strong>antes mencionado y solicitar utilizar el 80% de la ficha del central. El club conoce de sobra el funcionamiento de la norma, con el caso de Ter Stegen y Joan Garc\u00eda del pasado verano como el ejemplo m\u00e1s reciente.<\/p>\n<p class=\"ft-text\"><strong>La posici\u00f3n de central se encuentra ahora mismo en una situaci\u00f3n delicada. <\/strong>Pau Cubars\u00ed y Gerard Mart\u00edn se han afianzado ahora mismo como pareja de titular, con Eric Garc\u00eda obligado a jugar en una zona m\u00e1s adelantada y ofreciendo un gran rendimiento y con Ronald Araujo de baja hasta hoy, d\u00eda en el que ha regresado a los entrenamientos con el resto de la primera plantilla.<\/p>\n<p class=\"ft-text\">El Bar\u00e7a todav\u00eda tiene margen para valorar las opciones que ofrece el mercado en este punto de la temporada, pero ya ha tomado la decisi\u00f3n de que<strong> solo aprovechar\u00e1 la ficha de Christensen si un jugador adecuado se pone a tiro.<\/strong><\/p>\n","protected":false},"excerpt":{"rendered":"La mala fortuna volvi\u00f3 a golpear con dureza a Andreas Christensen en el mes de diciembre. El futbolista&hellip;\n","protected":false},"author":2,"featured_media":312655,"comment_status":"","ping_status":"","sticky":false,"template":"","format":"standard","meta":{"footnotes":""},"categories":[93],"tags":[63397,2296,63396,2347,168,25,24,1058,23,167],"class_list":{"0":"post-312654","1":"post","2":"type-post","3":"status-publish","4":"format-standard","5":"has-post-thumbnail","7":"category-deportes","8":"tag-andreas-christensen","9":"tag-barca","10":"tag-christensen","11":"tag-decision","12":"tag-deportes","13":"tag-es","14":"tag-espana","15":"tag-final","16":"tag-spain","17":"tag-sports"},"share_on_mastodon":{"url":"https:\/\/pubeurope.com\/@es\/115804805748037512","error":""},"_links":{"self":[{"href":"https:\/\/www.europesays.com\/es\/wp-json\/wp\/v2\/posts\/312654","targetHints":{"allow":["GET"]}}],"collection":[{"href":"https:\/\/www.europesays.com\/es\/wp-json\/wp\/v2\/posts"}],"about":[{"href":"https:\/\/www.europesays.com\/es\/wp-json\/wp\/v2\/types\/post"}],"author":[{"embeddable":true,"href":"https:\/\/www.europesays.com\/es\/wp-json\/wp\/v2\/users\/2"}],"replies":[{"embeddable":true,"href":"https:\/\/www.europesays.com\/es\/wp-json\/wp\/v2\/comments?post=312654"}],"version-history":[{"count":0,"href":"https:\/\/www.europesays.com\/es\/wp-json\/wp\/v2\/posts\/312654\/revisions"}],"wp:featuredmedia":[{"embeddable":true,"href":"https:\/\/www.europesays.com\/es\/wp-json\/wp\/v2\/media\/312655"}],"wp:attachment":[{"href":"https:\/\/www.europesays.com\/es\/wp-json\/wp\/v2\/media?parent=312654"}],"wp:term":[{"taxonomy":"category","embeddable":true,"href":"https:\/\/www.europesays.com\/es\/wp-json\/wp\/v2\/categories?post=312654"},{"taxonomy":"post_tag","embeddable":true,"href":"https:\/\/www.europesays.com\/es\/wp-json\/wp\/v2\/tags?post=312654"}],"curies":[{"name":"wp","href":"https:\/\/api.w.org\/{rel}","templated":true}]}}