{"id":312670,"date":"2025-12-29T20:56:07","date_gmt":"2025-12-29T20:56:07","guid":{"rendered":"https:\/\/www.europesays.com\/es\/312670\/"},"modified":"2025-12-29T20:56:07","modified_gmt":"2025-12-29T20:56:07","slug":"la-peluso-recaudara-para-las-nueve-escuelas-de-ciclismo","status":"publish","type":"post","link":"https:\/\/www.europesays.com\/es\/312670\/","title":{"rendered":"La Peluso recaudar\u00e1 para las nueve escuelas de ciclismo"},"content":{"rendered":"<p class=\"paragraph\"><b>La Peluso<\/b>, la prueba cicloturista con <b>salida y meta en Irurtzun<\/b> y que esta edici\u00f3n se celebrar\u00e1 el<b> 9 de mayo<\/b>, homenajea al pasado para apostar, en este caso, por el futuro. El <b>equipo Reynolds de 1987<\/b>, con un incipiente <b>Miguel Indur\u00e1in<\/b>, ser\u00e1 recordado y parte de la <b>recaudaci\u00f3n se destinar\u00e1 a las nueve escuelas de ciclismo de Navarra<\/b>. El <b>10% de cada una de las inscripciones<\/b> ser\u00e1 para los equipos de la base. Adem\u00e1s se podr\u00e1 colaborar a trav\u00e9s de<b> la iniciativa del dorsal 0<\/b> con independencia de si se participa en la prueba o no.<\/p>\n<p class=\"paragraph\">La marcha, que alcanzar\u00e1 su <b>sexta edici\u00f3n<\/b>, se ha puesto de largo este lunes 29 en la sala de prensa de la Casa del Deporte de la mano de la voz del ciclismo, Ju<b>an Mari Guajardo<\/b>. A ella han acudido los organizadores de la prueba, as\u00ed como <b>representantes de los nueve clubes que sustentan el ciclismo base<\/b>. Adem\u00e1s se han sumado, en una muestra de apoyo a la iniciativa, cuatro de los ciclistas que alcanzaron el profesionalismo. En el acto han estado<b> Xabier Zandio<\/b>, director del INEOS Grenadiers; <b>Juanjo Oroz<\/b>, m\u00e1nager del Kern Pharma;<b> Egoi Mart\u00ednez<\/b>, representante de ciclistas, e <b>Iker Flores<\/b>, comercial de la firma de ropa Bioracer.\u00a0<\/p>\n<p class=\"paragraph\">Los cuatro han agradecido el apoyo de la organizaci\u00f3n de La Peluso a unas escuelas de ciclismo en las que ellos tambi\u00e9n crecieron en este deporte. Las escuelas con las que colabora la organizaci\u00f3n son<b> Burunda, Aralar, Estella, Tafall\u00e9s, Ermitaga\u00f1a, Villav\u00e9s, Berritxaco, Baztandarra e Izozmendi<\/b>. Los detalles los ha dado a conocer <b>Santi Moreno<\/b> de la organizaci\u00f3n.<\/p>\n<p class=\"paragraph\">Las <b>inscripciones <\/b>para La Peluso se abren el pr\u00f3ximo<b> 1 de enero<\/b>. La prueba contar\u00e1 con<b> tres recorridos<\/b>, los mismos de la \u00faltima edici\u00f3n que se vio deslucida por una alerta de tormentas que oblig\u00f3 a la organizaci\u00f3n a realizar cambios en el recorrido. Los cicloturistas pueden elegir entre tres distancias: <b>87 kil\u00f3metros, 110 km y 155 km<\/b>. En los dos \u00faltimos trazados los participantes ascienden el puerto de <b>San Miguel de Aralar.\u00a0<\/b><\/p>\n","protected":false},"excerpt":{"rendered":"La Peluso, la prueba cicloturista con salida y meta en Irurtzun y que esta edici\u00f3n se celebrar\u00e1 el&hellip;\n","protected":false},"author":2,"featured_media":312671,"comment_status":"","ping_status":"","sticky":false,"template":"","format":"standard","meta":{"footnotes":""},"categories":[273],"tags":[313,312,168,25,419,24,6983,40922,73431,23,167],"class_list":{"0":"post-312670","1":"post","2":"type-post","3":"status-publish","4":"format-standard","5":"has-post-thumbnail","7":"category-ciclismo","8":"tag-ciclismo","9":"tag-cycling","10":"tag-deportes","11":"tag-es","12":"tag-escuelas","13":"tag-espana","14":"tag-nueve","15":"tag-peluso","16":"tag-recaudara","17":"tag-spain","18":"tag-sports"},"share_on_mastodon":{"url":"https:\/\/pubeurope.com\/@es\/115804856860346497","error":""},"_links":{"self":[{"href":"https:\/\/www.europesays.com\/es\/wp-json\/wp\/v2\/posts\/312670","targetHints":{"allow":["GET"]}}],"collection":[{"href":"https:\/\/www.europesays.com\/es\/wp-json\/wp\/v2\/posts"}],"about":[{"href":"https:\/\/www.europesays.com\/es\/wp-json\/wp\/v2\/types\/post"}],"author":[{"embeddable":true,"href":"https:\/\/www.europesays.com\/es\/wp-json\/wp\/v2\/users\/2"}],"replies":[{"embeddable":true,"href":"https:\/\/www.europesays.com\/es\/wp-json\/wp\/v2\/comments?post=312670"}],"version-history":[{"count":0,"href":"https:\/\/www.europesays.com\/es\/wp-json\/wp\/v2\/posts\/312670\/revisions"}],"wp:featuredmedia":[{"embeddable":true,"href":"https:\/\/www.europesays.com\/es\/wp-json\/wp\/v2\/media\/312671"}],"wp:attachment":[{"href":"https:\/\/www.europesays.com\/es\/wp-json\/wp\/v2\/media?parent=312670"}],"wp:term":[{"taxonomy":"category","embeddable":true,"href":"https:\/\/www.europesays.com\/es\/wp-json\/wp\/v2\/categories?post=312670"},{"taxonomy":"post_tag","embeddable":true,"href":"https:\/\/www.europesays.com\/es\/wp-json\/wp\/v2\/tags?post=312670"}],"curies":[{"name":"wp","href":"https:\/\/api.w.org\/{rel}","templated":true}]}}