{"id":312676,"date":"2025-12-29T21:00:07","date_gmt":"2025-12-29T21:00:07","guid":{"rendered":"https:\/\/www.europesays.com\/es\/312676\/"},"modified":"2025-12-29T21:00:07","modified_gmt":"2025-12-29T21:00:07","slug":"pedi-ayuda-y-puse-fin-a-todo","status":"publish","type":"post","link":"https:\/\/www.europesays.com\/es\/312676\/","title":{"rendered":"Ped\u00ed ayuda y puse fin a todo"},"content":{"rendered":"<p id=\"ezQKv8aNP0\" data-wc=\"128\">El ic\u00f3nico actor gal\u00e9s <strong>Anthony Hopkins<\/strong>, conocido por sus roles en pel\u00edculas como Hannibal\u00a0o El Silencio de los Corderos, se ha sincerado en sus redes sociales <strong>a dos d\u00edas de cumplir 88 a\u00f1os<\/strong>. El int\u00e9rprete ha abordado, en un emotivo v\u00eddeo, c\u00f3mo hace 50 a\u00f1os que decidi\u00f3 dejar la bebida, una decisi\u00f3n que tom\u00f3 despu\u00e9s de un accidente de coche que casi acaba con su vida. <strong>\u00abConduje mi coche en estado de ebriedad. As\u00ed fue. Pero eso me permiti\u00f3 saber que, en ese punto, estaba pas\u00e1ndolo demasiado bien\u00bb<\/strong>, ha admitido este lunes a sus seguidores. En una doble efem\u00e9ride, Hopkins ha animado a aquellos que resuenen con su relato a \u00abbuscar ayuda\u00bb y a \u00abelegir la vida\u00bb. \u00bfQuieres ver su mensaje completo? \u00a1No te pierdas el v\u00eddeo!<\/p>\n","protected":false},"excerpt":{"rendered":"El ic\u00f3nico actor gal\u00e9s Anthony Hopkins, conocido por sus roles en pel\u00edculas como Hannibal\u00a0o El Silencio de los&hellip;\n","protected":false},"author":2,"featured_media":312677,"comment_status":"","ping_status":"","sticky":false,"template":"","format":"standard","meta":{"footnotes":""},"categories":[174],"tags":[58630,517,56832,255,177,146,147,25,24,256,23],"class_list":{"0":"post-312676","1":"post","2":"type-post","3":"status-publish","4":"format-standard","5":"has-post-thumbnail","7":"category-famosos","8":"tag-academia-de-hollywood","9":"tag-actualidad","10":"tag-anthony-hopkins","11":"tag-celebrities","12":"tag-cine","13":"tag-entertainment","14":"tag-entretenimiento","15":"tag-es","16":"tag-espana","17":"tag-famosos","18":"tag-spain"},"share_on_mastodon":{"url":"https:\/\/pubeurope.com\/@es\/115804873335370158","error":""},"_links":{"self":[{"href":"https:\/\/www.europesays.com\/es\/wp-json\/wp\/v2\/posts\/312676","targetHints":{"allow":["GET"]}}],"collection":[{"href":"https:\/\/www.europesays.com\/es\/wp-json\/wp\/v2\/posts"}],"about":[{"href":"https:\/\/www.europesays.com\/es\/wp-json\/wp\/v2\/types\/post"}],"author":[{"embeddable":true,"href":"https:\/\/www.europesays.com\/es\/wp-json\/wp\/v2\/users\/2"}],"replies":[{"embeddable":true,"href":"https:\/\/www.europesays.com\/es\/wp-json\/wp\/v2\/comments?post=312676"}],"version-history":[{"count":0,"href":"https:\/\/www.europesays.com\/es\/wp-json\/wp\/v2\/posts\/312676\/revisions"}],"wp:featuredmedia":[{"embeddable":true,"href":"https:\/\/www.europesays.com\/es\/wp-json\/wp\/v2\/media\/312677"}],"wp:attachment":[{"href":"https:\/\/www.europesays.com\/es\/wp-json\/wp\/v2\/media?parent=312676"}],"wp:term":[{"taxonomy":"category","embeddable":true,"href":"https:\/\/www.europesays.com\/es\/wp-json\/wp\/v2\/categories?post=312676"},{"taxonomy":"post_tag","embeddable":true,"href":"https:\/\/www.europesays.com\/es\/wp-json\/wp\/v2\/tags?post=312676"}],"curies":[{"name":"wp","href":"https:\/\/api.w.org\/{rel}","templated":true}]}}