{"id":312678,"date":"2025-12-29T21:01:12","date_gmt":"2025-12-29T21:01:12","guid":{"rendered":"https:\/\/www.europesays.com\/es\/312678\/"},"modified":"2025-12-29T21:01:12","modified_gmt":"2025-12-29T21:01:12","slug":"un-libro-de-artista-repasa-los-cuarenta-anos-de-escultura-del-cordobes-jose-manuel-belmonte","status":"publish","type":"post","link":"https:\/\/www.europesays.com\/es\/312678\/","title":{"rendered":"Un libro de artista repasa los cuarenta a\u00f1os de escultura del cordob\u00e9s Jos\u00e9 Manuel Belmonte"},"content":{"rendered":"<p class=\"ft-text ft-helper-align-justify\">Un amplio <a class=\"ft-link ft-link--decoration\" href=\"https:\/\/www.diariocordoba.com\/tags\/libro\/\" rel=\"nofollow noopener\" target=\"_blank\">libro<\/a> de <a class=\"ft-link ft-link--decoration\" href=\"https:\/\/www.diariocordoba.com\/tags\/artista\/\" rel=\"nofollow noopener\" target=\"_blank\">artista <\/a>recoge la trayectoria y la obra del <a class=\"ft-link ft-link--decoration\" href=\"https:\/\/www.diariocordoba.com\/tags\/escultor\/\" rel=\"nofollow noopener\" target=\"_blank\">escultor <\/a>cordob\u00e9s <strong>Jos\u00e9 Manuel <\/strong><a class=\"ft-link ft-link--decoration\" href=\"https:\/\/www.diariocordoba.com\/tags\/belmonte\/\" rel=\"nofollow noopener\" target=\"_blank\"><strong>Belmonte<\/strong><\/a>, coincidiendo con el <strong>40 aniversario de su carrera profesional<\/strong>. El volumen ofrece una revisi\u00f3n exhaustiva de cuatro d\u00e9cadas de creaci\u00f3n y se presenta como<strong> uno de los proyectos m\u00e1s ambiciosos del autor<\/strong>.<\/p>\n<p class=\"ft-text ft-helper-align-justify\">La publicaci\u00f3n incluye un an\u00e1lisis en profundidad de su obra, as\u00ed como <strong>una entrevista extensa en la que el propio Belmonte reflexiona sobre su evoluci\u00f3n <\/strong>art\u00edstica, sus influencias y los principales hitos de su trayectoria. El libro se completa con<strong> un curr\u00edculo detallado de estos cuarenta a\u00f1os de trabajo <\/strong>y una amplia selecci\u00f3n fotogr\u00e1fica de <strong>Rafael Carmona<\/strong>, que permite recorrer visualmente algunas de sus obras y series m\u00e1s emblem\u00e1ticas. Entre ellas destacan conjuntos ya ic\u00f3nicos dentro de su producci\u00f3n como <strong>Los hombres p\u00e1jaro<\/strong>, <strong>El recreo de los ausentes, Custodios<\/strong> o <strong>Alma<\/strong>, adem\u00e1s de los relieves de <strong>El cuerpo del pecado <\/strong>y<strong> Bestiari<\/strong><strong>o<\/strong>, que ocupan un lugar relevante dentro del volumen por su potencia simb\u00f3lica y formal.<\/p>\n<p class=\"ft-text ft-helper-align-justify\">Este libro de artista, que <strong>se presentar\u00e1 en las pr\u00f3ximas semanas tras la conclusi\u00f3n del periodo navide\u00f1o,<\/strong> est\u00e1 impulsado por el propio Jos\u00e9 Manuel Belmonte y ha contado con una ayuda de la <a class=\"ft-link ft-link--decoration\" href=\"https:\/\/www.diariocordoba.com\/tags\/diputacion-de-cordoba\/\" rel=\"nofollow noopener\" target=\"_blank\">Diputaci\u00f3n Provincial de C\u00f3rdoba<\/a>, a trav\u00e9s de la<a class=\"ft-link ft-link--decoration\" href=\"https:\/\/www.diariocordoba.com\/tags\/fundacion-boti\/\" rel=\"nofollow noopener\" target=\"_blank\"> Fundaci\u00f3n Provincial de Artes Pl\u00e1sticas Rafael Bot\u00ed, <\/a>dentro de la convocatoria de subvenciones para el apoyo a la creaci\u00f3n y al perfeccionamiento en las artes pl\u00e1sticas durante el a\u00f1o 2025.<\/p>\n<p class=\"ft-text ft-helper-align-justify\">La iniciativa se enmarca en el proyecto <strong>Jos\u00e9 Manuel Belmonte. Cuarenta a\u00f1os de escultura. <\/strong>El volumen pone adem\u00e1s el broche final a un a\u00f1o clave en la carrera del escultor, marcado por su gran exposici\u00f3n antol\u00f3gica<strong> Forma y fondo<\/strong>, celebrada el pasado oto\u00f1o en el Centro Cultural Casa de Vacas de Madrid. La muestra convirti\u00f3 a Belmonte en uno de los grandes protagonistas de la escena art\u00edstica madrile\u00f1a y recibi\u00f3 la visita de <strong>m\u00e1s de 60.000 personas en menos de un mes.<\/strong><\/p>\n<p><img decoding=\"async\" src=\"https:\/\/www.europesays.com\/es\/wp-content\/uploads\/2025\/12\/379d86f9-844a-4cc0-89a0-e89e6bb2e40a_alta-libre-aspect-ratio_default_0.jpg\" width=\"1200\" height=\"802\" alt=\"Jos\u00e9 Manuel Belmonte, escultor de C\u00f3rdoba, con una de sus obras.\" class=\"ft-helper-img-rd\" loading=\"lazy\"\/><\/p>\n<p class=\"ft-helper-fontColor-quaternary ft-helper-fontSize-body-S ft-helper-spacer-t-xxs\">Jos\u00e9 Manuel Belmonte, escultor de C\u00f3rdoba, con una de sus obras.  \/ C\u00d3RDOBA<\/p>\n<p class=\"ft-text ft-helper-align-justify\">Belmonte, que ha mostrado su agradecimiento por el respaldo a la Diputaci\u00f3n y a la Fundaci\u00f3n Bot\u00ed, subraya que \u201cla exposici\u00f3n de Madrid, que ha supuesto un antes y un despu\u00e9s, y este libro de artista son dos objetivos en los que llevo tiempo trabajando, pero <strong>en ning\u00fan caso un punto final\u201d.<\/strong> En este sentido, explica que actualmente se encuentra <strong>concluyendo una obra p\u00fablica para el municipio de Belalc\u00e1zar<\/strong>, en la comarca de<a class=\"ft-link ft-link--decoration\" href=\"https:\/\/www.diariocordoba.com\/tags\/los-pedroches\/\" rel=\"nofollow noopener\" target=\"_blank\"> Los Pedroches,<\/a> y que ya trabaja en la preparaci\u00f3n de una nueva exposici\u00f3n.<strong> \u201cMe siento con fuerzas para seguir adelante, creando\u201d, <\/strong>afirma.<\/p>\n<p class=\"ft-text ft-helper-align-justify\">Jos\u00e9 Manuel Belmonte, nacido en <a class=\"ft-link ft-link--decoration\" href=\"https:\/\/www.diariocordoba.com\/local\/\" rel=\"nofollow noopener\" target=\"_blank\">C\u00f3rdoba<\/a> en 1964, es una de las figuras m\u00e1s destacadas del arte figurativo contempor\u00e1neo en Andaluc\u00eda y Espa\u00f1a. Formado en la <strong>Escuela de Artes y Oficios Mateo Inurria <\/strong>y en Italia, fue disc\u00edpulo del maestro<strong> Antonio Gallardo Parras<\/strong> y desde joven mostr\u00f3 un talento excepcional por la escultura.<\/p>\n<p class=\"ft-text ft-helper-align-justify\">A lo largo de su carrera ha obtenido importantes reconocimientos, entre ellos el Premio Jacinto Higueras, el Premio Figurativas del MEAM de Barcelona y la Medalla de Andaluc\u00eda. Su obra, de fuerte carga emocional y social, se ha expuesto internacionalmente en ciudades como Shanghai, Bruselas, Nuremberg y Singapur, as\u00ed como en Espa\u00f1a en centros de arte y galer\u00edas de Madrid, Valencia, Zaragoza, La Coru\u00f1a y Barcelona. Belmonte es miembro de la <a class=\"ft-link ft-link--decoration\" href=\"https:\/\/www.diariocordoba.com\/tags\/academia-de-cordoba\/\" rel=\"nofollow noopener\" target=\"_blank\">Real Academia de C\u00f3rdoba.<\/a><\/p>\n","protected":false},"excerpt":{"rendered":"Un amplio libro de artista recoge la trayectoria y la obra del escultor cordob\u00e9s Jos\u00e9 Manuel Belmonte, coincidiendo&hellip;\n","protected":false},"author":2,"featured_media":312679,"comment_status":"","ping_status":"","sticky":false,"template":"","format":"standard","meta":{"footnotes":""},"categories":[173],"tags":[988,229,233,1830,231,230,3650,959,232,234,146,147,25,1246,24,1496,38787,23],"class_list":{"0":"post-312678","1":"post","2":"type-post","3":"status-publish","4":"format-standard","5":"has-post-thumbnail","7":"category-arte-y-diseno","8":"tag-anos","9":"tag-arte","10":"tag-arte-y-diseno","11":"tag-artista","12":"tag-arts","13":"tag-arts-and-design","14":"tag-belmonte","15":"tag-cuarenta","16":"tag-design","17":"tag-diseno","18":"tag-entertainment","19":"tag-entretenimiento","20":"tag-es","21":"tag-escultura","22":"tag-espana","23":"tag-libro","24":"tag-repasa","25":"tag-spain"},"share_on_mastodon":{"url":"https:\/\/pubeurope.com\/@es\/115804876505075730","error":""},"_links":{"self":[{"href":"https:\/\/www.europesays.com\/es\/wp-json\/wp\/v2\/posts\/312678","targetHints":{"allow":["GET"]}}],"collection":[{"href":"https:\/\/www.europesays.com\/es\/wp-json\/wp\/v2\/posts"}],"about":[{"href":"https:\/\/www.europesays.com\/es\/wp-json\/wp\/v2\/types\/post"}],"author":[{"embeddable":true,"href":"https:\/\/www.europesays.com\/es\/wp-json\/wp\/v2\/users\/2"}],"replies":[{"embeddable":true,"href":"https:\/\/www.europesays.com\/es\/wp-json\/wp\/v2\/comments?post=312678"}],"version-history":[{"count":0,"href":"https:\/\/www.europesays.com\/es\/wp-json\/wp\/v2\/posts\/312678\/revisions"}],"wp:featuredmedia":[{"embeddable":true,"href":"https:\/\/www.europesays.com\/es\/wp-json\/wp\/v2\/media\/312679"}],"wp:attachment":[{"href":"https:\/\/www.europesays.com\/es\/wp-json\/wp\/v2\/media?parent=312678"}],"wp:term":[{"taxonomy":"category","embeddable":true,"href":"https:\/\/www.europesays.com\/es\/wp-json\/wp\/v2\/categories?post=312678"},{"taxonomy":"post_tag","embeddable":true,"href":"https:\/\/www.europesays.com\/es\/wp-json\/wp\/v2\/tags?post=312678"}],"curies":[{"name":"wp","href":"https:\/\/api.w.org\/{rel}","templated":true}]}}