{"id":312721,"date":"2025-12-29T21:31:35","date_gmt":"2025-12-29T21:31:35","guid":{"rendered":"https:\/\/www.europesays.com\/es\/312721\/"},"modified":"2025-12-29T21:31:35","modified_gmt":"2025-12-29T21:31:35","slug":"el-31-de-enero-finaliza-el-plazo-para-inscribir-peliculas-en-ficsan-2026","status":"publish","type":"post","link":"https:\/\/www.europesays.com\/es\/312721\/","title":{"rendered":"El 31 de enero finaliza el plazo para inscribir pel\u00edculas en FICSAN 2026"},"content":{"rendered":"<p>FICSAN 2026 cuenta con la organizaci\u00f3n de la Delegaci\u00f3n Municipal de Cultura, y con la colaboraci\u00f3n de la escuela de cine Enfoca y de la empresa municipal Multimedia. La presentaci\u00f3n de las bases del certamen corri\u00f3 a cargo de la teniente de alcalde de dicho departamento, Ana Ruiz, y del director del festival, C\u00e9sar Aldana.<\/p>\n<p>En las bases de la 47 Edici\u00f3n del Festival Internacional de Cortometrajes en San Roque se recoge que se celebrar\u00e1 del 1 y el 7 de junio de 2026 y que estar\u00e1 abierto a todos los realizadores, colectivos cinematogr\u00e1ficos, escuelas de cine, asociaciones y productores. El plazo de inscripci\u00f3n de pel\u00edculas comenz\u00f3 el 15 de diciembre de 2025 y finalizar\u00e1 el 31 de enero de 2026.<\/p>\n<p>Los formatos de proyecci\u00f3n de las pel\u00edculas ser\u00e1 un archivo de video en Full HD, 2K o 4K con codec h264\/h265, y con unos 15000 de bitrate m\u00ednimo, audio en AC3 o MPEG4 AAC, en un archivo MOV, MP4 o MKV. Si tuviera subt\u00edtulos, estos han de estar en formato STR o integrados.<\/p>\n<p>Las pel\u00edculas podr\u00e1n ser mudas o sonoras, habladas en cualquier idioma, subtituladas en ingl\u00e9s para las producciones de habla hispana y subtituladas en espa\u00f1ol para el resto de idiomas. Aquellas pel\u00edculas que no cumplan con estos requisitos no ser\u00e1n seleccionadas.<\/p>\n<p>Se pone tambi\u00e9n como condici\u00f3n que no hayan participado en este certamen con anterioridad con esa pel\u00edcula, siendo su duraci\u00f3n m\u00e1xima de 15 minutos. Los cortometrajes que excedan de esa limitaci\u00f3n quedar\u00e1n descalificados.<\/p>\n<p>S\u00f3lo se admitir\u00e1n dos pel\u00edculas por autor, debiendo estar realizadas con posterioridad al 1 de enero de 2024. Se realizar\u00e1 una selecci\u00f3n para elegir aquellos cortometrajes que entrar\u00e1n a concurso dentro de la secci\u00f3n oficial.<\/p>\n<p>Los cortometrajes seleccionados se incluir\u00e1n en el cat\u00e1logo del Festival Internacional de Cortometrajes en San Roque y ser\u00e1n exhibidos en sesiones p\u00fablicas, limit\u00e1ndose \u00e9stas a un m\u00e1ximo de 3 horas por d\u00eda de proyecci\u00f3n.<\/p>\n<p>La Gala de Clausura se celebrar\u00e1 el d\u00eda 5 de junio de 2026. Se considerar\u00e1n fuera de concurso las pel\u00edculas de car\u00e1cter publicitario, v\u00eddeos musicales, documentales y aquellas que utilicen material no original en m\u00e1s de un 50%.<\/p>\n<p>El plazo de inscripci\u00f3n comienza el 15 de diciembre de 2025 y finalizar\u00e1 el 31 de enero de 2026. La admisi\u00f3n de cortometrajes s\u00f3lo se realizar\u00e1 por la plataforma digital Festhome.<\/p>\n<p>Antes del 5 de mayo de 2026 se comunicar\u00e1n las obras seleccionadas a sus autores. Si pasada esa fecha no se ha recibido comunicaci\u00f3n referente a la selecci\u00f3n, se entender\u00e1 que la pel\u00edcula no va a participar en el festival. Las copias de proyecci\u00f3n en Full HD de las pel\u00edculas seleccionadas deber\u00e1n estar en poder de la organizaci\u00f3n del festival antes del 17 de mayo de 2026, debiendo ser enviadas v\u00eda WeTransfer, GoogleDrive o a trav\u00e9s de servicios Ftp.<\/p>\n<p>El jurado encargado de proponer los premios ser\u00e1 elegido por la Delegaci\u00f3n Municipal de Cultura y estar\u00e1 formado por personas de reconocido prestigio dentro del mundo cinematogr\u00e1fico, as\u00ed como por un representante de la organizaci\u00f3n del concurso. La composici\u00f3n del mismo se publicar\u00e1 en el Portal de Transparencia del Ilustre Ayuntamiento de San Roque al menos con quince d\u00edas de antelaci\u00f3n a las deliberaciones. El jurado podr\u00e1 declarar desierto cualquiera de los premios o categor\u00edas.<\/p>\n<p>El funcionamiento del jurado se regir\u00e1 por lo dispuesto en la secci\u00f3n tercera del Cap\u00edtulo II T\u00edtulo Preliminar de la Ley 40\/2015 de 1 de octubre de R\u00e9gimen Jur\u00eddico del Sector P\u00fablico.<\/p>\n<p>El jurado conceder\u00e1 los siguientes premios:<\/p>\n<p>Premio Cineasta \u201cEsteban Gallego\u201d al Mejor Cortometraje Espa\u00f1ol, dotado de 1.000 euros y estatuilla.<\/p>\n<p>Mejor Cortometraje Internacional, dotado con estatuilla.<\/p>\n<p>Premio Juan Luis Galiardo al Mejor Cortometraje Andaluz, estatuilla y 1.000 euros.<\/p>\n<p>Premio Carlos Pacheco al Mejor Cortometraje de Animaci\u00f3n, estatuilla y 1.000 euros.<\/p>\n<p>Premio Kinova a la Mejor Fotograf\u00eda, copia en DCP y trofeo.<\/p>\n<p>Premio Mejor Gui\u00f3n, estatuilla.<\/p>\n<p>Premio \u201cCineC\u00e1diz\u201d al Mejor Cortometraje Gaditano, trofeo.<\/p>\n<p>Premio del P\u00fablico al Mejor Cortometraje, estatuilla.<\/p>\n<p>El jurado podr\u00e1 declarar desierto cualquier premio, as\u00ed como conceder alguna menci\u00f3n. Los premios en met\u00e1lico est\u00e1n sujetos a retenci\u00f3n seg\u00fan la legislaci\u00f3n tributaria espa\u00f1ola (retenci\u00f3n del 21% de su importe \u00edntegro).<\/p>\n<p>Los premiados deber\u00e1n enviar un v\u00eddeo de agradecimiento en formato horizontal (1920&#215;1080).<\/p>\n<p>Para cualquier informaci\u00f3n, existen las siguientes v\u00edas de comunicaci\u00f3n: tel\u00e9fonos +34 956 780 106 (extensi\u00f3n 3327) y 609 735 710 (C\u00e9sar Aldana). Tambi\u00e9n al correo electr\u00f3nico <a class=\"_ymio1r31 _ypr0glyw _zcxs1o36 _mizu194a _1ah3dkaa _ra3xnqa1 _128mdkaa _1cvmnqa1 _4davt94y _4bfu1r31 _1hms8stv _ajmmnqa1 _vchhusvi _kqswh2mm _syaz13af _ect41gqc _1a3b1r31 _4fpr8stv _5goinqa1 _f8pj13af _9oik1r31 _1bnxglyw _jf4cnqa1 _30l313af _1nrm1r31 _c2waglyw _1iohnqa1 _9h8h12zz _10531ra0 _1ien1ra0 _n0fx1ra0 _1vhv17z1\" href=\"https:\/\/www.sanroque.es\/content\/mailto:ficsan.cortos@gmail.com\" style=\"background-color: transparent; color: var(--ds-link,#1868db); position: relative; font-family: var(--ds-font-family-body,ui-sans-serif,-apple-system,BlinkMacSystemFont,&quot;Segoe UI&quot;,Ubuntu,&quot;Helvetica Neue&quot;,sans-serif); text-decoration-color: currentcolor; text-decoration-style: solid; box-sizing: border-box;\" title=\"https:\/\/www.sanroque.es\/content\/mailto:ficsan.cortos@gmail.com\" rel=\"nofollow noopener\" target=\"_blank\">ficsan.cortos@gmail.com<\/a>.<\/p>\n<p>Una vez que un cortometraje ha sido seleccionado para concurso, \u00e9ste no podr\u00e1 ser retirado hasta la finalizaci\u00f3n del desarrollo del Festival.<\/p>\n<p>Los participantes por el hecho de serlos, hacen cesi\u00f3n de los derechos de reproducci\u00f3n y proyecci\u00f3n de sus cortometrajes durante el desarrollo del festival, as\u00ed como aceptar las presentes bases, y las resoluciones a cualquier situaci\u00f3n, problema o cambio no recogidos en \u00e9stas. El palmar\u00e9s de cortometrajes galardonados podr\u00e1 reproducirse en otras actividades organizadas por el Festival Internacional de Cortometrajes en San Roque (como Ciclos de Cine de Verano, proyecciones con Escolares, actos con patrocinadores, etc).<\/p>\n","protected":false},"excerpt":{"rendered":"FICSAN 2026 cuenta con la organizaci\u00f3n de la Delegaci\u00f3n Municipal de Cultura, y con la colaboraci\u00f3n de la&hellip;\n","protected":false},"author":2,"featured_media":312722,"comment_status":"","ping_status":"","sticky":false,"template":"","format":"standard","meta":{"footnotes":""},"categories":[91],"tags":[1250,2193,2191,146,147,25,24,2190,2186,2189,2185,2187,23,2192,2188],"class_list":{"0":"post-312721","1":"post","2":"type-post","3":"status-publish","4":"format-standard","5":"has-post-thumbnail","7":"category-entretenimiento","8":"tag-ayuntamiento","9":"tag-cadiz","10":"tag-campamento","11":"tag-entertainment","12":"tag-entretenimiento","13":"tag-es","14":"tag-espana","15":"tag-guadiaro","16":"tag-roque","17":"tag-san-enrique","18":"tag-san-roque","19":"tag-soto-grande","20":"tag-spain","21":"tag-taraguilla","22":"tag-torreguadiaro"},"share_on_mastodon":{"url":"https:\/\/pubeurope.com\/@es\/115804994890376333","error":""},"_links":{"self":[{"href":"https:\/\/www.europesays.com\/es\/wp-json\/wp\/v2\/posts\/312721","targetHints":{"allow":["GET"]}}],"collection":[{"href":"https:\/\/www.europesays.com\/es\/wp-json\/wp\/v2\/posts"}],"about":[{"href":"https:\/\/www.europesays.com\/es\/wp-json\/wp\/v2\/types\/post"}],"author":[{"embeddable":true,"href":"https:\/\/www.europesays.com\/es\/wp-json\/wp\/v2\/users\/2"}],"replies":[{"embeddable":true,"href":"https:\/\/www.europesays.com\/es\/wp-json\/wp\/v2\/comments?post=312721"}],"version-history":[{"count":0,"href":"https:\/\/www.europesays.com\/es\/wp-json\/wp\/v2\/posts\/312721\/revisions"}],"wp:featuredmedia":[{"embeddable":true,"href":"https:\/\/www.europesays.com\/es\/wp-json\/wp\/v2\/media\/312722"}],"wp:attachment":[{"href":"https:\/\/www.europesays.com\/es\/wp-json\/wp\/v2\/media?parent=312721"}],"wp:term":[{"taxonomy":"category","embeddable":true,"href":"https:\/\/www.europesays.com\/es\/wp-json\/wp\/v2\/categories?post=312721"},{"taxonomy":"post_tag","embeddable":true,"href":"https:\/\/www.europesays.com\/es\/wp-json\/wp\/v2\/tags?post=312721"}],"curies":[{"name":"wp","href":"https:\/\/api.w.org\/{rel}","templated":true}]}}