{"id":312729,"date":"2025-12-29T21:35:09","date_gmt":"2025-12-29T21:35:09","guid":{"rendered":"https:\/\/www.europesays.com\/es\/312729\/"},"modified":"2025-12-29T21:35:09","modified_gmt":"2025-12-29T21:35:09","slug":"solidaridad-en-carnota-con-la-comision-de-fiestas-de-villamanin-queremos-que-saiban-que-hai-alguen-que-os-apoia-que-non-son-uns-ladrons-la-voz-de-galicia","status":"publish","type":"post","link":"https:\/\/www.europesays.com\/es\/312729\/","title":{"rendered":"Solidaridad en Carnota con la comisi\u00f3n de fiestas de Villaman\u00edn: \u00abQueremos que saiban que hai algu\u00e9n que os apoia, que non son uns ladr\u00f3ns\u00bb &#8211; La Voz de Galicia"},"content":{"rendered":"<ol>\n<li><a href=\"https:\/\/news.google.com\/rss\/articles\/CBMiwwJBVV95cUxQMjhlYkZEMGM0TzdsbzJmMENaQVJzQzlLUVpKVkZJR1o0ZkxtSXRSWHFfY0NrSE5Cbk1lX1M2dnhIT2tqZ1BaYUw1NElKY2lVQkZWRV9nNm16SHNzRDZPRGdBOHZHdXFmMDdYVVljQ2NkVFBXYllFVm1SU3VWaGFiME5hWktnSjJ2UEtINGwxemx1RmxvSTFaQlJBcm0yWlNzT25lODhKenJwNHlEbGNxc3Z5QmJwRWFYc0ltYlpwZi1vY29lQ3hhZ3RkWUh0VGVJeFVyYW5BdjNpdWRvWUlCOHpIVndidk4xNTE2c29iN2owQS1xWlI1eDhRdk1OR1NnU3pPR3V6R1d1akJUNzNzMnVBUlJsQ2FuYnlZZDIyTkpiRWxfVDl0LXlZYkVjcHVTdXVESU5aV2tHbnprbmxEMmlCQQ?oc=5\" target=\"_blank\" rel=\"nofollow noopener\">Solidaridad en Carnota con la comisi\u00f3n de fiestas de Villaman\u00edn: \u00abQueremos que saiban que hai algu\u00e9n que os apoia, que non son uns ladr\u00f3ns\u00bb<\/a>&nbsp;&nbsp;La Voz de Galicia<\/li>\n<li><a href=\"https:\/\/news.google.com\/rss\/articles\/CBMi7gFBVV95cUxNN21pWG1VUlNWcEhZSzd5OUExRGRUR21kenFQMDkyWEpyQ19mbFdHdlJTbVVLTFQwODdxM0xhNlpNZ3laTVFxR25YTlNaQXdxUEFhMUZHZTFfa25MV09fQk5KS2xkcExVWnZod0oyY0g0STE5ZGhFbkhpN2VCTGgxQzBKR2MxT0V2NnJEMS1DNHhjcnRPLTdnNVhISWNjVWIxem9ubWowZDJkeUtZUHpmWUFEcVNmZjJVTS02R3BOeFlkMHhHTGJNdVQybkl0emRXZlN1SjNMZ195TjhjR2ZtOEFSNUcySFE4NVRYdU5R?oc=5\" target=\"_blank\" rel=\"nofollow noopener\">Los grandes derrotados del Gordo de Navidad de Villaman\u00edn, 15 j\u00f3venes de entre 18 y 25 a\u00f1os: \u201cHoy hemos perdido amigos\u201d<\/a>&nbsp;&nbsp;EL PA\u00cdS<\/li>\n<li><a href=\"https:\/\/news.google.com\/rss\/articles\/CBMiyAFBVV95cUxOVkZlQzZ6VDBKV3pOUF9ZY25tT2RUZWMzYW01ZGFKZ0tPRGdIUXBDMGtoaWF1clFkaFVlLWR6YUtaZkkycUZuMGdaeFJQZDZzWHFxWFNud0JnRFk0YlVhTGptamk0dGhqMFBrN2hEWi1kSWRCLXVYN05CalZJYVRJUXJMVTg4MHVncGItWk1lQXd4a1hoWFczVUpMbjBZbGxaaVpvWlBEMFhoT3lVWmFXNk5BYlMwSlM4R3o4MndiaDB3RnlWTkVuSw?oc=5\" target=\"_blank\" rel=\"nofollow noopener\">El Ayuntamiento de Villaman\u00edn llama a \u00abpreservar la convivencia vecinal\u00bb y se ofrece a mediar<\/a>&nbsp;&nbsp;ABC<\/li>\n<li><a href=\"https:\/\/news.google.com\/rss\/articles\/CBMi_gFBVV95cUxNMXFfRjBtWGRjZk8tZEUyM09kMnNocm9ObmlOZDdvdU55MlRHMHBucVZ3SnRSXzNqQ0VvdDEzcVl5bUtkRDE0b1RwZWNfcEJ4TU9qeHBRMkhKZXJwS2Z3LWF1UngyaDU4SUV2RjJKcFZMbEJlWjByQ2pvU0xsTXFyYmNGak56bHcyTHNRYmpsQW0zSl9TQmRkSjY2SFhadVN3cG42WGt6aVV1TDZvS0RSMjVjdjFKamp5LWtVVEFRYmgwM3hCdkNDSzEyWmY4eURxQ01sWTJ5UElHVXp0ZkhCSHZhUUFmNTFlbXVabzRzVUxlWmxUblNTbmFhLVRWUdIB_gFBVV95cUxNLWZsQktLbDZKNFpCb1ZsR3F3UzRUdzBjUFBONW10N3RBdWcyUlBDRXA1Q2hNLW9DR2dYS2lXNkd6LVcxRUVRRnJyTmdLVXhTbng4WnZ1eGk1N3hUOTBBbEVrMFhZOU9FT05FN2F3NFByeFpRSm5pTnpuSGlubmxsdnY0NDlMWW5wd3ZCUHY5UFl1Uk8zNUFQVjFMaTVHY3lwZ2hvakEza0xta0dxOWRTSzRiMGg3RktGRHk2WHFLRDdPT1hHWDhTYnFTVl85STJSQXcwMjhQNC1ydDNQNFBuQVhHQ2dkWFZwQlNRaUF0bUkyb1ktZC1Va0VpcjZhdw?oc=5\" target=\"_blank\" rel=\"nofollow noopener\">Aitor, vecino afectado por las papeletas de Villaman\u00edn (Le\u00f3n): \u00abEl dinero es lo peor que le ha pasado a la<\/a>&nbsp;&nbsp;LaSexta<\/li>\n<li><a href=\"https:\/\/news.google.com\/rss\/articles\/CBMi1AFBVV95cUxNRWhoVlJjM3lLMl9JaTlKYXRBckpNdHVWT0hkU05Qa0w0ZjNnVi00eV9hSlh6aUp6ZUxDRXRvc1BZRTA3ZlJ0LVgteDM5dVAza2otSnh0NkEyQ0U1OHQ2eWQyaWxEazdlVl9RSVNKQ0VlZkF2MHpxS3FaMGRiVU8wYXhlZDNZY0JsVlJyd2FoZXE5ZHpaeWw5YTdtQmZtUXYyOFpZWGY2ZGNsM2J4NGVWdm4tXzdzcGxlUnRUV052QUk2UWpkVDVRaUNVTHY4ZHl5LVdaaQ?oc=5\" target=\"_blank\" rel=\"nofollow noopener\">Bego\u00f1a Gerpe, abogada: \u00abChavales de Villaman\u00edn y familias, no entreguen sus d\u00e9cimos. Vayan a juicio\u201d<\/a>&nbsp;&nbsp;MARCA<\/li>\n<\/ol>\n","protected":false},"excerpt":{"rendered":"Solidaridad en Carnota con la comisi\u00f3n de fiestas de Villaman\u00edn: \u00abQueremos que saiban que hai algu\u00e9n que os&hellip;\n","protected":false},"author":2,"featured_media":312730,"comment_status":"","ping_status":"","sticky":false,"template":"","format":"standard","meta":{"footnotes":""},"categories":[8],"tags":[17,18,25,24,13,14,11,19,20,9,10,15,16,23,12,21,22],"class_list":{"0":"post-312729","1":"post","2":"type-post","3":"status-publish","4":"format-standard","5":"has-post-thumbnail","7":"category-espana","8":"tag-breaking-news","9":"tag-breakingnews","10":"tag-es","11":"tag-espana","12":"tag-featured-news","13":"tag-featurednews","14":"tag-headlines","15":"tag-latest-news","16":"tag-latestnews","17":"tag-news","18":"tag-noticias","19":"tag-noticias-destacadas","20":"tag-noticiasdestacadas","21":"tag-spain","22":"tag-titulares","23":"tag-ultimas-noticias","24":"tag-ultimasnoticias"},"share_on_mastodon":{"url":"https:\/\/pubeurope.com\/@es\/115805010311473166","error":""},"_links":{"self":[{"href":"https:\/\/www.europesays.com\/es\/wp-json\/wp\/v2\/posts\/312729","targetHints":{"allow":["GET"]}}],"collection":[{"href":"https:\/\/www.europesays.com\/es\/wp-json\/wp\/v2\/posts"}],"about":[{"href":"https:\/\/www.europesays.com\/es\/wp-json\/wp\/v2\/types\/post"}],"author":[{"embeddable":true,"href":"https:\/\/www.europesays.com\/es\/wp-json\/wp\/v2\/users\/2"}],"replies":[{"embeddable":true,"href":"https:\/\/www.europesays.com\/es\/wp-json\/wp\/v2\/comments?post=312729"}],"version-history":[{"count":0,"href":"https:\/\/www.europesays.com\/es\/wp-json\/wp\/v2\/posts\/312729\/revisions"}],"wp:featuredmedia":[{"embeddable":true,"href":"https:\/\/www.europesays.com\/es\/wp-json\/wp\/v2\/media\/312730"}],"wp:attachment":[{"href":"https:\/\/www.europesays.com\/es\/wp-json\/wp\/v2\/media?parent=312729"}],"wp:term":[{"taxonomy":"category","embeddable":true,"href":"https:\/\/www.europesays.com\/es\/wp-json\/wp\/v2\/categories?post=312729"},{"taxonomy":"post_tag","embeddable":true,"href":"https:\/\/www.europesays.com\/es\/wp-json\/wp\/v2\/tags?post=312729"}],"curies":[{"name":"wp","href":"https:\/\/api.w.org\/{rel}","templated":true}]}}