{"id":312731,"date":"2025-12-29T21:36:10","date_gmt":"2025-12-29T21:36:10","guid":{"rendered":"https:\/\/www.europesays.com\/es\/312731\/"},"modified":"2025-12-29T21:36:10","modified_gmt":"2025-12-29T21:36:10","slug":"mercado-de-fichajes-el-girona-ira-a-por-todas-con-ter-stegen","status":"publish","type":"post","link":"https:\/\/www.europesays.com\/es\/312731\/","title":{"rendered":"Mercado de fichajes | El Girona ir\u00e1 a por todas con Ter Stegen"},"content":{"rendered":"<p data-gtm-element-container=\"modulo-texto-link\" class=\"paragraph\">El nombre de <strong>Marc-Andr\u00e9 Ter Stegen<\/strong> ha aparecido en el radar del <strong>Girona<\/strong> como una posibilidad tan compleja como ilusionante. Si existe la m\u00ednima opci\u00f3n de incorporarlo, <strong>el club har\u00e1 todo lo que est\u00e9 en su mano para intentarlo<\/strong>. La necesidad de reforzar la porter\u00eda es evidente y el perfil del guardameta alem\u00e1n encaja de lleno en la b\u00fasqueda de una soluci\u00f3n inmediata y de jerarqu\u00eda para cambiar la din\u00e1mica del equipo. Mundo Deportivo ya avanz\u00f3 el pasado 20 de diciembre que, adem\u00e1s, el <a href=\"https:\/\/www.mundodeportivo.com\/futbol\/fc-barcelona\/20251220\/1002590085\/aston-villa-atento-ter-stegen.html\" rel=\"nofollow noopener\" target=\"_blank\"><strong>Aston Villa<\/strong> estaba atento al jugador por la situaci\u00f3n del <strong>&#8216;Dibu&#8217; Mart\u00ednez<\/strong>.<\/a><\/p>\n<p data-gtm-element-container=\"modulo-texto-link\" class=\"paragraph\">La operaci\u00f3n, en lo deportivo, no presenta demasiadas inc\u00f3gnitas. Solo podr\u00eda plantearse en forma de cesi\u00f3n, un escenario que el <strong>FC Barcelona<\/strong> ver\u00eda con buenos ojos en el actual contexto del jugador. El gran escollo est\u00e1 en lo econ\u00f3mico. El <strong>Girona<\/strong> no puede asumir, ni de lejos, la ficha de <strong>Ter Stegen<\/strong>, muy por encima de cualquier salario de la plantilla \u2018blanc-i-vermella\u2019 y dif\u00edcilmente compatible con una estructura que necesita reforzarse en varias posiciones.<\/p>\n<p data-gtm-element-container=\"modulo-texto-link\" class=\"paragraph\">El precedente m\u00e1s cercano es el de <strong>Livakovic<\/strong>, una operaci\u00f3n que ya exigi\u00f3 un sacrificio econ\u00f3mico importante por parte del futbolista. En aquel momento, el contexto acompa\u00f1aba: problemas evidentes bajo palos, un proyecto que ven\u00eda de competir en la <strong>Champions<\/strong> y un <strong>Mundial<\/strong> en el horizonte. El portero croata necesitaba jugar y la llegada de <strong>Ederson<\/strong> al <strong>Fenerbah\u00e7e<\/strong> termin\u00f3 de empujar su salida hacia <strong>Montilivi<\/strong>. Con <strong>Ter Stegen<\/strong> solo podr\u00eda darse una situaci\u00f3n similar.<\/p>\n<p data-gtm-element-container=\"modulo-texto-link\" class=\"paragraph\">El club &#8216;giron\u00ed&#8217; ha tanteado su situaci\u00f3n y sabe que el portero est\u00e1 abierto a valorar la opci\u00f3n de jugar en la ciudad vecina. <strong>La proximidad con Barcelona y su realidad familiar<\/strong>, especialmente sus responsabilidades como padre, hacen que <strong>Girona<\/strong> aparezca como un destino c\u00f3modo y atractivo si decide buscar minutos de forma inmediata. Adem\u00e1s, el guardameta necesita competir con regularidad para mantenerse como una opci\u00f3n real de cara al pr\u00f3ximo <strong>Mundial<\/strong>, un factor que pesa en su reflexi\u00f3n.<\/p>\n<p data-gtm-element-container=\"modulo-texto-link\" class=\"paragraph\">Las v\u00edas para que la operaci\u00f3n prospere son claras, pero complejas. O bien <strong>Ter Stegen<\/strong> acepta perdonar una parte muy significativa de su sueldo durante estos seis meses de competici\u00f3n, o bien el <strong>Bar\u00e7a<\/strong> asume la mayor parte de la ficha. El <strong>Girona<\/strong> tiene las cuentas saneadas, pero la situaci\u00f3n deportiva, con el equipo en descenso, obliga a repartir recursos y priorizar un mercado amplio.<\/p>\n<p>    Lee tambi\u00e9n<\/p>\n<p data-gtm-element-container=\"modulo-texto-link\" class=\"paragraph\">Si el alem\u00e1n acabara aterrizando en <strong>Montilivi<\/strong>, no habr\u00eda periodos de espera ni procesos largos de adaptaci\u00f3n. <strong>M\u00edchel<\/strong> le entregar\u00eda la porter\u00eda desde el primer momento si est\u00e1 en condiciones de jugar. A diferencia de lo ocurrido con <strong>Livakovic<\/strong>, la apuesta ser\u00eda inmediata. Hoy es solo una opci\u00f3n lejana, pero en <strong>Girona<\/strong> saben que oportunidades as\u00ed no se dan todos los d\u00edas y en la direcci\u00f3n deportiva trabajar\u00e1n para que no se remita todo a una ilusi\u00f3n, sino a una realidad que deber\u00e1 contar con grandes esfuerzos por las tres partes.<\/p>\n","protected":false},"excerpt":{"rendered":"El nombre de Marc-Andr\u00e9 Ter Stegen ha aparecido en el radar del Girona como una posibilidad tan compleja&hellip;\n","protected":false},"author":2,"featured_media":312732,"comment_status":"","ping_status":"","sticky":false,"template":"","format":"standard","meta":{"footnotes":""},"categories":[5],"tags":[17,18,25,24,13,14,11,19,20,9,10,15,16,23,12,21,22],"class_list":{"0":"post-312731","1":"post","2":"type-post","3":"status-publish","4":"format-standard","5":"has-post-thumbnail","7":"category-titulares","8":"tag-breaking-news","9":"tag-breakingnews","10":"tag-es","11":"tag-espana","12":"tag-featured-news","13":"tag-featurednews","14":"tag-headlines","15":"tag-latest-news","16":"tag-latestnews","17":"tag-news","18":"tag-noticias","19":"tag-noticias-destacadas","20":"tag-noticiasdestacadas","21":"tag-spain","22":"tag-titulares","23":"tag-ultimas-noticias","24":"tag-ultimasnoticias"},"share_on_mastodon":{"url":"https:\/\/pubeurope.com\/@es\/115805014094422796","error":""},"_links":{"self":[{"href":"https:\/\/www.europesays.com\/es\/wp-json\/wp\/v2\/posts\/312731","targetHints":{"allow":["GET"]}}],"collection":[{"href":"https:\/\/www.europesays.com\/es\/wp-json\/wp\/v2\/posts"}],"about":[{"href":"https:\/\/www.europesays.com\/es\/wp-json\/wp\/v2\/types\/post"}],"author":[{"embeddable":true,"href":"https:\/\/www.europesays.com\/es\/wp-json\/wp\/v2\/users\/2"}],"replies":[{"embeddable":true,"href":"https:\/\/www.europesays.com\/es\/wp-json\/wp\/v2\/comments?post=312731"}],"version-history":[{"count":0,"href":"https:\/\/www.europesays.com\/es\/wp-json\/wp\/v2\/posts\/312731\/revisions"}],"wp:featuredmedia":[{"embeddable":true,"href":"https:\/\/www.europesays.com\/es\/wp-json\/wp\/v2\/media\/312732"}],"wp:attachment":[{"href":"https:\/\/www.europesays.com\/es\/wp-json\/wp\/v2\/media?parent=312731"}],"wp:term":[{"taxonomy":"category","embeddable":true,"href":"https:\/\/www.europesays.com\/es\/wp-json\/wp\/v2\/categories?post=312731"},{"taxonomy":"post_tag","embeddable":true,"href":"https:\/\/www.europesays.com\/es\/wp-json\/wp\/v2\/tags?post=312731"}],"curies":[{"name":"wp","href":"https:\/\/api.w.org\/{rel}","templated":true}]}}