{"id":312742,"date":"2025-12-29T21:47:20","date_gmt":"2025-12-29T21:47:20","guid":{"rendered":"https:\/\/www.europesays.com\/es\/312742\/"},"modified":"2025-12-29T21:47:20","modified_gmt":"2025-12-29T21:47:20","slug":"las-fotografias-de-santibanez-viajan-a-madrid-y-valencia","status":"publish","type":"post","link":"https:\/\/www.europesays.com\/es\/312742\/","title":{"rendered":"Las fotograf\u00edas de Santib\u00e1\u00f1ez viajan a Madrid y Valencia"},"content":{"rendered":"<p>Santib\u00e1\u00f1ez de la Pe\u00f1a ha dado la bienvenida al reci\u00e9n estrenado invierno con la entrega de premios de su IV Concurso de Fotograf\u00eda, que en esta edici\u00f3n ha estado enmarcado bajo el lema Generaciones. La autora madrile\u00f1a Nuria G\u00f3mez Silgado y el valenciano David Piqueras Aparicio asistieron el pasado domingo, 21 de diciembre, a la Casa de Cultura de la localidad para recibir el primer y segundo premios, respectivamente, mientras que Mar\u00eda Jos\u00e9 Faul\u00edn \u00c1lvarez, natural y vecina del propio Santib\u00e1\u00f1ez, hizo lo propio con el acc\u00e9sit reservado a empadronados en el municipio norte\u00f1o. Un nutrido p\u00fablico aplaudi\u00f3 sus creaciones y comparti\u00f3 una entretenida tarde en la que no faltaron la visita a la exposici\u00f3n conformada con las fotograf\u00edas presentadas y una divertida representaci\u00f3n teatral. Una chocolatada organizada por el colectivo local de Mujeres San Rom\u00e1n de Entepe\u00f1as puso calor y broche a la velada.<\/p>\n<p>La obra titulada Edades de una generaci\u00f3n, en la que el padre de la autora aparece retratado en los distintos estadios de su vida, se erigi\u00f3 en esta edici\u00f3n con el primer premio, dotado con 500 euros y una figura conmemorativa del Torre\u00f3n de San Rom\u00e1n, emblema del escudo municipal santiba\u00f1\u00e9s. Su autora, Nuria G\u00f3mez Silgado, se desplaz\u00f3 hasta la localidad acompa\u00f1ada de un pu\u00f1ado de familiares, incluido el propio protagonista de la fotograf\u00eda ganadora, notablemente emocionado con el galard\u00f3n. Tambi\u00e9n hizo lo propio el valenciano David Piqueras Aparicio desde Puerto de Sagunto, para recoger, en su caso, los 300 euros del segundo premio por su obra titulada El camino que nos une no necesita mapas, cuyo protagonismo lo copa un mural de grandes dimensiones realizado en dos edificios de su localidad de origen; se trata del galard\u00f3n n\u00famero 40 que recibe este a\u00f1o por sus fotograg\u00edas, seg\u00fan desvel\u00f3 el mismo antes de enfatizar su alegr\u00eda no s\u00f3lo por el reconocimiento, sino tambi\u00e9n por haber tenido la oportunidad de viajar hasta Santib\u00e1\u00f1ez y conocer los encantos de la Monta\u00f1a Palentina.<\/p>\n<p>Por su parte, Mar\u00eda Jos\u00e9 Faul\u00edn \u00c1lvarez result\u00f3 ganadora del premio local y de los 120 euros que lleva aparejados con una tierna imagen titulada Bisabuela y Bisnieta, que fue tomada el pasado verano en Santib\u00e1\u00f1ez y que retrata a una ni\u00f1a encajando piezas de un puzzle, como si de la propia vida se tratara, con su bisabuela.<\/p>\n<p>La IV edici\u00f3n de este concurso, ya consolidado en la apertura de la agenda cultural invernal santiba\u00f1esa, ha contado con una amplia participaci\u00f3n de aficionados a la fotograf\u00eda de toda Espa\u00f1a y con una notable respuesta por parte de los vecinos y vecinas del municipio que tambi\u00e9n han querido poner el foco de sus c\u00e1maras en representaciones muy diversas del paso del tiempo. La Concejal\u00eda de Cultura del Ayuntamiento de Santib\u00e1\u00f1ez de la Pe\u00f1a se ha mostrado, as\u00ed, muy satisfecha por la \u00abgran acogida\u00bb que ha tenido el concurso desde que se puso en marcha en 2022 y que sigue saliendo adelante gracias a la especial implicaci\u00f3n de la aficionada local Marisa Reyero y a las colaboraciones, como parte del jurado, de los profesionales Nieves Ib\u00e1\u00f1ez, de FotografiArte Guardo, y Carlos Valcarce Fot\u00f3grafos, del tambi\u00e9n aficionado a la fotograf\u00eda natural de Cervera de Pisuerga Rub\u00e9n de la Fuente y, en esta ocasi\u00f3n, de los gamadores del primer y segundo premios del a\u00f1o pasado, Ignacio Cagigas Dos Santos y Roberto Otero Mart\u00edn.<\/p>\n<p>Desde su estreno, este certamen fotogr\u00e1fico ha estado enmarcado bajo las tem\u00e1ticas Rincones, Encuentros y Arquitectura, mientras que en esta nueva edici\u00f3n el lema Generaciones ha regalado im\u00e1genes entra\u00f1ables que podr\u00e1n visitarse en la Casa de Cultura en d\u00edas en los que el contenedor cultural santiba\u00f1\u00e9s paermanezca abierto con motivo de otras actividades culturales que aderecen los d\u00edas navide\u00f1os.<\/p>\n<p>Entusiasmado con esas im\u00e1genes se mostr\u00f3 el numeroso p\u00fablico que asisti\u00f3 al acto de entrega de los premios, un acto al que puso su particular nota de color y humor la compa\u00f1\u00eda de teatro de Ponferrada (Le\u00f3n) Dinamia Teatro con la obra La Taberna de Susa.<\/p>\n<p>\u00a0<\/p>\n","protected":false},"excerpt":{"rendered":"Santib\u00e1\u00f1ez de la Pe\u00f1a ha dado la bienvenida al reci\u00e9n estrenado invierno con la entrega de premios de&hellip;\n","protected":false},"author":2,"featured_media":312743,"comment_status":"","ping_status":"","sticky":false,"template":"","format":"standard","meta":{"footnotes":""},"categories":[173],"tags":[801,229,233,231,230,232,234,146,147,25,24,241,244,205,7944,16148,73441,23,235],"class_list":{"0":"post-312742","1":"post","2":"type-post","3":"status-publish","4":"format-standard","5":"has-post-thumbnail","7":"category-arte-y-diseno","8":"tag-arquitectura","9":"tag-arte","10":"tag-arte-y-diseno","11":"tag-arts","12":"tag-arts-and-design","13":"tag-design","14":"tag-diseno","15":"tag-entertainment","16":"tag-entretenimiento","17":"tag-es","18":"tag-espana","19":"tag-exposiciones","20":"tag-fotografia","21":"tag-madrid","22":"tag-montana-palentina","23":"tag-ponferrada","24":"tag-santibanez-de-la-pena","25":"tag-spain","26":"tag-valencia"},"share_on_mastodon":{"url":"https:\/\/pubeurope.com\/@es\/115805057355507114","error":""},"_links":{"self":[{"href":"https:\/\/www.europesays.com\/es\/wp-json\/wp\/v2\/posts\/312742","targetHints":{"allow":["GET"]}}],"collection":[{"href":"https:\/\/www.europesays.com\/es\/wp-json\/wp\/v2\/posts"}],"about":[{"href":"https:\/\/www.europesays.com\/es\/wp-json\/wp\/v2\/types\/post"}],"author":[{"embeddable":true,"href":"https:\/\/www.europesays.com\/es\/wp-json\/wp\/v2\/users\/2"}],"replies":[{"embeddable":true,"href":"https:\/\/www.europesays.com\/es\/wp-json\/wp\/v2\/comments?post=312742"}],"version-history":[{"count":0,"href":"https:\/\/www.europesays.com\/es\/wp-json\/wp\/v2\/posts\/312742\/revisions"}],"wp:featuredmedia":[{"embeddable":true,"href":"https:\/\/www.europesays.com\/es\/wp-json\/wp\/v2\/media\/312743"}],"wp:attachment":[{"href":"https:\/\/www.europesays.com\/es\/wp-json\/wp\/v2\/media?parent=312742"}],"wp:term":[{"taxonomy":"category","embeddable":true,"href":"https:\/\/www.europesays.com\/es\/wp-json\/wp\/v2\/categories?post=312742"},{"taxonomy":"post_tag","embeddable":true,"href":"https:\/\/www.europesays.com\/es\/wp-json\/wp\/v2\/tags?post=312742"}],"curies":[{"name":"wp","href":"https:\/\/api.w.org\/{rel}","templated":true}]}}