{"id":312744,"date":"2025-12-29T21:49:09","date_gmt":"2025-12-29T21:49:09","guid":{"rendered":"https:\/\/www.europesays.com\/es\/312744\/"},"modified":"2025-12-29T21:49:09","modified_gmt":"2025-12-29T21:49:09","slug":"stranger-things-presenta-un-adelanto-de-su-episodio-final-antes-de-la-llegada-del-ultimo-trailer-de-la-serie","status":"publish","type":"post","link":"https:\/\/www.europesays.com\/es\/312744\/","title":{"rendered":"Stranger Things presenta un adelanto de su episodio final antes de la llegada del \u00faltimo tr\u00e1iler de la serie"},"content":{"rendered":"<p class=\"c-paragraph\">Los fans de\u00a0<a href=\"https:\/\/www.hobbyconsolas.com\/hobbycine\/critica-stranger-things-5-mas-presupuesto-sensacion-deja-vu_6903641_0.html\" title=\"Cr\u00edtica de Stranger Things 5: m\u00e1s presupuesto, sensaci\u00f3n de dej\u00e0 vu\" rel=\"nofollow noopener\" target=\"_blank\">Stranger Things<\/a>\u00a0cuentan los d\u00edas para poder disfrutar en\u00a0<a href=\"https:\/\/www.hobbyconsolas.com\/reportajes\/netflix-espana-planes-precio-compartir-cuenta-catalogo-1150345\" title=\"Netflix Espa\u00f1a: planes, precio, compartir cuenta, cat\u00e1logo y m\u00e1s\" rel=\"nofollow noopener\" target=\"_blank\">Netflix<\/a>\u00a0del \u00faltimo episodio de la exitosa <b>serie<\/b> de los hermanos Duffer, el cual pondr\u00e1 punto y final a las andanzas de <a href=\"https:\/\/www.hobbyconsolas.com\/listas\/15-trucos-netflix-conseguir-mejor-experiencia-1249386\" title=\"15 trucos de Netflix para conseguir una mejor experiencia\" rel=\"nofollow noopener\" target=\"_blank\">Eleven<\/a>, <b>Will<\/b> y compa\u00f1\u00eda que comenzaron en 2016.<\/p>\n<p class=\"c-paragraph\">En esta recta final, nuestros protagonistas tratan de darlo todo para poder detener los mal\u00e9volos planes de Vecna, quien est\u00e1 volviendo a secuestrar a ni\u00f1os de Hawkins, entre ellos Holly Wheeler, la hermana peque\u00f1a de Mike y Nancy.<\/p>\n<p class=\"c-paragraph\">Sin embargo, en el Volumen 2 (ojo, que vienen <b>SPOILERS<\/b>) nuestros protagonistas descubren que el Mundo del Rev\u00e9s en realidad es un agujero de gusano que conecta la Tierra con otro planeta, denominado por Dustin como el Abismo.<\/p>\n<p class=\"c-paragraph\">Vecna se dispone a reestructurar el mundo acercando el Abismo hacia la Tierra, lo que supondr\u00e1 la destrucci\u00f3n del planeta, por lo que Will, Eleven y el resto del grupo de Hawkins <b>se preparan para una \u00faltima batalla que decidir\u00e1 el destino de la humanidad<\/b>.<\/p>\n<p>Primer vistazo al episodio final de Stranger Things<\/p>\n<p class=\"c-paragraph\">Con el \u00faltimo episodio a la vuelta de la esquina, <b>Netflix<\/b> ha mostrado un breve adelanto de la serie antes de lanzar el que ser\u00e1 el \u00faltimo tr\u00e1iler de Stranger Things. Al menos en lo que a la serie principal se refiere, claro est\u00e1.<\/p>\n<p class=\"c-paragraph\">A trav\u00e9s de The Hollywood Handle, se han desvelado algunas <b>im\u00e1genes oficiales de Stranger Things episodio final<\/b>, las cuales puedes echar un ojo a continuaci\u00f3n.<\/p>\n<p class=\"c-paragraph\">Como era de imaginar, las im\u00e1genes no son especialmente reveladoras para evitar destripes innecesarios, pues en unos pocos d\u00edas tendremos el episodio en el cat\u00e1logo de Netflix.<\/p>\n<p class=\"c-paragraph\">No obstante, anticipa que las cosas se van a poner muy serias para nuestros protagonistas, donde no pocos fans creen que alguno de los personajes principales morir\u00e1 al final de la serie, estando <b>Eleven<\/b> y <a href=\"https:\/\/www.hobbyconsolas.com\/listas\/no-puntual-sino-patron-estas-series-estan-volviendo-2025-3-anos-espera-1446697\" title=\"No es puntual, sino un patr\u00f3n: estas series est\u00e1n volviendo en 2025 tras 3 a\u00f1os de espera\" rel=\"nofollow noopener\" target=\"_blank\">Will<\/a> entre los m\u00e1s probables (aunque, por supuesto, cabe la posibilidad de que ninguno de ellos muera y tengan un final m\u00e1s feliz del esperado).<\/p>\n<p class=\"c-paragraph\">Muy pronto lo averiguaremos, ya que <b>el episodio final de Stranger Things estar\u00e1 disponible en Netflix en la madrugada del 1 de enero de 2026<\/b>. Y ojo, porque ma\u00f1ana la plataforma lanzar\u00e1 el \u00faltimo tr\u00e1iler de la <a href=\"https:\/\/www.hobbyconsolas.com\/reportajes\/mejores-series-desconocidas-netflix-1027859\" title=\"Series desconocidas de Netflix de las que nadie habla pero que te sorprender\u00e1n\" rel=\"nofollow noopener\" target=\"_blank\">serie<\/a> para terminar de abrir boca.<\/p>\n","protected":false},"excerpt":{"rendered":"Los fans de\u00a0Stranger Things\u00a0cuentan los d\u00edas para poder disfrutar en\u00a0Netflix\u00a0del \u00faltimo episodio de la exitosa serie de los&hellip;\n","protected":false},"author":2,"featured_media":312745,"comment_status":"","ping_status":"","sticky":false,"template":"","format":"standard","meta":{"footnotes":""},"categories":[171],"tags":[41666,146,147,25,24,2782,23,52336,17646,214,16743],"class_list":{"0":"post-312744","1":"post","2":"type-post","3":"status-publish","4":"format-standard","5":"has-post-thumbnail","7":"category-tv","8":"tag-adelanto","9":"tag-entertainment","10":"tag-entretenimiento","11":"tag-es","12":"tag-espana","13":"tag-presenta","14":"tag-spain","15":"tag-stranger","16":"tag-things","17":"tag-tv","18":"tag-un"},"share_on_mastodon":{"url":"https:\/\/pubeurope.com\/@es\/115805065523442411","error":""},"_links":{"self":[{"href":"https:\/\/www.europesays.com\/es\/wp-json\/wp\/v2\/posts\/312744","targetHints":{"allow":["GET"]}}],"collection":[{"href":"https:\/\/www.europesays.com\/es\/wp-json\/wp\/v2\/posts"}],"about":[{"href":"https:\/\/www.europesays.com\/es\/wp-json\/wp\/v2\/types\/post"}],"author":[{"embeddable":true,"href":"https:\/\/www.europesays.com\/es\/wp-json\/wp\/v2\/users\/2"}],"replies":[{"embeddable":true,"href":"https:\/\/www.europesays.com\/es\/wp-json\/wp\/v2\/comments?post=312744"}],"version-history":[{"count":0,"href":"https:\/\/www.europesays.com\/es\/wp-json\/wp\/v2\/posts\/312744\/revisions"}],"wp:featuredmedia":[{"embeddable":true,"href":"https:\/\/www.europesays.com\/es\/wp-json\/wp\/v2\/media\/312745"}],"wp:attachment":[{"href":"https:\/\/www.europesays.com\/es\/wp-json\/wp\/v2\/media?parent=312744"}],"wp:term":[{"taxonomy":"category","embeddable":true,"href":"https:\/\/www.europesays.com\/es\/wp-json\/wp\/v2\/categories?post=312744"},{"taxonomy":"post_tag","embeddable":true,"href":"https:\/\/www.europesays.com\/es\/wp-json\/wp\/v2\/tags?post=312744"}],"curies":[{"name":"wp","href":"https:\/\/api.w.org\/{rel}","templated":true}]}}