{"id":312746,"date":"2025-12-29T21:50:09","date_gmt":"2025-12-29T21:50:09","guid":{"rendered":"https:\/\/www.europesays.com\/es\/312746\/"},"modified":"2025-12-29T21:50:09","modified_gmt":"2025-12-29T21:50:09","slug":"es-como-desperdiciar-el-album","status":"publish","type":"post","link":"https:\/\/www.europesays.com\/es\/312746\/","title":{"rendered":"Es como desperdiciar el \u00e1lbum"},"content":{"rendered":"<p>El guitarrista expresa dudas sobre el par\u00f3n en giras despu\u00e9s del lanzamiento de su \u00faltimo disco<\/p>\n<p>El guitarrista <strong>Frank &#8216;Blackfire&#8217; Gosdzik<\/strong>, conocido por su trayectoria en <strong>SODOM<\/strong> y anteriormente <strong>KREATOR<\/strong>, ha manifestado p\u00fablicamente su <strong>malestar por la falta de actividad en directo de la banda<\/strong> alemana de Thrash Metal tras la publicaci\u00f3n de su \u00faltimo trabajo discogr\u00e1fico, \u00ab<a href=\"https:\/\/www.hellpress.com\/noticias\/sodom-the-arsonist-portada\/\" rel=\"nofollow noopener\" target=\"_blank\"><strong>The Arsonist<\/strong><\/a>\u00bb (uno de los <a href=\"https:\/\/www.hellpress.com\/reportajes\/mejores-discos-heavy-metal-hard-rock-2025\/\" rel=\"nofollow noopener\" target=\"_blank\">mejores discos de Metal de 2025 para HELLPRESS<\/a>).<\/p>\n<p><strong>SODOM<\/strong> lanz\u00f3 el pasado verano su decimos\u00e9ptimo \u00e1lbum de estudio. Sin embargo, seg\u00fan explica Blackfire en una entrevista reciente concedida a RapidMetalFire, el grupo <strong>no ha desarrollado actividad en directo<\/strong> desde entonces, algo que considera <strong>dif\u00edcil de entender<\/strong>.<\/p>\n<p>El guitarrista afirma: \u201cCon SODOM publicamos The Arsonist hace poco \u2014\u00bffue en julio?\u2014 y no pasa nada con SODOM. <strong>Es una pena. Si sacas un disco nuevo, creo que quieres salir a tocar en directo\u2026 al menos en festivales\u201d<\/strong>.<\/p>\n<p>Desde su punto de vista, la ausencia de conciertos reduce el impacto del lanzamiento. En ese sentido, a\u00f1ade: <strong>\u201c\u00bfPara qu\u00e9 sacar un disco nuevo y no tocar en directo?<\/strong> Creo que es como<strong> desperdiciar el \u00e1lbum\u201d<\/strong>.<\/p>\n<p>Frank Blackfire y su proyecto en solitario<\/p>\n<p>Aunque reconoce que la decisi\u00f3n no depende de \u00e9l, Blackfire explica que ha optado por mantenerse activo musicalmente. Ante la inactividad de <strong>SODOM<\/strong>, el guitarrista est\u00e1 centrado en su proyecto personal,\u00a0componiendo nuevo material y buscando actuaciones. Seg\u00fan detalla: \u201cEstoy trabajando duro ahora mismo,<strong> intentando conseguir conciertos y festivales, componiendo material nuevo para un pr\u00f3ximo \u00e1lbum<\/strong>. Espero poder publicarlo el a\u00f1o que viene\u201d.<\/p>\n<p>La postura de Tom Angelripper sobre la pausa de SODOM<\/p>\n<p>Las palabras de Blackfire contrastan con las explicaciones ofrecidas meses atr\u00e1s por <strong>Tom &#8216;Angelripper&#8217; Such<\/strong>, bajista, cantante y l\u00edder de SODOM. El m\u00fasico hab\u00eda justificado la pausa en las giras por <strong>motivos de salud<\/strong>, carga de trabajo y gesti\u00f3n interna del grupo. En sus propias palabras: \u201cMi m\u00e9dico me dijo: \u2018<a href=\"https:\/\/www.hellpress.com\/noticias\/sodom-reducira-ritmo-tom-angelripper\/\" rel=\"nofollow noopener\" target=\"_blank\"><strong>Tienes que bajar el ritmo<\/strong><\/a>. Queremos que sigas as\u00ed\u2019. Sigo estando sano y capacitado para girar, pero ahora necesito m\u00e1s tiempo para otras cosas\u201d.<\/p>\n<p>Angelripper tambi\u00e9n reconoci\u00f3 que entiende la decepci\u00f3n de los seguidores por no poder escuchar \u00abThe Arsonist\u00bb en directo, aunque defendi\u00f3 la decisi\u00f3n como necesaria. Al respecto, se\u00f1al\u00f3: \u201c<strong>S\u00e9 que echar\u00e9 de menos el escenario<\/strong>. Echar\u00e9 de menos a la banda. Estar en el escenario, grabar discos, ensayar\u2026 es algo que disfruto mucho. Pero la gente solo ve a la banda sobre el escenario. Reciben un disco nuevo y lo escuchan\u201d.<\/p>\n<p>\u00abThe Arsonist\u00bb es el sucesor del disco \u00ab<a href=\"https:\/\/www.hellpress.com\/discos\/sodom-genesis-xix-critica\/\" rel=\"nofollow noopener\" target=\"_blank\">Genesis XIX<\/a>\u00bb y el EP \u00ab<a href=\"https:\/\/www.hellpress.com\/noticias\/sodom-1982-viaje-pasado\/\" rel=\"nofollow noopener\" target=\"_blank\">1982<\/a>\u00ab.<\/p>\n<p>As\u00ed suena \u00ab<a href=\"https:\/\/www.hellpress.com\/noticias\/sodom-homenaje-christian-dudek-witchhunter\/\" rel=\"nofollow noopener\" target=\"_blank\"><strong>Witchhunter<\/strong><\/a>\u00ab, homenaje a la figura de <strong>Christian Dudek<\/strong>, su bater\u00eda fallecido en 2008, que tambi\u00e9n era conocido por el sobrenombre de Chris Witchhunter.<\/p>\n<p><a href=\"https:\/\/www.hellpress.com\/wp-content\/uploads\/2025\/04\/sodom-the-arsonist-1.jpg\" rel=\"nofollow noopener\" target=\"_blank\"><img fetchpriority=\"high\" decoding=\"async\" class=\"size-medium wp-image-140450\" src=\"https:\/\/www.europesays.com\/es\/wp-content\/uploads\/2025\/12\/sodom-the-arsonist-1-600x600.jpg\" alt=\"The Arsonist, disco de Sodom\" width=\"600\" height=\"600\"  \/><\/a>The Arsonist, disco de Sodom<\/p>\n<p>Tambi\u00e9n expres\u00f3 su <a href=\"https:\/\/www.hellpress.com\/noticias\/tom-angelripper-sodom-contra-entradas-vip\/\" rel=\"nofollow noopener\" target=\"_blank\">rechazo a los paquetes VIP<\/a> y cobrar a los fans por experiencias con las bandas.<\/p>\n<p>SODOM son:<\/p>\n<ul>\n<li>Tom Angelripper: Bajo, Voces<\/li>\n<li>Frank Blackfire: Guitarras<\/li>\n<li>Yorck Segatz: Guitarras<\/li>\n<li>Toni Merkel: Bater\u00eda<\/li>\n<\/ul>\n<p>Vimos a SODOM por \u00faltima vez en directo en <a href=\"https:\/\/www.hellpress.com\/conciertos\/sodom-equilibrium-deslumbran-milagre-metaleiro-2024\/\" rel=\"nofollow noopener\" target=\"_blank\">Milagre Metaleiro 2024<\/a>\u00a0de Portugal y en el festival franc\u00e9s\u00a0<a href=\"https:\/\/www.hellpress.com\/conciertos\/hellfest-2024-dark-tranquillity-sodom\/\" rel=\"nofollow noopener\" target=\"_blank\">Hellfest 2024<\/a>.<\/p>\n<p>M\u00e1s informaci\u00f3n sobre el grupo en su\u00a0<a href=\"https:\/\/www.sodomized.info\/\" target=\"_blank\" rel=\"noopener nofollow\">web oficial<\/a>.<\/p>\n<p>Sigue a\u00a0<a href=\"https:\/\/whatsapp.com\/channel\/0029Va89dzX9cDDVSdC3pt2Q\" target=\"_blank\" rel=\"noopener nofollow\"><strong>HELLPRESS en Whatsapp<\/strong><\/a>\u00a0para m\u00e1s noticias.<\/p>\n","protected":false},"excerpt":{"rendered":"El guitarrista expresa dudas sobre el par\u00f3n en giras despu\u00e9s del lanzamiento de su \u00faltimo disco El guitarrista&hellip;\n","protected":false},"author":2,"featured_media":312747,"comment_status":"","ping_status":"","sticky":false,"template":"","format":"standard","meta":{"footnotes":""},"categories":[170],"tags":[146,147,25,24,184,185,58465,23,571],"class_list":{"0":"post-312746","1":"post","2":"type-post","3":"status-publish","4":"format-standard","5":"has-post-thumbnail","7":"category-musica","8":"tag-entertainment","9":"tag-entretenimiento","10":"tag-es","11":"tag-espana","12":"tag-music","13":"tag-musica","14":"tag-sodom","15":"tag-spain","16":"tag-thrash-metal"},"share_on_mastodon":{"url":"https:\/\/pubeurope.com\/@es\/115805069172272571","error":""},"_links":{"self":[{"href":"https:\/\/www.europesays.com\/es\/wp-json\/wp\/v2\/posts\/312746","targetHints":{"allow":["GET"]}}],"collection":[{"href":"https:\/\/www.europesays.com\/es\/wp-json\/wp\/v2\/posts"}],"about":[{"href":"https:\/\/www.europesays.com\/es\/wp-json\/wp\/v2\/types\/post"}],"author":[{"embeddable":true,"href":"https:\/\/www.europesays.com\/es\/wp-json\/wp\/v2\/users\/2"}],"replies":[{"embeddable":true,"href":"https:\/\/www.europesays.com\/es\/wp-json\/wp\/v2\/comments?post=312746"}],"version-history":[{"count":0,"href":"https:\/\/www.europesays.com\/es\/wp-json\/wp\/v2\/posts\/312746\/revisions"}],"wp:featuredmedia":[{"embeddable":true,"href":"https:\/\/www.europesays.com\/es\/wp-json\/wp\/v2\/media\/312747"}],"wp:attachment":[{"href":"https:\/\/www.europesays.com\/es\/wp-json\/wp\/v2\/media?parent=312746"}],"wp:term":[{"taxonomy":"category","embeddable":true,"href":"https:\/\/www.europesays.com\/es\/wp-json\/wp\/v2\/categories?post=312746"},{"taxonomy":"post_tag","embeddable":true,"href":"https:\/\/www.europesays.com\/es\/wp-json\/wp\/v2\/tags?post=312746"}],"curies":[{"name":"wp","href":"https:\/\/api.w.org\/{rel}","templated":true}]}}