{"id":312761,"date":"2025-12-29T21:58:16","date_gmt":"2025-12-29T21:58:16","guid":{"rendered":"https:\/\/www.europesays.com\/es\/312761\/"},"modified":"2025-12-29T21:58:16","modified_gmt":"2025-12-29T21:58:16","slug":"el-ts-confirma-las-condenas-de-entre-20-y-24-anos-para-los-autores-del-asesianto-de-samuel-luiz","status":"publish","type":"post","link":"https:\/\/www.europesays.com\/es\/312761\/","title":{"rendered":"El TS confirma las condenas de entre 20 y 24 a\u00f1os para los autores del asesianto de Samuel Luiz"},"content":{"rendered":"<p>El <strong>Tribunal Supremo<\/strong> ha confirmado las <strong>penas de entre 20 y 24 a\u00f1os<\/strong> de prisi\u00f3n para los tres condenados por el asesinato a golpes de <strong>Samuel Luiz<\/strong>, perpetrado la madrugada del 3 de julio de 2021 en La Coru\u00f1a. El Alto Tribunal ha subrayado que el ataque contra el joven de 24 a\u00f1os consisti\u00f3 en un \u00ab<strong>inexplicable linchamiento<\/strong>\u00ab. <\/p>\n<p>La Sala de lo Penal del Supremo mantiene tambi\u00e9n la decisi\u00f3n del <strong>Tribunal Superior de Justicia de Galicia<\/strong> (TSJG) de <strong>absolver por falta de pruebas a un cuarto acusado<\/strong> que hab\u00eda sido condenado como c\u00f3mplice por la Audiencia Provincial.<\/p>\n<p>De esta forma, los magistrados han <strong>desestimado los recursos de casaci\u00f3n<\/strong> tanto de las defensas de los tres condenados como de la Fiscal\u00eda y la acusaci\u00f3n particular. Estos \u00faltimos presentaron sendos recursos <strong>contra la absoluci\u00f3n del cuarto acusado<\/strong>, que habr\u00eda participado en la agresi\u00f3n grupal que acab\u00f3 con la vida del joven en Galicia. Inicialmente, este hab\u00eda sido condenado como c\u00f3mplice a 10 a\u00f1os de prisi\u00f3n en la sentencia que dict\u00f3 el tribunal del jurado de la Audiencia de A Coru\u00f1a. <\/p>\n<p>Ahora, las condenas confirmadas son <strong>24 a\u00f1os<\/strong> de prisi\u00f3n al para Diego Monta\u00f1a Marzoa por delito de asesinato con agravante de discriminaci\u00f3n por motivo de orientaci\u00f3n sexual, <strong>20 a\u00f1os<\/strong> para Alejandro Freire Garc\u00eda por delito de asesinato y otros <strong>20 a\u00f1os y medio<\/strong> para Kaio Amaral Silva Costa por asesinato y robo con violencia por la sustracci\u00f3n del m\u00f3vil de la v\u00edctima. Adem\u00e1s, los tres condenados tendr\u00e1n que indemnizar a los familiares de la v\u00edctima con m\u00e1s de 300.000 euros. <\/p>\n<p>Fue un ataque \u00absorpresivo\u00bb con inexplicable linchamiento\u00bb<\/p>\n<p>Seg\u00fan ha indicado la Sala en la sentencia, fue un ataque sorpresivo (la interacci\u00f3n previa fue meramente anecd\u00f3tica por la irrelevancia de la supuesta ofensa), que desde el primer momento deja indefensa a la v\u00edctima, <strong>en una suerte de inexplicable linchamiento<\/strong>\u201d. <\/p>\n<p>Seg\u00fan los hechos probados, la agresi\u00f3n grupal se desencaden\u00f3 en las inmediaciones de un <strong>local de copas casi a las tres de la madrugada, cuando Diego Monta\u00f1a<\/strong>, que estaba con su entonces pareja sentimental, crey\u00f3 que la v\u00edctima les estaba grabando con un tel\u00e9fono m\u00f3vil. <\/p>\n<p>Ante esta situaci\u00f3n, el condenado se acerc\u00f3 a Samuel y le dijo \u00ab<strong>deja de grabarnos<\/strong>\u00ab, a lo que este respondi\u00f3 que solo estaba realizando una <strong>videollamada<\/strong>.<\/p>\n<p>Agravante de discriminaci\u00f3n por orientaci\u00f3n sexual y alevos\u00eda<\/p>\n<p>El agravante por discriminaci\u00f3n de orientaci\u00f3n sexual se aplica al considerar probado que Diego le dijo \u00abdeja de grabar, a ver si te voy a matar, maric\u00f3n\u00bb, y que a continuaci\u00f3n le propin\u00f3 de forma sorpresiva y repentina pu\u00f1etazos y patadas, sobre todo en la cabeza y la cara, \u00ab<strong>por su animadversi\u00f3n hacia la condici\u00f3n sexual homosexual que le atribuy\u00f3<\/strong>\u00ab. Junto a esto, ha ratificado que no puede aplicarse la atenuante de actuar bajo la influencia de bebidas alcoh\u00f3licas.<\/p>\n<p><strong>Los otros dos acusados se sumaron a la agresi\u00f3n<\/strong> que inici\u00f3 Diego, seg\u00fan la sentencia que ahora se confirma.<\/p>\n<p>Para rechazar los recursos de las defensas, los magistrados del Supremo argumentan que <strong>concurrieron todos los requisitos para apreciar la agravante de alevos\u00eda<\/strong>, que configura el delito como asesinato, ya que el violento ataque a golpes fue imprevisible y supuso un \u00abinexplicable linchamiento\u00bb.<\/p>\n","protected":false},"excerpt":{"rendered":"El Tribunal Supremo ha confirmado las penas de entre 20 y 24 a\u00f1os de prisi\u00f3n para los tres&hellip;\n","protected":false},"author":2,"featured_media":312762,"comment_status":"","ping_status":"","sticky":false,"template":"","format":"standard","meta":{"footnotes":""},"categories":[8],"tags":[17,18,25,24,13,14,11,19,20,9,10,15,16,23,12,21,22],"class_list":{"0":"post-312761","1":"post","2":"type-post","3":"status-publish","4":"format-standard","5":"has-post-thumbnail","7":"category-espana","8":"tag-breaking-news","9":"tag-breakingnews","10":"tag-es","11":"tag-espana","12":"tag-featured-news","13":"tag-featurednews","14":"tag-headlines","15":"tag-latest-news","16":"tag-latestnews","17":"tag-news","18":"tag-noticias","19":"tag-noticias-destacadas","20":"tag-noticiasdestacadas","21":"tag-spain","22":"tag-titulares","23":"tag-ultimas-noticias","24":"tag-ultimasnoticias"},"share_on_mastodon":{"url":"https:\/\/pubeurope.com\/@es\/115805100701314732","error":""},"_links":{"self":[{"href":"https:\/\/www.europesays.com\/es\/wp-json\/wp\/v2\/posts\/312761","targetHints":{"allow":["GET"]}}],"collection":[{"href":"https:\/\/www.europesays.com\/es\/wp-json\/wp\/v2\/posts"}],"about":[{"href":"https:\/\/www.europesays.com\/es\/wp-json\/wp\/v2\/types\/post"}],"author":[{"embeddable":true,"href":"https:\/\/www.europesays.com\/es\/wp-json\/wp\/v2\/users\/2"}],"replies":[{"embeddable":true,"href":"https:\/\/www.europesays.com\/es\/wp-json\/wp\/v2\/comments?post=312761"}],"version-history":[{"count":0,"href":"https:\/\/www.europesays.com\/es\/wp-json\/wp\/v2\/posts\/312761\/revisions"}],"wp:featuredmedia":[{"embeddable":true,"href":"https:\/\/www.europesays.com\/es\/wp-json\/wp\/v2\/media\/312762"}],"wp:attachment":[{"href":"https:\/\/www.europesays.com\/es\/wp-json\/wp\/v2\/media?parent=312761"}],"wp:term":[{"taxonomy":"category","embeddable":true,"href":"https:\/\/www.europesays.com\/es\/wp-json\/wp\/v2\/categories?post=312761"},{"taxonomy":"post_tag","embeddable":true,"href":"https:\/\/www.europesays.com\/es\/wp-json\/wp\/v2\/tags?post=312761"}],"curies":[{"name":"wp","href":"https:\/\/api.w.org\/{rel}","templated":true}]}}