{"id":31278,"date":"2025-08-07T09:41:11","date_gmt":"2025-08-07T09:41:11","guid":{"rendered":"https:\/\/www.europesays.com\/es\/31278\/"},"modified":"2025-08-07T09:41:11","modified_gmt":"2025-08-07T09:41:11","slug":"comienza-la-mejor-epoca-del-ano-para-ver-lluvias-de-estrellas-fugaces-con-las-perseidas-sociedad","status":"publish","type":"post","link":"https:\/\/www.europesays.com\/es\/31278\/","title":{"rendered":"Comienza la mejor \u00e9poca del a\u00f1o para ver lluvias de estrellas fugaces con las Perseidas | Sociedad"},"content":{"rendered":"<p class=\"loc\">Lozoyuela<\/p>\n<p>Con la llegada del mes de agosto se vuelve a producir uno de los momentos m\u00e1s espectaculares del a\u00f1o en nuestros cielos, la llegada de Las Perseidas. Durante estas semanas se pueden observar las lluvias de estrellas fugaces m\u00e1s destacadas desde numerosos lugares de la geograf\u00eda espa\u00f1ola. En la Comunidad de Madrid, una de las mejores ubicaciones para ello es sin duda la Sierra Norte, donde la ausencia de contaminaci\u00f3n lum\u00ednica permite disfrutar de una ocasi\u00f3n tan especial en plena naturaleza.<\/p>\n<p>Seg\u00fan ha indicado el Instituto Geogr\u00e1fico Nacional, el mejor momento para ver las denominadas \u2018L\u00e1grimas de San Lorenzo\u2019 ser\u00e1 durante la noche del 12 al 13 de agosto. El Ayuntamiento de Lozoyuela-Navas-Sieteiglesias organiza una ruta de senderismo nocturno con motivo de la lluvia de estrellas, una iniciativa con una gran recepci\u00f3n y que este a\u00f1o ha vuelto a colgar el c\u00e1rtel de \u2018Sold Out\u2019.<\/p>\n<p>Los participantes recorren el camino que une la Plaza Virgen de la Soledad, en Lozoyuela, con las Navas de Buitrago, se trata de una propuesta que se puede realizar en familia y que permite disfrutar de paisajes naturales iluminados por la luna y el cielo estrellado, ofreciendo una estampa diferente de la sierra. Aunque sin duda, el principal reclamo es poder observar desde los telescopios preparados por la organizaci\u00f3n Las Perseidas, que durante estos d\u00edas muestran uno de los espect\u00e1culos celestes m\u00e1s fascinantes.<\/p>\n<p>A pesar de que esta ruta nocturna organizada por el Ayuntamiento de Lozoyuela-Navas-Sieteiglesias ya ha completado su cupo m\u00e1ximo de participantes, la responsable de la Oficina de Turismo de Lozoyuela, Aida Mart\u00edn, explicaba en Hoy por Hoy Madrid Norte que ya se est\u00e1n planteando la posibilidad de realizar varias salidas en los pr\u00f3ximos a\u00f1os ante el gran recibimiento que tiene la iniciativa.<\/p>\n","protected":false},"excerpt":{"rendered":"Lozoyuela Con la llegada del mes de agosto se vuelve a producir uno de los momentos m\u00e1s espectaculares&hellip;\n","protected":false},"author":2,"featured_media":31279,"comment_status":"","ping_status":"","sticky":false,"template":"","format":"standard","meta":{"footnotes":""},"categories":[81],"tags":[119,123,124,16445,25,24,16446,16447,16448,117,121,122,23,118,120],"class_list":{"0":"post-31278","1":"post","2":"type-post","3":"status-publish","4":"format-standard","5":"has-post-thumbnail","7":"category-ciencia-y-tecnologia","8":"tag-ciencia","9":"tag-ciencia-y-tecnologia","10":"tag-cienciaytecnologia","11":"tag-cleveland-national-forest","12":"tag-es","13":"tag-espana","14":"tag-night-sky","15":"tag-perseid","16":"tag-pines","17":"tag-science","18":"tag-science-and-technology","19":"tag-scienceandtechnology","20":"tag-spain","21":"tag-technology","22":"tag-tecnologia"},"share_on_mastodon":{"url":"","error":""},"_links":{"self":[{"href":"https:\/\/www.europesays.com\/es\/wp-json\/wp\/v2\/posts\/31278","targetHints":{"allow":["GET"]}}],"collection":[{"href":"https:\/\/www.europesays.com\/es\/wp-json\/wp\/v2\/posts"}],"about":[{"href":"https:\/\/www.europesays.com\/es\/wp-json\/wp\/v2\/types\/post"}],"author":[{"embeddable":true,"href":"https:\/\/www.europesays.com\/es\/wp-json\/wp\/v2\/users\/2"}],"replies":[{"embeddable":true,"href":"https:\/\/www.europesays.com\/es\/wp-json\/wp\/v2\/comments?post=31278"}],"version-history":[{"count":0,"href":"https:\/\/www.europesays.com\/es\/wp-json\/wp\/v2\/posts\/31278\/revisions"}],"wp:featuredmedia":[{"embeddable":true,"href":"https:\/\/www.europesays.com\/es\/wp-json\/wp\/v2\/media\/31279"}],"wp:attachment":[{"href":"https:\/\/www.europesays.com\/es\/wp-json\/wp\/v2\/media?parent=31278"}],"wp:term":[{"taxonomy":"category","embeddable":true,"href":"https:\/\/www.europesays.com\/es\/wp-json\/wp\/v2\/categories?post=31278"},{"taxonomy":"post_tag","embeddable":true,"href":"https:\/\/www.europesays.com\/es\/wp-json\/wp\/v2\/tags?post=31278"}],"curies":[{"name":"wp","href":"https:\/\/api.w.org\/{rel}","templated":true}]}}