{"id":312790,"date":"2025-12-29T22:20:26","date_gmt":"2025-12-29T22:20:26","guid":{"rendered":"https:\/\/www.europesays.com\/es\/312790\/"},"modified":"2025-12-29T22:20:26","modified_gmt":"2025-12-29T22:20:26","slug":"la-cuestion-no-es-la-tecnologia-sino-quien-la-supervisa","status":"publish","type":"post","link":"https:\/\/www.europesays.com\/es\/312790\/","title":{"rendered":"la cuesti\u00f3n no es la tecnolog\u00eda, sino qui\u00e9n la supervisa"},"content":{"rendered":"<p>Son las ocho y media de la ma\u00f1ana y empieza la jornada de trabajo. Desde hace apenas unos meses, en el departamento de Recursos Humanos (RRHH) ha dejado de arrancar con bandejas de correo saturadas y hojas de Excel. Ahora, el equipo se re\u00fane alrededor de un caf\u00e9 frente al cuadro de mando corporativo, donde un asistente de IA despliega los indicadores cr\u00edticos del d\u00eda: vacantes abiertas, rotaci\u00f3n prevista, necesidades de formaci\u00f3n y alertas de desempe\u00f1o. Este asistente no solo muestra n\u00fameros: predice riesgos y sugiere acciones, como lanzar una encuesta de clima laboral o acelerar un proceso de mentoring en un equipo con riesgo de rotaci\u00f3n.<\/p>\n<p>Esto, que hace apenas unos a\u00f1os sonaba a ciencia ficci\u00f3n, se ha convertido en una tendencia creciente. <a href=\"https:\/\/www.apqc.org\/resource-library\/resource-listing\/ai-hr-function-survey-report\" rel=\"nofollow noopener\" target=\"_blank\">Los expertos advierten de que<\/a> los departamentos de RRHH est\u00e1n adoptando herramientas de IA con gran rapidez, aunque muchos todav\u00eda no tienen un camino claro para pasar de pruebas aisladas a una integraci\u00f3n madura. <a href=\"https:\/\/www.aihr.com\/blog\/ai-and-automation-in-hr\/\" rel=\"nofollow noopener\" target=\"_blank\">Tambi\u00e9n se apunta a que<\/a> la automatizaci\u00f3n y la IA est\u00e1n dejando de ser \u201cnovedad\u201d para convertirse en la norma en la gesti\u00f3n de recursos humanos.<\/p>\n<p>Buscando al empleado adecuado<\/p>\n<p>A las nueve y media el caf\u00e9 se enfr\u00eda: llega una petici\u00f3n urgente del \u00e1rea comercial. Se necesitan dos t\u00e9cnicos de gesti\u00f3n preventa. Antes, redactar la oferta de trabajo requer\u00eda varias idas y venidas entre departamentos; hoy, la responsable de selecci\u00f3n pide al asistente de <a href=\"https:\/\/doi.org\/10.1016\/j.orgdyn.2024.101029\" rel=\"nofollow noopener\" target=\"_blank\">IA generativa<\/a> una propuesta inclusiva y optimizada con palabras clave para buscadores. Despu\u00e9s, el sistema de matching tomar\u00e1 el relevo: revisar\u00e1 solicitudes, perfiles laborales y experiencias previas para pronosticar qui\u00e9n, adem\u00e1s de encajar t\u00e9cnicamente, tiene mayor probabilidad de permanecer en la organizaci\u00f3n. <\/p>\n<p>El equipo de selecci\u00f3n revisar\u00e1 esos resultados (porque, siguiendo las buenas pr\u00e1cticas, la IA no decide: propone y el equipo valida) y a los candidatos mejor posicionados se les enviar\u00e1 un enlace para realizar una <a href=\"https:\/\/doi.org\/10.1016\/j.hrmr.2020.100789\" rel=\"nofollow noopener\" target=\"_blank\">videoentrevista as\u00edncrona<\/a>. Es decir, los candidatos grabar\u00e1n sus respuestas cuando quieran. Despu\u00e9s, un modelo de IA analizar\u00e1 su comunicaci\u00f3n verbal, paraverbal y no verbal para inferir rasgos relevantes para el puesto, y elaborar un informe para el t\u00e9cnico de selecci\u00f3n.<\/p>\n<p>Nada de esto es excepcional: m\u00e1s del 44\u00a0% de las organizaciones ya utiliza IA para atraer y seleccionar talento, y <a href=\"https:\/\/hirebee.ai\/blog\/ai-in-hr-statistics\/\" rel=\"nofollow noopener\" target=\"_blank\">diferentes estudios<\/a> apuntan a que el porcentaje puede superar el 80\u00a0% si incluimos herramientas como filtros automatizados, chatbots o pruebas en v\u00eddeo. No sorprende: la IA puede reducir hasta un 30\u00a0% los costes de contrataci\u00f3n.<\/p>\n<p>Ense\u00f1ar e integrar a los nuevos empleados<\/p>\n<p>A pesar del ritmo acelerado, hoy es un d\u00eda especial: se incorporan tres nuevas personas en Finanzas y en Marketing. Parad\u00f3jicamente, su proceso de integraci\u00f3n comenz\u00f3 antes de que pisaran la oficina. <\/p>\n<p>Durante los \u00faltimos tres d\u00edas, cada uno de ellos recibi\u00f3 un itinerario personalizado seg\u00fan su puesto, experiencia y estilo de aprendizaje: un v\u00eddeo de bienvenida personalizado, m\u00f3dulos de e-learning adaptativos, contenidos sobre la cultura de la organizaci\u00f3n y una sesi\u00f3n de mentor\u00eda guiada por IA para resolver dudas. <\/p>\n<p>Antes incluso de recibir su correo corporativo, la IA ya ha generado un mensaje de bienvenida con enlaces al portal formativo, un bot de preguntas y una <a href=\"http:\/\/wolterskluwer.com\/es-es\/expert-insights\/encuesta-clima-laboral-claves\" rel=\"nofollow noopener\" target=\"_blank\">encuesta de clima inicial<\/a> programada para dentro de 15 d\u00edas.<\/p>\n<p>Una tecnolog\u00eda potente necesitada de gobernanza humana y \u00e9tica<\/p>\n<p>Pero la tecnolog\u00eda no solo selecciona e incorpora: tambi\u00e9n obliga a <a href=\"https:\/\/doi.org\/10.70478\/pap.psicol.2025.46.04\" rel=\"nofollow noopener\" target=\"_blank\">pensar y vigilar<\/a>. A las cinco de la tarde la directora de Recursos Humanos se re\u00fane con el \u00e1rea legal, con el responsable de tecnolog\u00eda y con el comit\u00e9 de \u00e9tica. <\/p>\n<p>Se revisan los resultados de una auditor\u00eda de sesgo: se analizaron 1\u00a0234 candidaturas rechazadas el mes pasado y no se detect\u00f3 discriminaci\u00f3n sistem\u00e1tica hacia ning\u00fan grupo. Se debate el \u201cderecho a explicaci\u00f3n\u201d de los candidatos, la transparencia del algoritmo y las condiciones del consentimiento de datos. <\/p>\n<p>Quedan decisiones importantes en el acta: lanzar un programa interno de alfabetizaci\u00f3n en IA para el personal de RRHH y una encuesta sobre confianza en los sistemas automatizados dirigida a toda la plantilla. <\/p>\n<p>La directora resume el estado de la cuesti\u00f3n con una frase que ya es un mantra en los departamentos modernos: \u201cLa tecnolog\u00eda es potente, pero sin gobernanza humana y \u00e9tica, convierte Recursos Humanos en una caja negra\u201d. Y tiene raz\u00f3n. <\/p>\n<p>La Organizaci\u00f3n Internacional del Trabajo (<a href=\"https:\/\/www.ilo.org\/publications\/ai-human-resource-management-limits-empiricism\" rel=\"nofollow noopener\" target=\"_blank\">OIT<\/a>) advierte que un mal dise\u00f1o de IA puede socavar la gesti\u00f3n del talento en lugar de potenciarla. Adem\u00e1s, investigaciones recientes se\u00f1alan que los equipos de recursos humanos est\u00e1n <a href=\"https:\/\/www.apqc.org\/resource-library\/resource-listing\/ai-hr-function-survey-report\" rel=\"nofollow noopener\" target=\"_blank\">adoptando la IA m\u00e1s r\u00e1pido de lo que se est\u00e1n formando<\/a> para usarla correctamente, lo que genera brechas de preparaci\u00f3n y resistencia cultural.<\/p>\n<p>El reto es usar la IA con criterio<\/p>\n<p>Son las siete de la tarde y la jornada termina. Aunque las luces se apagan, el panel de IA sigue en funcionamiento: calcula riesgos de fuga, organiza entrevistas, ajusta rutas de formaci\u00f3n. La tecnolog\u00eda no descansa, y <a href=\"https:\/\/doi.org\/10.1111\/1748-8583.12433\" rel=\"nofollow noopener\" target=\"_blank\">ah\u00ed est\u00e1 la paradoja<\/a>: cuanto m\u00e1s autom\u00e1tico se vuelve el trabajo, m\u00e1s imprescindible es el juicio humano. No estamos frente a un futuro lejano ni a una utop\u00eda tecnificada; nos hallamos ante un presente que todav\u00eda avanza a distintas velocidades. La IA ya trabaja en Recursos Humanos, pero muchas organizaciones a\u00fan est\u00e1n aprendiendo a gobernarla.<\/p>\n<p>La promesa es enorme: m\u00e1s eficiencia, m\u00e1s precisi\u00f3n, m\u00e1s capacidad para anticipar problemas. Pero tambi\u00e9n lo es la responsabilidad que trae consigo. Si los algoritmos no son explicables, si nadie los supervisa, si olvidamos la \u00e9tica detr\u00e1s de cada decisi\u00f3n, la gesti\u00f3n del talento podr\u00eda convertirse en una caja negra opaca y dif\u00edcil de explicar. Quiz\u00e1 el verdadero riesgo no sea que la IA reemplace a RRHH, sino que RRHH renuncie a cuestionarla.<\/p>\n<p>Porque los algoritmos no tienen valores. No saben qu\u00e9 es la justicia, ni el respeto, ni la diversidad. Por eso necesitan profesionales que s\u00ed los tengan. El reto del sector no es aprender a usar IA, sino aprender a usarla con criterio, sin perder de vista lo esencial: <a href=\"https:\/\/doi.org\/10.1007\/s10676-021-09619-6\" rel=\"nofollow noopener\" target=\"_blank\">seguimos gestionando personas<\/a>, no datos. El futuro de los Recursos Humanos no depende de la tecnolog\u00eda. Depende de qui\u00e9n la supervise.<\/p>\n","protected":false},"excerpt":{"rendered":"Son las ocho y media de la ma\u00f1ana y empieza la jornada de trabajo. Desde hace apenas unos&hellip;\n","protected":false},"author":2,"featured_media":312791,"comment_status":"","ping_status":"","sticky":false,"template":"","format":"standard","meta":{"footnotes":""},"categories":[42],"tags":[17,18,13,14,11,61,62,63,64,19,20,9,10,15,16,12,21,22,65,66,67],"class_list":{"0":"post-312790","1":"post","2":"type-post","3":"status-publish","4":"format-standard","5":"has-post-thumbnail","7":"category-internacional","8":"tag-breaking-news","9":"tag-breakingnews","10":"tag-featured-news","11":"tag-featurednews","12":"tag-headlines","13":"tag-internacional","14":"tag-international","15":"tag-international-news","16":"tag-internationalnews","17":"tag-latest-news","18":"tag-latestnews","19":"tag-news","20":"tag-noticias","21":"tag-noticias-destacadas","22":"tag-noticiasdestacadas","23":"tag-titulares","24":"tag-ultimas-noticias","25":"tag-ultimasnoticias","26":"tag-world","27":"tag-world-news","28":"tag-worldnews"},"share_on_mastodon":{"url":"https:\/\/pubeurope.com\/@es\/115805187216040711","error":""},"_links":{"self":[{"href":"https:\/\/www.europesays.com\/es\/wp-json\/wp\/v2\/posts\/312790","targetHints":{"allow":["GET"]}}],"collection":[{"href":"https:\/\/www.europesays.com\/es\/wp-json\/wp\/v2\/posts"}],"about":[{"href":"https:\/\/www.europesays.com\/es\/wp-json\/wp\/v2\/types\/post"}],"author":[{"embeddable":true,"href":"https:\/\/www.europesays.com\/es\/wp-json\/wp\/v2\/users\/2"}],"replies":[{"embeddable":true,"href":"https:\/\/www.europesays.com\/es\/wp-json\/wp\/v2\/comments?post=312790"}],"version-history":[{"count":0,"href":"https:\/\/www.europesays.com\/es\/wp-json\/wp\/v2\/posts\/312790\/revisions"}],"wp:featuredmedia":[{"embeddable":true,"href":"https:\/\/www.europesays.com\/es\/wp-json\/wp\/v2\/media\/312791"}],"wp:attachment":[{"href":"https:\/\/www.europesays.com\/es\/wp-json\/wp\/v2\/media?parent=312790"}],"wp:term":[{"taxonomy":"category","embeddable":true,"href":"https:\/\/www.europesays.com\/es\/wp-json\/wp\/v2\/categories?post=312790"},{"taxonomy":"post_tag","embeddable":true,"href":"https:\/\/www.europesays.com\/es\/wp-json\/wp\/v2\/tags?post=312790"}],"curies":[{"name":"wp","href":"https:\/\/api.w.org\/{rel}","templated":true}]}}