{"id":312793,"date":"2025-12-29T22:22:07","date_gmt":"2025-12-29T22:22:07","guid":{"rendered":"https:\/\/www.europesays.com\/es\/312793\/"},"modified":"2025-12-29T22:22:07","modified_gmt":"2025-12-29T22:22:07","slug":"ultima-hora-de-las-victimas-desaparecidos-y-alertas-de-la-aemet","status":"publish","type":"post","link":"https:\/\/www.europesays.com\/es\/312793\/","title":{"rendered":"\u00faltima hora de las v\u00edctimas, desaparecidos y alertas de la AEMET"},"content":{"rendered":"<p>Espa\u00f1a se enfrenta este lunes a un <strong data-start=\"239\" data-end=\"324\">fuerte temporal de lluvia que contin\u00faa dejando huella en varias regiones del pa\u00eds<\/strong>. Tras varios d\u00edas de<a title=\" inestabilidad atmosf\u00e9rica provocada por un sistema de bajas presiones\" href=\"https:\/\/www.larazon.es\/andalucia\/temporal-lluvias-deja-muerto-dos-desaparecidos-malaga-granada_202512286951786daf09df501095bb55.html\" target=\"_blank\" rel=\"nofollow noopener\"> inestabilidad atmosf\u00e9rica provocada por un sistema de bajas presiones<\/a>, la <strong data-start=\"420\" data-end=\"463\">Agencia Estatal de Meteorolog\u00eda (AEMET)<\/strong> mantiene avisos activos por precipitaciones persistentes y, en algunos casos, tormentas y granizo, especialmente en la <strong data-start=\"583\" data-end=\"646\">Comunidad Valenciana, Baleares, Murcia y el litoral andaluz<\/strong>. Aunque se espera una <strong data-start=\"669\" data-end=\"719\">transici\u00f3n gradual hacia un tiempo m\u00e1s estable<\/strong>, el d\u00eda de hoy sigue marcado por la persistencia de lluvias intensas en zonas mediterr\u00e1neas y cielos nubosos en buena parte del territorio. <\/p>\n<p>Las consecuencias del temporal ya se han hecho sentir con fuerza en el terreno. En los \u00faltimos d\u00edas se han registrado <strong data-start=\"1017\" data-end=\"1098\">inundaciones, desbordamientos de r\u00edos y acumulaciones muy importantes de agua<\/strong>, con m\u00e1s de 230 litros por metro cuadrado en algunas zonas de la provincia de Valencia, y <strong data-start=\"1189\" data-end=\"1234\">alertas rojas emitidas en puntos cr\u00edticos<\/strong> que han obligado a activar protocolos de emergencia y enviar <a title=\"mensajes de advertencia a la poblaci\u00f3n\" href=\"https:\/\/www.larazon.es\/andalucia\/rescatan-persona-atrapada-interior-vehiculo-fuertes-lluvias-almeria_2025122869515ae622f0db7dafffb635.html\" target=\"_blank\" rel=\"nofollow noopener\">mensajes de advertencia a la poblaci\u00f3n<\/a>. Adem\u00e1s, el temporal ha provocado <strong data-start=\"1369\" data-end=\"1397\">v\u00edctimas y desaparecidos<\/strong>, con al menos una persona fallecida y varias desaparecidas tras ser arrastradas por corrientes en Andaluc\u00eda y Granada. <\/p>\n<p>La situaci\u00f3n este lunes <b>sigue siendo delicada en \u00e1reas costeras y de interior cercanas al Mediterr\u00e1neo,<\/b> donde las lluvias, acompa\u00f1adas de tormentas y, en ocasiones, granizo, seguir\u00e1n siendo protagonistas a lo largo de la jornada. Mientras tanto, en el resto de la Pen\u00ednsula se observa una <strong data-start=\"1845\" data-end=\"1866\">mejora progresiva<\/strong>, con predominio de cielos m\u00e1s despejados y menos precipitaci\u00f3n, aunque sin descuidar las <strong data-start=\"1956\" data-end=\"1989\">alertas por nieblas y heladas<\/strong> en amplias zonas del norte y centro. A lo largo de este directo iremos actualizando las \u00faltimas previsiones, los avisos oficiales y las recomendaciones de protecci\u00f3n civil para que est\u00e9s al tanto de c\u00f3mo evoluciona este episodio de mal tiempo.<\/p>\n<p>Temporal de lluvia, en directo: \u00faltima hora de las v\u00edctimas, desaparecidos y alertas de la AEMET<\/p>\n","protected":false},"excerpt":{"rendered":"Espa\u00f1a se enfrenta este lunes a un fuerte temporal de lluvia que contin\u00faa dejando huella en varias regiones&hellip;\n","protected":false},"author":2,"featured_media":312794,"comment_status":"","ping_status":"","sticky":false,"template":"","format":"standard","meta":{"footnotes":""},"categories":[5],"tags":[17,18,25,24,13,14,11,19,20,9,10,15,16,23,12,21,22],"class_list":{"0":"post-312793","1":"post","2":"type-post","3":"status-publish","4":"format-standard","5":"has-post-thumbnail","7":"category-titulares","8":"tag-breaking-news","9":"tag-breakingnews","10":"tag-es","11":"tag-espana","12":"tag-featured-news","13":"tag-featurednews","14":"tag-headlines","15":"tag-latest-news","16":"tag-latestnews","17":"tag-news","18":"tag-noticias","19":"tag-noticias-destacadas","20":"tag-noticiasdestacadas","21":"tag-spain","22":"tag-titulares","23":"tag-ultimas-noticias","24":"tag-ultimasnoticias"},"share_on_mastodon":{"url":"https:\/\/pubeurope.com\/@es\/115805195026114735","error":""},"_links":{"self":[{"href":"https:\/\/www.europesays.com\/es\/wp-json\/wp\/v2\/posts\/312793","targetHints":{"allow":["GET"]}}],"collection":[{"href":"https:\/\/www.europesays.com\/es\/wp-json\/wp\/v2\/posts"}],"about":[{"href":"https:\/\/www.europesays.com\/es\/wp-json\/wp\/v2\/types\/post"}],"author":[{"embeddable":true,"href":"https:\/\/www.europesays.com\/es\/wp-json\/wp\/v2\/users\/2"}],"replies":[{"embeddable":true,"href":"https:\/\/www.europesays.com\/es\/wp-json\/wp\/v2\/comments?post=312793"}],"version-history":[{"count":0,"href":"https:\/\/www.europesays.com\/es\/wp-json\/wp\/v2\/posts\/312793\/revisions"}],"wp:featuredmedia":[{"embeddable":true,"href":"https:\/\/www.europesays.com\/es\/wp-json\/wp\/v2\/media\/312794"}],"wp:attachment":[{"href":"https:\/\/www.europesays.com\/es\/wp-json\/wp\/v2\/media?parent=312793"}],"wp:term":[{"taxonomy":"category","embeddable":true,"href":"https:\/\/www.europesays.com\/es\/wp-json\/wp\/v2\/categories?post=312793"},{"taxonomy":"post_tag","embeddable":true,"href":"https:\/\/www.europesays.com\/es\/wp-json\/wp\/v2\/tags?post=312793"}],"curies":[{"name":"wp","href":"https:\/\/api.w.org\/{rel}","templated":true}]}}