{"id":312799,"date":"2025-12-29T22:30:07","date_gmt":"2025-12-29T22:30:07","guid":{"rendered":"https:\/\/www.europesays.com\/es\/312799\/"},"modified":"2025-12-29T22:30:07","modified_gmt":"2025-12-29T22:30:07","slug":"un-desatado-breogan-no-remata-una-gran-faena-en-el-pazo-frente-al-poderoso-baskonia-100-103-la-voz-de-galicia","status":"publish","type":"post","link":"https:\/\/www.europesays.com\/es\/312799\/","title":{"rendered":"Un desatado Breog\u00e1n no remata una gran faena en el Pazo frente al poderoso Baskonia (100-103) &#8211; La Voz de Galicia"},"content":{"rendered":"<ol>\n<li><a href=\"https:\/\/news.google.com\/rss\/articles\/CBMi5AFBVV95cUxQY2toTmJvdEVtdVM1VWhpZmhRTHh0Q09VQ0tiY1FIdVFQZVAtM1lwYkZFRDVIX0VKblFhSG1RSjhNekFLaGotdEVORXdjYkhiYzdtTWVpQmtiS2pTSlVGaWFUODAtSzZlYUhxVlc1bWF2Z2FWdW15YXhLenVvUDFmVDdPZzAyaFRMVUVGMVlGdjBVb01ZVVN5akdJLWxLOHZBdlBLQnFxdldkMDg3Y3dHRkphWXU1cWoyalhudUhsUjJhY3B3c0RyRk9hRmFaenoxZDJISFZXNlkycWwtREk3RXFUYkU?oc=5\" target=\"_blank\" rel=\"nofollow noopener\">Un desatado Breog\u00e1n no remata una gran faena en el Pazo frente al poderoso Baskonia (100-103)<\/a>&nbsp;&nbsp;La Voz de Galicia<\/li>\n<li><a href=\"https:\/\/news.google.com\/rss\/articles\/CBMiywFBVV95cUxOVzFFQmN1MEhkOFZ2YUFBeUdIN2otUDRfc2s4OUxuN1J5aFFIdjVNU3NOUTNaX1MwNV9ZcV9GSGtMWlYwNFhHSXR6dmNWNG9jNHNJYjhVQTRjdFZPdGk2aEJHTDlMZDZWR1JhU1FETnBSNFNRSTZBZTAyanFXdXRkMEpEMFY0eDlrdlY5QVVuU2x1V0R6dVQ3V1c3anFXTF9rRTRqeThUZTZvM3RFeGdiVF9YMHNzZ1lnQm82TEFGbnIxNUgtWEpud3N5NNIB3wFBVV95cUxNYWN3eDRlSmpiS1M5RHBrNW1TVm5ndkc4cW8tbW1USnFLMWJ3aVhkVXBsRnN2Tk9PbTI5cXY0bmhGV3ZDVF9DSWM3Q0kyZjYwZnhGaXY2Ty1OVDhHakxsWkVhUWh4Z0k5TUhZUVA2Tmt2UkVnN1M3ZGFjZTFaS01OSm1HVDV3TmFmYTlGZEtVTGlaeEFFRFBweEQyMGxCTkt4dG16Mks4NXZFM3lrejNNVTZMNnM5d3BwcVBfaDhtQjdaOUdQa2F6YVN1MDdZeHBMQTVWS28wVk1ocUJHRFZv?oc=5\" target=\"_blank\" rel=\"nofollow noopener\">El Baskonia exhibe mayor pegada en el vendaval ofensivo del Pazo dos deportes<\/a>&nbsp;&nbsp;Cadena SER<\/li>\n<li><a href=\"https:\/\/news.google.com\/rss\/articles\/CBMitgFBVV95cUxOTVlHMUhzWWtNeGdZVmVUeEdqc1BGY1VHMy1fU0JtZUlKNGJGRjRrdVJOMkxXVWRKTHp6RW5YWVdJUzJwY2lRQkV0ZS04N1hxUlBxaUh6VTFPYlFMMmxfTW9BZlkyaHU5QXI5MGVpZXRmeUlreFdab2VwWjh3OUdoTlh0NERaM3lObmhzNTliYm00dkNiMUg1U1A5bHF4T0ZHYk85NlQyQXpxVmQ1c2FPOVRZWXR6Zw?oc=5\" target=\"_blank\" rel=\"nofollow noopener\">100-103. Un buen R\u00edo Breog\u00e1n cae de forma cruel ante el Baskonia en el Pazo<\/a>&nbsp;&nbsp;El Progreso de Lugo<\/li>\n<li><a href=\"https:\/\/news.google.com\/rss\/articles\/CBMi0AFBVV95cUxNYUNNRFdhbWR6TjZ6MWl2eGlCSlEtYUMwR1p4ek41NXRMc19NTGc2a2pGNDIyTGk3aDJsUXNYODlSOUlrblNab1huaTU3d3RMRFJORFE1by1vQXhDSE1nNTRVUFJJb2E5a2FiQlA1UEhRMnl3c0ljakU2QnhKY28yQkhlbzRSYWtWLWdSUEdubkdjLVJjN05UWDE2VDZ0d2dZMy1HWGo3SzkzTDJQV3lDa1FfV2dXaFFGbG5qNXEweERWcHhMLVJRczRvRnY3YWxt?oc=5\" target=\"_blank\" rel=\"nofollow noopener\">La Copa est\u00e1 mucho m\u00e1s cerca para el Baskonia despu\u00e9s de ganar al Breog\u00e1n en Lugo (100-103)<\/a>&nbsp;&nbsp;naiz:<\/li>\n<li><a href=\"https:\/\/news.google.com\/rss\/articles\/CBMisAFBVV95cUxPUDdWVERCeFNpdjdwQnIydFl3NDVEUTVrcjBGRmRPT0NZWUtIbXhQc2psaDhfTEVGOWtGWllzLVBQejRBMkJCaDREOXE0Q0ppVzVhbU0zcnkzMmRXVUhJWjl3VHF1akZYT2NzemhTSk1jUjhrdFJkS3owbElLWGtsWHFsbzBSRDNQSUhyTlJFMUVYdXNnZUlGWHptMjFRU0I3WDE2ZTRBZThPcDNUczI1SQ?oc=5\" target=\"_blank\" rel=\"nofollow noopener\">Apuestas y pron\u00f3sticos Breog\u00e1n vs Baskonia<\/a>&nbsp;&nbsp;MARCA<\/li>\n<\/ol>\n","protected":false},"excerpt":{"rendered":"Un desatado Breog\u00e1n no remata una gran faena en el Pazo frente al poderoso Baskonia (100-103)&nbsp;&nbsp;La Voz de&hellip;\n","protected":false},"author":2,"featured_media":312800,"comment_status":"","ping_status":"","sticky":false,"template":"","format":"standard","meta":{"footnotes":""},"categories":[269],"tags":[299,298,8778,168,25,24,831,665,23,167],"class_list":{"0":"post-312799","1":"post","2":"type-post","3":"status-publish","4":"format-standard","5":"has-post-thumbnail","7":"category-baloncesto","8":"tag-baloncesto","9":"tag-basketball","10":"tag-cb-breogan","11":"tag-deportes","12":"tag-es","13":"tag-espana","14":"tag-liga-acb","15":"tag-liga-endesa","16":"tag-spain","17":"tag-sports"},"share_on_mastodon":{"url":"https:\/\/pubeurope.com\/@es\/115805226545602610","error":""},"_links":{"self":[{"href":"https:\/\/www.europesays.com\/es\/wp-json\/wp\/v2\/posts\/312799","targetHints":{"allow":["GET"]}}],"collection":[{"href":"https:\/\/www.europesays.com\/es\/wp-json\/wp\/v2\/posts"}],"about":[{"href":"https:\/\/www.europesays.com\/es\/wp-json\/wp\/v2\/types\/post"}],"author":[{"embeddable":true,"href":"https:\/\/www.europesays.com\/es\/wp-json\/wp\/v2\/users\/2"}],"replies":[{"embeddable":true,"href":"https:\/\/www.europesays.com\/es\/wp-json\/wp\/v2\/comments?post=312799"}],"version-history":[{"count":0,"href":"https:\/\/www.europesays.com\/es\/wp-json\/wp\/v2\/posts\/312799\/revisions"}],"wp:featuredmedia":[{"embeddable":true,"href":"https:\/\/www.europesays.com\/es\/wp-json\/wp\/v2\/media\/312800"}],"wp:attachment":[{"href":"https:\/\/www.europesays.com\/es\/wp-json\/wp\/v2\/media?parent=312799"}],"wp:term":[{"taxonomy":"category","embeddable":true,"href":"https:\/\/www.europesays.com\/es\/wp-json\/wp\/v2\/categories?post=312799"},{"taxonomy":"post_tag","embeddable":true,"href":"https:\/\/www.europesays.com\/es\/wp-json\/wp\/v2\/tags?post=312799"}],"curies":[{"name":"wp","href":"https:\/\/api.w.org\/{rel}","templated":true}]}}