{"id":312803,"date":"2025-12-29T22:32:08","date_gmt":"2025-12-29T22:32:08","guid":{"rendered":"https:\/\/www.europesays.com\/es\/312803\/"},"modified":"2025-12-29T22:32:08","modified_gmt":"2025-12-29T22:32:08","slug":"ana-fernandez-se-atreve-a-banarse-en-agua-helada-en-laponia-el-momento-en-video","status":"publish","type":"post","link":"https:\/\/www.europesays.com\/es\/312803\/","title":{"rendered":"Ana Fern\u00e1ndez se atreve a ba\u00f1arse en agua helada en Laponia: el momento, en v\u00eddeo"},"content":{"rendered":"<p id=\"eiKN93v_ot\" data-wc=\"106\">Con la llegada de la Navidad, <a class=\"hm-link ho-link\" href=\"https:\/\/www.hola.com\/actualidad\/20241224737717\/cristiano-ronaldo-georgina-rodriguez-hijos-laponia\/\" data-mrf-recirculation=\"article-body-link\" rel=\"nofollow noopener\" target=\"_blank\">Laponia se convierte en un destino habitual para ni\u00f1os y mayores<\/a> con un objetivo principal: conocer a Pap\u00e1 Noel. Eso es exactamente lo que ha hecho Ana Fern\u00e1ndez. La actriz ha estado en esta regi\u00f3n finlandesa y ha descubierto la casa de Santa Claus. Pero ella tambi\u00e9n se ha atrevido con una experiencia mucho m\u00e1s extrema. Ana se ha animado a probar la sauna de hielo, es decir, una sauna de vapor caliente combinada con un ba\u00f1o en agua, heladas con una temperatura ambiental bajo cero. Ella misma ha mostrado el v\u00eddeo del momento, revelando una experiencia que dif\u00edcilmente olvidar\u00e1.<\/p>\n","protected":false},"excerpt":{"rendered":"Con la llegada de la Navidad, Laponia se convierte en un destino habitual para ni\u00f1os y mayores con&hellip;\n","protected":false},"author":2,"featured_media":312804,"comment_status":"","ping_status":"","sticky":false,"template":"","format":"standard","meta":{"footnotes":""},"categories":[174],"tags":[517,70763,255,146,147,25,24,256,23],"class_list":{"0":"post-312803","1":"post","2":"type-post","3":"status-publish","4":"format-standard","5":"has-post-thumbnail","7":"category-famosos","8":"tag-actualidad","9":"tag-ana-fernandez","10":"tag-celebrities","11":"tag-entertainment","12":"tag-entretenimiento","13":"tag-es","14":"tag-espana","15":"tag-famosos","16":"tag-spain"},"share_on_mastodon":{"url":"https:\/\/pubeurope.com\/@es\/115805234320555414","error":""},"_links":{"self":[{"href":"https:\/\/www.europesays.com\/es\/wp-json\/wp\/v2\/posts\/312803","targetHints":{"allow":["GET"]}}],"collection":[{"href":"https:\/\/www.europesays.com\/es\/wp-json\/wp\/v2\/posts"}],"about":[{"href":"https:\/\/www.europesays.com\/es\/wp-json\/wp\/v2\/types\/post"}],"author":[{"embeddable":true,"href":"https:\/\/www.europesays.com\/es\/wp-json\/wp\/v2\/users\/2"}],"replies":[{"embeddable":true,"href":"https:\/\/www.europesays.com\/es\/wp-json\/wp\/v2\/comments?post=312803"}],"version-history":[{"count":0,"href":"https:\/\/www.europesays.com\/es\/wp-json\/wp\/v2\/posts\/312803\/revisions"}],"wp:featuredmedia":[{"embeddable":true,"href":"https:\/\/www.europesays.com\/es\/wp-json\/wp\/v2\/media\/312804"}],"wp:attachment":[{"href":"https:\/\/www.europesays.com\/es\/wp-json\/wp\/v2\/media?parent=312803"}],"wp:term":[{"taxonomy":"category","embeddable":true,"href":"https:\/\/www.europesays.com\/es\/wp-json\/wp\/v2\/categories?post=312803"},{"taxonomy":"post_tag","embeddable":true,"href":"https:\/\/www.europesays.com\/es\/wp-json\/wp\/v2\/tags?post=312803"}],"curies":[{"name":"wp","href":"https:\/\/api.w.org\/{rel}","templated":true}]}}