{"id":312807,"date":"2025-12-29T22:36:10","date_gmt":"2025-12-29T22:36:10","guid":{"rendered":"https:\/\/www.europesays.com\/es\/312807\/"},"modified":"2025-12-29T22:36:10","modified_gmt":"2025-12-29T22:36:10","slug":"saratoga-agotan-entradas-en-madrid","status":"publish","type":"post","link":"https:\/\/www.europesays.com\/es\/312807\/","title":{"rendered":"SARATOGA agotan entradas en MADRID"},"content":{"rendered":"<p>\u00a0<\/p>\n<p>\u00a0<\/p>\n<p><img fetchpriority=\"high\" decoding=\"async\" src=\"https:\/\/www.europesays.com\/es\/wp-content\/uploads\/2025\/12\/madrid_soldout500x267.jpg\" alt=\"SARATOGA\" width=\"500\" height=\"267\"\/><br \/>\n<strong>SARATOGA agotan entradas en MADRID<\/strong><\/p>\n<p>Esta es la nota oficial:<\/p>\n<p style=\"text-align: center;\"><strong>\u00a1MADRID, LO HAB\u00c9IS VUELTO A HACER: SOLD OUT! <\/strong><\/p>\n<p>No tenemos palabras. Queremos agradecer de todo coraz\u00f3n el apoyo arrollador en la ciudad de Madrid. Una vez m\u00e1s, nos demostr\u00e1is vuestra fidelidad agotando todas las entradas antes de la fecha , tal y como ya ocurri\u00f3 con nuestro anterior concierto en la grabaci\u00f3n de nuestro DVD. \u00a1Gracias por estar siempre ah\u00ed!<\/p>\n<p><img loading=\"lazy\" decoding=\"async\" src=\"https:\/\/www.europesays.com\/es\/wp-content\/uploads\/2025\/12\/madrid_soldout.jpg\" alt=\"SARATOGA\" width=\"500\" height=\"711\"\/><\/p>\n<p>Estamos muy felices de poder anunciar antes de que termine este a\u00f1o que el pr\u00f3ximo 10 de enero de 2026 viviremos una noche hist\u00f3rica en las Ventas Live con el cartel de \u00abNo hay localidades \u00ab.<\/p>\n<p>A todos nuestros seguidores y seguidoras de todo el mundo: estamos profundamente orgullosos y agradecidos por vuestro cari\u00f1o.<\/p>\n<p>Este 2026 la gira contin\u00faa con m\u00e1s fuerza que nunca. Recordad que estas son solo, las primeras fechas que preceden a Madrid, \u00a1pronto m\u00e1s!.<\/p>\n<p>Tienes m\u00e1s informaci\u00f3n y venta de entradas en: <a href=\"https:\/\/www.saratoga.com.es\/\" target=\"_blank\" rel=\"noopener nofollow\">www.saratoga.com.es<\/a><\/p>\n<p style=\"text-align: center;\"><strong>LA GIRA \u201cEN ESTADO PURO\u201d: UNA EXPERIENCIA \u00daNICA EN TRES ACTOS<\/strong><\/p>\n<p><img loading=\"lazy\" decoding=\"async\" src=\"https:\/\/www.europesays.com\/es\/wp-content\/uploads\/2025\/12\/gira_26.jpg\" alt=\"RAMMSTEIN\" width=\"500\" height=\"667\"\/><\/p>\n<p>ACTO I: EL NUEVO DISCO \u2013 \u201cEN ESTADO PURO\u201d: La presentaci\u00f3n en directo de la nueva era. Fuerza, energ\u00eda y los temas in\u00e9ditos del nuevo disco mostrando la versi\u00f3n m\u00e1s actual y potente de Saratoga. \u00a1El futuro de la banda en su m\u00e1ximo esplendor!<\/p>\n<p>ACTO II: LAS JOYAS RESCATADAS.Una inmersi\u00f3n al pasado para recuperar canciones largamente a\u00f1oradas. Temas que vuelven al escenario para crear momentos de pura nostalgia.<\/p>\n<p>ACTO III: LOS GRANDES CL\u00c1SICOS \u2013 \u00a1LA GRAN TORMENTA!.Adrenalina pura con los himnos inmortales que forjaron la leyenda. \u00a1El coraz\u00f3n de Saratoga latiendo con toda su fuerza!<\/p>\n<p>Tres actos inolvidables. Una sola noche legendaria.<\/p>\n<p>Antes de que arranque esta nueva etapa, disfrutad de la \u201cGira de Grandes \u00c9xitos\u201d con la nueva formaci\u00f3n, en las fechas de M\u00e9xico \u2013 M\u00e1laga \u2013 Guadalajara y Donostia.<\/p>\n<p>Entradas ya disponibles en estos puntos oficiales:<\/p>\n<p>* Domingo 15 de febrero \u2013 Arena Ciudad de M\u00e9xico (MEX)<br \/>Entradas <a href=\"https:\/\/l.facebook.com\/l.php?u=https%3A%2F%2Ftsarockfest.com%2Ftickets%2F%3Ffbclid%3DIwZXh0bgNhZW0CMTAAYnJpZBExMXJiRUxBaHJWbElzYnhsdnNydGMGYXBwX2lkEDIyMjAzOTE3ODgyMDA4OTIAAR7Qh1-BnHiU2agt5ESEMq874q_ltzIX72pR0BmjjhZXSWpztq5v-uRGyyEHEw_aem_hooiPzFhfOl8sXq3HmAI0w&amp;h=AT10kdenaKRleiBLIgxMhsHPGrnhVtCWSQZon85O6Jp-Lx143HkLpz0wXw-dp6m3SYNqFaPdAfaptLohOkqCJxmNj5vzgYyHEfXbOFH3GZcfxRCGlj2RF2wdvbXnR99YIMZzNOdCrmLQ4efN&amp;__tn__=-UK-R&amp;c%5b0%5d=AT2utFFZurfJ8xVqBhb0ZEe-hRlNUrQhTHbHWIBSEn-wjalncH5nMBXdnKO2KasataVx736bvVRshSC8cS_sJWLrW8LR4p-A0GTDu7n2DU8XQTbzCfSSFKL8rco6-I3WvEUDXUjLocwg6DgtbFHJ7IsViFCfhALtCgUL4cQ6130cRGWuZEoyUNBjDVkacng\" target=\"_blank\" rel=\"noopener nofollow\"><strong>https:\/\/tsarockfest.com\/tickets\/<\/strong><\/a><\/p>\n<p>* Domingo 22 de febrero \u2013 Arena Monterrey (MEX)<br \/>Entradas <a href=\"https:\/\/l.facebook.com\/l.php?u=https%3A%2F%2Ftsarockfest.com%2Ftickets%2F%3Ffbclid%3DIwZXh0bgNhZW0CMTAAYnJpZBExMXJiRUxBaHJWbElzYnhsdnNydGMGYXBwX2lkEDIyMjAzOTE3ODgyMDA4OTIAAR5DqXWBHzeaBNr5eiC6hxnh31G24ymuB48qUCa1qoEw_5_eL7u7rre-2W8Srw_aem_2jjJpMJ03CnTmp4K86VJsQ&amp;h=AT10kdenaKRleiBLIgxMhsHPGrnhVtCWSQZon85O6Jp-Lx143HkLpz0wXw-dp6m3SYNqFaPdAfaptLohOkqCJxmNj5vzgYyHEfXbOFH3GZcfxRCGlj2RF2wdvbXnR99YIMZzNOdCrmLQ4efN&amp;__tn__=-UK-R&amp;c%5b0%5d=AT2utFFZurfJ8xVqBhb0ZEe-hRlNUrQhTHbHWIBSEn-wjalncH5nMBXdnKO2KasataVx736bvVRshSC8cS_sJWLrW8LR4p-A0GTDu7n2DU8XQTbzCfSSFKL8rco6-I3WvEUDXUjLocwg6DgtbFHJ7IsViFCfhALtCgUL4cQ6130cRGWuZEoyUNBjDVkacng\" target=\"_blank\" rel=\"noopener nofollow\"><strong>https:\/\/tsarockfest.com\/tickets\/<\/strong><\/a><\/p>\n<p>* Domingo 1 de marzo \u2013 Arena Guadalajara (MEX)Entradas <a href=\"https:\/\/l.facebook.com\/l.php?u=https%3A%2F%2Ftsarockfest.com%2Ftickets%2F%3Ffbclid%3DIwZXh0bgNhZW0CMTAAYnJpZBExMXJiRUxBaHJWbElzYnhsdnNydGMGYXBwX2lkEDIyMjAzOTE3ODgyMDA4OTIAAR5Y_6iSE5BbfTbbW6lgMYLEvoRvvnCAfkmDW_KrpIbSRaGv4X4Djyp6iNml7w_aem_eBfpyu2dUwc8fv8uPfaZbQ&amp;h=AT10kdenaKRleiBLIgxMhsHPGrnhVtCWSQZon85O6Jp-Lx143HkLpz0wXw-dp6m3SYNqFaPdAfaptLohOkqCJxmNj5vzgYyHEfXbOFH3GZcfxRCGlj2RF2wdvbXnR99YIMZzNOdCrmLQ4efN&amp;__tn__=-UK-R&amp;c%5b0%5d=AT2utFFZurfJ8xVqBhb0ZEe-hRlNUrQhTHbHWIBSEn-wjalncH5nMBXdnKO2KasataVx736bvVRshSC8cS_sJWLrW8LR4p-A0GTDu7n2DU8XQTbzCfSSFKL8rco6-I3WvEUDXUjLocwg6DgtbFHJ7IsViFCfhALtCgUL4cQ6130cRGWuZEoyUNBjDVkacng\" target=\"_blank\" rel=\"noopener nofollow\"><strong>https:\/\/tsarockfest.com\/tickets\/<\/strong><\/a><\/p>\n<p>* Viernes 20 de marzo \u2013 M\u00e1laga, Sala La Trinchera<br \/>Entradas: <a href=\"https:\/\/l.facebook.com\/l.php?u=https%3A%2F%2Fn9.cl%2Fhq600%3Ffbclid%3DIwZXh0bgNhZW0CMTAAYnJpZBExMXJiRUxBaHJWbElzYnhsdnNydGMGYXBwX2lkEDIyMjAzOTE3ODgyMDA4OTIAAR7Qh1-BnHiU2agt5ESEMq874q_ltzIX72pR0BmjjhZXSWpztq5v-uRGyyEHEw_aem_hooiPzFhfOl8sXq3HmAI0w&amp;h=AT2wpjq1Rz6Cg7cQ3H9BXGVWelbnmLW1rIydUmJoVHop0hPND964ZXKfa8doLqVM3Khskw7C2jzaYtcbgPlbmQXtAR63MXf4K-d4e_XrZHn0wpVfq8qJRFMSkGrbvis9vRM361zMAQdm4Hgn&amp;__tn__=-UK-R&amp;c%5b0%5d=AT2utFFZurfJ8xVqBhb0ZEe-hRlNUrQhTHbHWIBSEn-wjalncH5nMBXdnKO2KasataVx736bvVRshSC8cS_sJWLrW8LR4p-A0GTDu7n2DU8XQTbzCfSSFKL8rco6-I3WvEUDXUjLocwg6DgtbFHJ7IsViFCfhALtCgUL4cQ6130cRGWuZEoyUNBjDVkacng\" target=\"_blank\" rel=\"noopener nofollow\"><strong>https:\/\/n9.cl\/hq600<\/strong><\/a><\/p>\n<p>*S\u00e1bado 28 de marzo \u2013 Guadalajara, Sala \u00d3xido (Espa\u00f1a).<br \/>Entradas: <a href=\"https:\/\/l.facebook.com\/l.php?u=https%3A%2F%2Fmovingtickets.com%2FEntradas-Saratoga-concierto-Sala-Oxido-Guadalajara%2F%3Ffbclid%3DIwZXh0bgNhZW0CMTAAYnJpZBExMXJiRUxBaHJWbElzYnhsdnNydGMGYXBwX2lkEDIyMjAzOTE3ODgyMDA4OTIAAR7fR6gcO4PizHAURBywdIWK5L0MsIIoMx9QwyURtwzxvY4SMfgjjsPJaPt8Pw_aem_QeOSPlylYZoM2DRzy35o1A&amp;h=AT2ZJhhdQ2potGBluQ4ZRkI75t122t69gOLngP7lhc_lrzU18lwQyQ0y5_SiuFFwW9wj2mwdzsWVPqb7Qq3q3uQwyPEE6opncouFZHHtwM-0ffVdTcMcBTRHlcvnYCoo2Rp-j0NC7ZHC62hH&amp;__tn__=-UK-R&amp;c%5b0%5d=AT2utFFZurfJ8xVqBhb0ZEe-hRlNUrQhTHbHWIBSEn-wjalncH5nMBXdnKO2KasataVx736bvVRshSC8cS_sJWLrW8LR4p-A0GTDu7n2DU8XQTbzCfSSFKL8rco6-I3WvEUDXUjLocwg6DgtbFHJ7IsViFCfhALtCgUL4cQ6130cRGWuZEoyUNBjDVkacng\" target=\"_blank\" rel=\"noopener nofollow\"><strong>https:\/\/movingtickets.com\/Entradas-Saratoga-concierto\u2026\/<\/strong><\/a><\/p>\n<p>* S\u00e1bado 11 de abril \u2013 Sala Niessen (Errenteria \/ Donostia)<br \/>Entradas: <a href=\"https:\/\/l.facebook.com\/l.php?u=https%3A%2F%2Fmovingtickets.com%2FEntradas-Saratoga-concierto-en-Niessen-Kulturgunea%2F%3Ffbclid%3DIwZXh0bgNhZW0CMTAAYnJpZBExMXJiRUxBaHJWbElzYnhsdnNydGMGYXBwX2lkEDIyMjAzOTE3ODgyMDA4OTIAAR5WrmZSqQJF4ucTxdqRgEpHxi4Hllkb-RLWZ97_6RC9-PbSoF7Ce720GJ2T0g_aem_F4K1LoKpeJkLXwjV0tXzRg&amp;h=AT1-kPrdWeJ_x4lAPg32ShUcz8iFROHdTG2OQEj54CMSRjZsN_EaTBN8mrcZKlyLY1ONKNIG5B9k-dfse3OnVjcgiiP2qiSc-PoHiIh0xYxuN86xTu62hI0KE5srpUI89u5VVEROa8_pWULw&amp;__tn__=-UK-R&amp;c%5b0%5d=AT2utFFZurfJ8xVqBhb0ZEe-hRlNUrQhTHbHWIBSEn-wjalncH5nMBXdnKO2KasataVx736bvVRshSC8cS_sJWLrW8LR4p-A0GTDu7n2DU8XQTbzCfSSFKL8rco6-I3WvEUDXUjLocwg6DgtbFHJ7IsViFCfhALtCgUL4cQ6130cRGWuZEoyUNBjDVkacng\" target=\"_blank\" rel=\"noopener nofollow\"><strong>https:\/\/movingtickets.com\/Entradas-Saratoga-concierto-en\u2026\/<\/strong><\/a><\/p>\n<p>PRIMERAS FECHAS ESPA\u00d1A GIRA 2026 \u00abEN ESTADO PURO\u201d<\/p>\n<p>\u2022 S\u00e1bado 25 de abril \u2013 Murcia, Garaje Beat Club<br \/>Entradas: <a href=\"https:\/\/movingtickets.com\/Entradas-Saratoga-concierto-Garage-Beat-Club-Murcia\/?fbclid=IwZXh0bgNhZW0CMTAAYnJpZBExMXJiRUxBaHJWbElzYnhsdnNydGMGYXBwX2lkEDIyMjAzOTE3ODgyMDA4OTIAAR5DqXWBHzeaBNr5eiC6hxnh31G24ymuB48qUCa1qoEw_5_eL7u7rre-2W8Srw_aem_2jjJpMJ03CnTmp4K86VJsQ\" target=\"_blank\" rel=\"noopener nofollow\"><strong>https:\/\/movingtickets.com\/Entradas-Saratoga-concierto\u2026\/<\/strong><\/a> <a href=\"https:\/\/l.facebook.com\/l.php?u=https%3A%2F%2Fgarajebeatclub.compralaentrada.com%2Feventos%2F18416%2F19458%2Fsaratoga-murcia-2026%3Ffbclid%3DIwZXh0bgNhZW0CMTAAYnJpZBExMXJiRUxBaHJWbElzYnhsdnNydGMGYXBwX2lkEDIyMjAzOTE3ODgyMDA4OTIAAR5Y_6iSE5BbfTbbW6lgMYLEvoRvvnCAfkmDW_KrpIbSRaGv4X4Djyp6iNml7w_aem_eBfpyu2dUwc8fv8uPfaZbQ&amp;h=AT1b4MMxTqiUFf77Tj6SBk-RmG-QujaQQVT8uhr05dDLLVYSANI3t8JjNujUfil7Zmkf2EWasHosEhQL1vkVmKu-gMEAzaj7rdOSpl5-Ec41rAIWH_1xFnUdlI-xXjlk4r-en_ogEhHHwf8-&amp;__tn__=-UK-R&amp;c%5b0%5d=AT2utFFZurfJ8xVqBhb0ZEe-hRlNUrQhTHbHWIBSEn-wjalncH5nMBXdnKO2KasataVx736bvVRshSC8cS_sJWLrW8LR4p-A0GTDu7n2DU8XQTbzCfSSFKL8rco6-I3WvEUDXUjLocwg6DgtbFHJ7IsViFCfhALtCgUL4cQ6130cRGWuZEoyUNBjDVkacng\" target=\"_blank\" rel=\"noopener nofollow\"><strong>https:\/\/garajebeatclub.compralaentrada.com\/\u2026\/saratoga\u2026<\/strong><\/a><\/p>\n<p>S\u00e1bado 9 de mayo \u2013 Valdemoro (Madrid) Entradas: <a href=\"https:\/\/l.facebook.com\/l.php?u=https%3A%2F%2Fwoutick.com%2Fes%2Fentradas%2Fsaratoga-valdemoro%3Ffbclid%3DIwZXh0bgNhZW0CMTAAYnJpZBExMXJiRUxBaHJWbElzYnhsdnNydGMGYXBwX2lkEDIyMjAzOTE3ODgyMDA4OTIAAR7zVzuXOTk9_tQoOHUAfRZAkpE1QSbN-umkbrRAh6VEDtKZ9vgR6cfpqwC2sA_aem_-865H9OMfIv-nsHFlo_86w&amp;h=AT0qrwGrNVZ1huzTzfvMxDiwEOdJQVrNPATuKGLLdyYJHRQ2y7kQjGHOyN36c8szfRxF-Mem8WVfcfsrh6ycTYJ5X-rChM9OZowWO4dafI9Up49XgPEbIlruHIDCnxaVqFmr6A1UmiB9tBBs&amp;__tn__=-UK-R&amp;c%5b0%5d=AT2utFFZurfJ8xVqBhb0ZEe-hRlNUrQhTHbHWIBSEn-wjalncH5nMBXdnKO2KasataVx736bvVRshSC8cS_sJWLrW8LR4p-A0GTDu7n2DU8XQTbzCfSSFKL8rco6-I3WvEUDXUjLocwg6DgtbFHJ7IsViFCfhALtCgUL4cQ6130cRGWuZEoyUNBjDVkacng\" target=\"_blank\" rel=\"noopener nofollow\"><strong>https:\/\/woutick.com\/es\/entradas\/saratoga-valdemoro<\/strong><\/a><\/p>\n<p>\u2022 S\u00e1bado 16 de mayo \u2013 Bilbao, Sala D8<br \/>Entradas: <a href=\"https:\/\/l.facebook.com\/l.php?u=https%3A%2F%2Fmovingtickets.com%2FEntradas-Saratoga-concierto-D8-Sorkuntza-Faktoria-Bilbao%2F%3Ffbclid%3DIwZXh0bgNhZW0CMTAAYnJpZBExMXJiRUxBaHJWbElzYnhsdnNydGMGYXBwX2lkEDIyMjAzOTE3ODgyMDA4OTIAAR7zVzuXOTk9_tQoOHUAfRZAkpE1QSbN-umkbrRAh6VEDtKZ9vgR6cfpqwC2sA_aem_-865H9OMfIv-nsHFlo_86w&amp;h=AT3ueGhbGTfkCBs4JBeWR1WdC1CfghoEWFdKywKAWbg-4hkWRmqPMDAhO2O0N4sJqc7mXViGn9Hk2rrdTd41HKSRsM7RcG2shBhHWD3UWPiUHAvCEjm7rw73KyhOY7nTFyUDAsbhELHZsFQv&amp;__tn__=-UK-R&amp;c%5b0%5d=AT2utFFZurfJ8xVqBhb0ZEe-hRlNUrQhTHbHWIBSEn-wjalncH5nMBXdnKO2KasataVx736bvVRshSC8cS_sJWLrW8LR4p-A0GTDu7n2DU8XQTbzCfSSFKL8rco6-I3WvEUDXUjLocwg6DgtbFHJ7IsViFCfhALtCgUL4cQ6130cRGWuZEoyUNBjDVkacng\" target=\"_blank\" rel=\"noopener nofollow\"><strong>https:\/\/movingtickets.com\/Entradas-Saratoga-concierto-D8\u2026\/<\/strong><\/a><\/p>\n<p>\u2022 S\u00e1bado 6 de junio \u2013 Barcelona, Sala Salamandra<br \/>Entradas: <a href=\"https:\/\/l.facebook.com\/l.php?u=https%3A%2F%2Fmovingtickets.com%2FEntradas-Saratoga-concierto-Salamandra-Barcelona%2F%3Ffbclid%3DIwZXh0bgNhZW0CMTAAYnJpZBExMXJiRUxBaHJWbElzYnhsdnNydGMGYXBwX2lkEDIyMjAzOTE3ODgyMDA4OTIAAR7zVzuXOTk9_tQoOHUAfRZAkpE1QSbN-umkbrRAh6VEDtKZ9vgR6cfpqwC2sA_aem_-865H9OMfIv-nsHFlo_86w&amp;h=AT1RGpEPdQ8gU-SxS7dv6U93qAIQm27v4nCyYeGSBp_G-EsaybbgXCRquhKi528Olnfb3Tj8m8P_qtv9odALKAySNd685As6fpT2DZObDAO2n6PYNchijn01ecze8WPufK3bbWE9M4PrNGDn&amp;__tn__=-UK-R&amp;c%5b0%5d=AT2utFFZurfJ8xVqBhb0ZEe-hRlNUrQhTHbHWIBSEn-wjalncH5nMBXdnKO2KasataVx736bvVRshSC8cS_sJWLrW8LR4p-A0GTDu7n2DU8XQTbzCfSSFKL8rco6-I3WvEUDXUjLocwg6DgtbFHJ7IsViFCfhALtCgUL4cQ6130cRGWuZEoyUNBjDVkacng\" target=\"_blank\" rel=\"noopener nofollow\"><strong>https:\/\/movingtickets.com\/Entradas-Saratoga-concierto\u2026\/<\/strong><\/a><\/p>\n<p>\u2022 S\u00e1bado 20 de junio \u2013 Palma de Mallorca, Es Gremi<br \/>Entradas: <a href=\"https:\/\/l.facebook.com\/l.php?u=https%3A%2F%2Fmovingtickets.com%2FEntradas-Saratoga-concierto-Es-Gremi-Mallorca%2F%3Ffbclid%3DIwZXh0bgNhZW0CMTAAYnJpZBExMXJiRUxBaHJWbElzYnhsdnNydGMGYXBwX2lkEDIyMjAzOTE3ODgyMDA4OTIAAR4weTfWjN4y2m0PY8Ku4QFezWWqB3snt56Ra_k5PskEHnKyQv0tPmcOX9sGsw_aem_8TXhmAJW_VjhSZQUETzCWg&amp;h=AT1e5tYT-RoxZph8V7T2zSxh1e43s5EroypMQxEYJxjdhSF0kQpW0z6CA0Jcm53jhI6cXrrq_MBbSgT7Lj8g3BvwyPNeDpYz-cMr3fW9tO4RpU-OVmTY1nOGhBNYBIYKjwmUFG-CUcpceI2z&amp;__tn__=-UK-R&amp;c%5b0%5d=AT2utFFZurfJ8xVqBhb0ZEe-hRlNUrQhTHbHWIBSEn-wjalncH5nMBXdnKO2KasataVx736bvVRshSC8cS_sJWLrW8LR4p-A0GTDu7n2DU8XQTbzCfSSFKL8rco6-I3WvEUDXUjLocwg6DgtbFHJ7IsViFCfhALtCgUL4cQ6130cRGWuZEoyUNBjDVkacng\" target=\"_blank\" rel=\"noopener nofollow\"><strong>https:\/\/movingtickets.com\/Entradas-Saratoga-concierto-Es\u2026\/<\/strong><\/a><\/p>\n<p>\u2022 Viernes 7 de agosto \u2013 Villena, Leyendas del Rock<br \/>Entradas: <a href=\"https:\/\/l.facebook.com\/l.php?u=https%3A%2F%2Fshort.do%2FZnMn1L%3Ffbclid%3DIwZXh0bgNhZW0CMTAAYnJpZBExMXJiRUxBaHJWbElzYnhsdnNydGMGYXBwX2lkEDIyMjAzOTE3ODgyMDA4OTIAAR7Qh1-BnHiU2agt5ESEMq874q_ltzIX72pR0BmjjhZXSWpztq5v-uRGyyEHEw_aem_hooiPzFhfOl8sXq3HmAI0w&amp;h=AT1ceTl1FDlbLhAkICLGvRl64yJZiSg1Inje-5T1IxGLmYqOH1YNEfWCFqvNQvyx9yNSgSHhtw_fuC2qPNIjF0n8CwcwQ--s-dGkyz2fL-O4LfTJ2S2M73GmDI29Y3Q__1E9a4Ut-t2s-d3W&amp;__tn__=-UK-R&amp;c%5b0%5d=AT2utFFZurfJ8xVqBhb0ZEe-hRlNUrQhTHbHWIBSEn-wjalncH5nMBXdnKO2KasataVx736bvVRshSC8cS_sJWLrW8LR4p-A0GTDu7n2DU8XQTbzCfSSFKL8rco6-I3WvEUDXUjLocwg6DgtbFHJ7IsViFCfhALtCgUL4cQ6130cRGWuZEoyUNBjDVkacng\" target=\"_blank\" rel=\"noopener nofollow\"><strong>https:\/\/short.do\/ZnMn1L<\/strong><\/a><\/p>\n<p>\u2022 S\u00e1bado 12 de septiembre \u2013 Valencia, Sala Moon<br \/>Entradas: <a href=\"https:\/\/l.facebook.com\/l.php?u=https%3A%2F%2Fmovingtickets.com%2FEntradas-Saratoga-concierto-Sala-Moon-Valencia%2F%3Ffbclid%3DIwZXh0bgNhZW0CMTAAYnJpZBExMXJiRUxBaHJWbElzYnhsdnNydGMGYXBwX2lkEDIyMjAzOTE3ODgyMDA4OTIAAR5WrmZSqQJF4ucTxdqRgEpHxi4Hllkb-RLWZ97_6RC9-PbSoF7Ce720GJ2T0g_aem_F4K1LoKpeJkLXwjV0tXzRg&amp;h=AT0rAda0--rpo9qwBtiNnCrXOcal45iLv2-7CkHUoVXQiKpp3rt-DN5kDVC8cbxqP5j58yEbPxnVznmBvFB0ehUnHEfaMJrotviJe5NhytkHLoTvQGobZtq7-p-T18tnUr8CZgzGEyXjPgbV&amp;__tn__=-UK-R&amp;c%5b0%5d=AT2utFFZurfJ8xVqBhb0ZEe-hRlNUrQhTHbHWIBSEn-wjalncH5nMBXdnKO2KasataVx736bvVRshSC8cS_sJWLrW8LR4p-A0GTDu7n2DU8XQTbzCfSSFKL8rco6-I3WvEUDXUjLocwg6DgtbFHJ7IsViFCfhALtCgUL4cQ6130cRGWuZEoyUNBjDVkacng\" target=\"_blank\" rel=\"noopener nofollow\"><strong>https:\/\/movingtickets.com\/Entradas-Saratoga-concierto\u2026\/<\/strong><\/a><\/p>\n<p>S\u00e1bado 3 de octubre \u2013 Valladolid, Porta Caeli<br \/>Entradas: <a href=\"https:\/\/movingtickets.com\/Entradas-Saratoga-concierto-Porta-Caeli-Valladolid\/?fbclid=IwZXh0bgNhZW0CMTAAYnJpZBExMXJiRUxBaHJWbElzYnhsdnNydGMGYXBwX2lkEDIyMjAzOTE3ODgyMDA4OTIAAR6PbUrLhPwgnU24oIuIR_tfcUj2TP3PnL6VgjVJ1HMUYsTQQcO3IMZyHEAKWw_aem_poT9Ae9F78fLfHNt1blvRA\" target=\"_blank\" rel=\"noopener nofollow\"><strong>https:\/\/movingtickets.com\/Entradas-Saratoga-concierto\u2026\/<\/strong><\/a><\/p>\n<p>\u2022 S\u00e1bado 10 de octubre \u2013 Tenerife, Sala Aguere Entradas: <a href=\"https:\/\/l.facebook.com\/l.php?u=https%3A%2F%2Fmovingtickets.com%2F%3Ffbclid%3DIwZXh0bgNhZW0CMTAAYnJpZBExMXJiRUxBaHJWbElzYnhsdnNydGMGYXBwX2lkEDIyMjAzOTE3ODgyMDA4OTIAAR5WrmZSqQJF4ucTxdqRgEpHxi4Hllkb-RLWZ97_6RC9-PbSoF7Ce720GJ2T0g_aem_F4K1LoKpeJkLXwjV0tXzRg&amp;h=AT0vUgeMxfmf8zO3Zw-muXXl9YDbqa9oh45NFYQFs3Zz4W7SZ3bJBj6NahpCqtUAWJO6c5t6fytonCNatdzaGo2HPE5VHJmko07E2E8ToepIWvk6i15jVZuozg0L1ANFZelKfWmQkDzLnfBB&amp;__tn__=-UK-R&amp;c%5b0%5d=AT2utFFZurfJ8xVqBhb0ZEe-hRlNUrQhTHbHWIBSEn-wjalncH5nMBXdnKO2KasataVx736bvVRshSC8cS_sJWLrW8LR4p-A0GTDu7n2DU8XQTbzCfSSFKL8rco6-I3WvEUDXUjLocwg6DgtbFHJ7IsViFCfhALtCgUL4cQ6130cRGWuZEoyUNBjDVkacng\" target=\"_blank\" rel=\"noopener nofollow\"><strong>https:\/\/movingtickets.com\/<\/strong><\/a><\/p>\n<p>\u00a0<\/p>\n<p>\u00a0<\/p>\n<p>\u00a0<\/p>\n<p>\u00a0<\/p>\n<p>\u00a0<\/p>\n","protected":false},"excerpt":{"rendered":"\u00a0 \u00a0 SARATOGA agotan entradas en MADRID Esta es la nota oficial: \u00a1MADRID, LO HAB\u00c9IS VUELTO A HACER:&hellip;\n","protected":false},"author":2,"featured_media":312808,"comment_status":"","ping_status":"","sticky":false,"template":"","format":"standard","meta":{"footnotes":""},"categories":[170],"tags":[146,147,25,24,184,185,40578,23],"class_list":{"0":"post-312807","1":"post","2":"type-post","3":"status-publish","4":"format-standard","5":"has-post-thumbnail","7":"category-musica","8":"tag-entertainment","9":"tag-entretenimiento","10":"tag-es","11":"tag-espana","12":"tag-music","13":"tag-musica","14":"tag-saratoga","15":"tag-spain"},"share_on_mastodon":{"url":"https:\/\/pubeurope.com\/@es\/115805250085799604","error":""},"_links":{"self":[{"href":"https:\/\/www.europesays.com\/es\/wp-json\/wp\/v2\/posts\/312807","targetHints":{"allow":["GET"]}}],"collection":[{"href":"https:\/\/www.europesays.com\/es\/wp-json\/wp\/v2\/posts"}],"about":[{"href":"https:\/\/www.europesays.com\/es\/wp-json\/wp\/v2\/types\/post"}],"author":[{"embeddable":true,"href":"https:\/\/www.europesays.com\/es\/wp-json\/wp\/v2\/users\/2"}],"replies":[{"embeddable":true,"href":"https:\/\/www.europesays.com\/es\/wp-json\/wp\/v2\/comments?post=312807"}],"version-history":[{"count":0,"href":"https:\/\/www.europesays.com\/es\/wp-json\/wp\/v2\/posts\/312807\/revisions"}],"wp:featuredmedia":[{"embeddable":true,"href":"https:\/\/www.europesays.com\/es\/wp-json\/wp\/v2\/media\/312808"}],"wp:attachment":[{"href":"https:\/\/www.europesays.com\/es\/wp-json\/wp\/v2\/media?parent=312807"}],"wp:term":[{"taxonomy":"category","embeddable":true,"href":"https:\/\/www.europesays.com\/es\/wp-json\/wp\/v2\/categories?post=312807"},{"taxonomy":"post_tag","embeddable":true,"href":"https:\/\/www.europesays.com\/es\/wp-json\/wp\/v2\/tags?post=312807"}],"curies":[{"name":"wp","href":"https:\/\/api.w.org\/{rel}","templated":true}]}}