{"id":312811,"date":"2025-12-29T22:38:11","date_gmt":"2025-12-29T22:38:11","guid":{"rendered":"https:\/\/www.europesays.com\/es\/312811\/"},"modified":"2025-12-29T22:38:11","modified_gmt":"2025-12-29T22:38:11","slug":"laporta-investigado-por-una-presunta-estafa-en-2016","status":"publish","type":"post","link":"https:\/\/www.europesays.com\/es\/312811\/","title":{"rendered":"Laporta, investigado por una presunta estafa en 2016"},"content":{"rendered":"<p><img fetchpriority=\"high\" class=\"v-a-img\" src=\"https:\/\/www.europesays.com\/es\/wp-content\/uploads\/2025\/12\/laporta-investigado-presunta-estafa-kHJ-U240696040834gLE-1200x840@RC.jpg\" loading=\"eager\" decoding=\"async\" alt=\"Laporta, investigado por una presunta estafa en 2016\"  width=\"1200\" height=\"840\"\/><\/p>\n<p>La imputaci\u00f3n est\u00e1 relacionada con una presunta estafa de 100.000 euros a una inversora mediante dos sociedades a cambio de una rentabilidad de un 6%<\/p>\n<p class=\"v-mdl-ath__p v-mdl-ath__p--6\">\nLunes, 29 de diciembre 2025, 18:15<\/p>\n<p class=\"v-p\">El Juzgado de Instrucci\u00f3n 22 de Barcelona ha citado a declarar como investigado el pr\u00f3ximo 16 de enero al presidente del Barcelona, Joan Laporta, a ra\u00edz de una querella por un presunto delito de estafa ocurrido en 2016, seg\u00fan ha informado el Tribunal Superior de Justicia de Catalu\u00f1a (TSJC) en un comunicado este lunes.<\/p>\n<p class=\"v-p\">La titular del juzgado tambi\u00e9n ha citado como querellados al vicepresidente del club blaugrana, Rafael Yuste, y a otros dos exdirectivos: el economista Xavier Sala i Mart\u00edn y al exdirector general Joan Oliver.<\/p>\n<p class=\"v-p\">Seg\u00fan ha avanzado &#8216;El Peri\u00f3dico&#8217; la imputaci\u00f3n est\u00e1 relacionada con una presunta estafa de 100.000 euros a una inversora mediante dos sociedades vinculadas a los investigados a cambio de una rentabilidad de un 6%, si bien la afectada asegura que s\u00f3lo recuper\u00f3 12.500 euros de la inversi\u00f3n.<\/p>\n<p class=\"v-p\">Inicialmente, la querella se archiv\u00f3, pero un recurso presentado ante la Audiencia de Barcelona oblig\u00f3 a reabrir la causa en noviembre, al entender el tribunal que \u00ablos indicios aportados por la querellante son suficientes para, cuanto menos, iniciar una actividad de investigaci\u00f3n\u00bb.<\/p>\n<p class=\"v-p\">Ahora, la instructora tambi\u00e9n pide que comparezcan en la misma fecha representantes de Core Store y CSSB Limited, dos sociedades con las que presuntamente tienen una vinculaci\u00f3n los investigados y que supuestamente estar\u00edan relacionadas con la inversi\u00f3n.<\/p>\n<p>Reporta un error<\/p>\n","protected":false},"excerpt":{"rendered":"La imputaci\u00f3n est\u00e1 relacionada con una presunta estafa de 100.000 euros a una inversora mediante dos sociedades a&hellip;\n","protected":false},"author":2,"featured_media":312812,"comment_status":"","ping_status":"","sticky":false,"template":"","format":"standard","meta":{"footnotes":""},"categories":[93],"tags":[1381,168,25,24,9701,12549,1737,28446,23,167],"class_list":{"0":"post-312811","1":"post","2":"type-post","3":"status-publish","4":"format-standard","5":"has-post-thumbnail","7":"category-deportes","8":"tag-1381","9":"tag-deportes","10":"tag-es","11":"tag-espana","12":"tag-estafa","13":"tag-investigado","14":"tag-laporta","15":"tag-presunta","16":"tag-spain","17":"tag-sports"},"share_on_mastodon":{"url":"https:\/\/pubeurope.com\/@es\/115805258016517373","error":""},"_links":{"self":[{"href":"https:\/\/www.europesays.com\/es\/wp-json\/wp\/v2\/posts\/312811","targetHints":{"allow":["GET"]}}],"collection":[{"href":"https:\/\/www.europesays.com\/es\/wp-json\/wp\/v2\/posts"}],"about":[{"href":"https:\/\/www.europesays.com\/es\/wp-json\/wp\/v2\/types\/post"}],"author":[{"embeddable":true,"href":"https:\/\/www.europesays.com\/es\/wp-json\/wp\/v2\/users\/2"}],"replies":[{"embeddable":true,"href":"https:\/\/www.europesays.com\/es\/wp-json\/wp\/v2\/comments?post=312811"}],"version-history":[{"count":0,"href":"https:\/\/www.europesays.com\/es\/wp-json\/wp\/v2\/posts\/312811\/revisions"}],"wp:featuredmedia":[{"embeddable":true,"href":"https:\/\/www.europesays.com\/es\/wp-json\/wp\/v2\/media\/312812"}],"wp:attachment":[{"href":"https:\/\/www.europesays.com\/es\/wp-json\/wp\/v2\/media?parent=312811"}],"wp:term":[{"taxonomy":"category","embeddable":true,"href":"https:\/\/www.europesays.com\/es\/wp-json\/wp\/v2\/categories?post=312811"},{"taxonomy":"post_tag","embeddable":true,"href":"https:\/\/www.europesays.com\/es\/wp-json\/wp\/v2\/tags?post=312811"}],"curies":[{"name":"wp","href":"https:\/\/api.w.org\/{rel}","templated":true}]}}