{"id":312821,"date":"2025-12-29T22:43:06","date_gmt":"2025-12-29T22:43:06","guid":{"rendered":"https:\/\/www.europesays.com\/es\/312821\/"},"modified":"2025-12-29T22:43:06","modified_gmt":"2025-12-29T22:43:06","slug":"la-onu-reafirma-la-integridad-territorial-de-somalia-tras-el-reconocimiento-de-somalilandia-por-israel","status":"publish","type":"post","link":"https:\/\/www.europesays.com\/es\/312821\/","title":{"rendered":"La ONU reafirma la integridad territorial de Somalia tras el reconocimiento de Somalilandia por Israel"},"content":{"rendered":"<p>El subsecretario general de la ONU para Medio Oriente y el Pac\u00edfico, Khaled Khiari, habl\u00f3 este lunes al <a href=\"https:\/\/main.un.org\/securitycouncil\/es\" rel=\"nofollow noopener\" target=\"_blank\">Consejo de Seguridad<\/a> sobre el anuncio israel\u00ed de reconocimiento a Somalilandia como Estado independiente, <strong>una decisi\u00f3n que ha provocado un amplio rechazo regional e internacional\u00a0<\/strong>y ha reavivado el debate sobre la soberan\u00eda y la integridad territorial de Somalia.<\/p>\n<p>El <strong>26 de diciembre<\/strong> el primer ministro de Israel, Benjamin Netanyahu, anunci\u00f3 oficialmente el reconocimiento de Somalilandia como Estado soberano. Ese mismo d\u00eda, las autoridades de esa regi\u00f3n somal\u00ed emitieron un comunicado en el que calificaron la decisi\u00f3n como \u201chist\u00f3rica y basada en principios\u201d, asegurando que representa un hito en su b\u00fasqueda de legitimidad internacional. El texto afirm\u00f3 adem\u00e1s que el reconocimiento permitir\u00eda el establecimiento de relaciones diplom\u00e1ticas plenas con Israel y una cooperaci\u00f3n m\u00e1s profunda en diversos sectores.<\/p>\n<p>Khiari se\u00f1al\u00f3 que, al conocer el anuncio, el Gobierno Federal de Somalia reafirm\u00f3 de inmediato su \u201ccompromiso absoluto e innegociable\u201d con su <strong>soberan\u00eda, unidad nacional e integridad territorial<\/strong>, principios consagrados en su Constituci\u00f3n provisional, en la <a href=\"https:\/\/www.un.org\/es\/about-us\/un-charter\" rel=\"nofollow noopener\" target=\"_blank\">Carta de las Naciones Unidas<\/a> y en el Acta Constitutiva de la Uni\u00f3n Africana.\u00a0<\/p>\n<p>Ataque deliberado\u00a0<\/p>\n<p>Somalia rechaz\u00f3 de forma \u201ccateg\u00f3rica e inequ\u00edvoca\u201d lo que <strong>calific\u00f3 como un ataque deliberado contra su soberan\u00eda<\/strong> y subray\u00f3 que ning\u00fan actor externo tiene autoridad para alterar su unidad o configuraci\u00f3n territorial, indic\u00f3 Khiari.<\/p>\n<p>El Gobierno somal\u00ed sostuvo que cualquier declaraci\u00f3n o reconocimiento que intente socavar esta realidad es <strong>\u201cnulo y sin efecto legal o pol\u00edtico<\/strong>\u201d conforme al derecho internacional.\u00a0<\/p>\n<p>Asimismo, advirti\u00f3 que <strong>no permitir\u00e1 el establecimiento de bases militares extranjeras<\/strong> ni acuerdos que puedan arrastrar al pa\u00eds a conflictos indirectos o importar tensiones regionales e internacionales, alertando de que tales acciones ponen en riesgo la paz y la estabilidad de la regi\u00f3n.<\/p>\n<p>El 27 de diciembre, una sesi\u00f3n conjunta de las dos c\u00e1maras del <strong>Parlamento somal\u00ed conden\u00f3 tambi\u00e9n el reconocimiento israel\u00ed,<\/strong> al que calific\u00f3 de \u201cilegal\u201d, reiterando que carece de base jur\u00eddica y no tiene efectos en el plano internacional.<\/p>\n<p>Reacciones en la regi\u00f3n y m\u00e1s all\u00e1<\/p>\n<p>Khiari se\u00f1al\u00f3 que el anuncio de Israel gener\u00f3 reacciones en la regi\u00f3n y m\u00e1s all\u00e1 de ella: <strong>Egipto, Jordania, Yibuti, Arabia Saudita y Turqu\u00eda<\/strong>, entre otros pa\u00edses, expresaron su rechazo. Tambi\u00e9n hubo una declaraci\u00f3n conjunta de 20 pa\u00edses de Medio Oriente y \u00c1frica contra dicho reconocimiento.<\/p>\n<p>Organismos regionales e internacionales -como la <strong>Liga \u00c1rabe, la Comunidad de \u00c1frica Oriental, la Organizaci\u00f3n de Cooperaci\u00f3n Isl\u00e1mica y la Uni\u00f3n Europea<\/strong>&#8211; reafirmaron la importancia de respetar la unidad, soberan\u00eda e integridad territorial de Somalia. La Comisi\u00f3n de la Uni\u00f3n Africana reiter\u00f3 su compromiso inquebrantable con estos principios y advirti\u00f3 que cualquier intento de socavarlos sienta un precedente peligroso para la estabilidad del continente.<\/p>\n<p>Respeto a la soberan\u00eda<\/p>\n<p>\u201cEl <strong>Consejo de Seguridad ha reafirmado en repetidas ocasiones el respeto a la soberan\u00eda<\/strong>, integridad territorial, independencia pol\u00edtica y unidad de Somalia\u201d, record\u00f3 Khiari, y cit\u00f3 la reciente resoluci\u00f3n del 23 de diciembre pasado.<\/p>\n<p>Para concluir, el diplom\u00e1tico llam\u00f3 al gobierno de Somalia y las autoridades de Somalilandia a<strong> emprender un di\u00e1logo pac\u00edfico y constructivo<\/strong>, en l\u00ednea con el Comunicado de Yibuti de 2023, y a abstenerse de acciones que puedan agravar la situaci\u00f3n.<\/p>\n","protected":false},"excerpt":{"rendered":"El subsecretario general de la ONU para Medio Oriente y el Pac\u00edfico, Khaled Khiari, habl\u00f3 este lunes al&hellip;\n","protected":false},"author":2,"featured_media":312822,"comment_status":"","ping_status":"","sticky":false,"template":"","format":"standard","meta":{"footnotes":""},"categories":[42],"tags":[17,18,13,14,11,61,62,63,64,19,20,9,10,15,16,12,21,22,65,66,67],"class_list":{"0":"post-312821","1":"post","2":"type-post","3":"status-publish","4":"format-standard","5":"has-post-thumbnail","7":"category-internacional","8":"tag-breaking-news","9":"tag-breakingnews","10":"tag-featured-news","11":"tag-featurednews","12":"tag-headlines","13":"tag-internacional","14":"tag-international","15":"tag-international-news","16":"tag-internationalnews","17":"tag-latest-news","18":"tag-latestnews","19":"tag-news","20":"tag-noticias","21":"tag-noticias-destacadas","22":"tag-noticiasdestacadas","23":"tag-titulares","24":"tag-ultimas-noticias","25":"tag-ultimasnoticias","26":"tag-world","27":"tag-world-news","28":"tag-worldnews"},"share_on_mastodon":{"url":"https:\/\/pubeurope.com\/@es\/115805277697780096","error":""},"_links":{"self":[{"href":"https:\/\/www.europesays.com\/es\/wp-json\/wp\/v2\/posts\/312821","targetHints":{"allow":["GET"]}}],"collection":[{"href":"https:\/\/www.europesays.com\/es\/wp-json\/wp\/v2\/posts"}],"about":[{"href":"https:\/\/www.europesays.com\/es\/wp-json\/wp\/v2\/types\/post"}],"author":[{"embeddable":true,"href":"https:\/\/www.europesays.com\/es\/wp-json\/wp\/v2\/users\/2"}],"replies":[{"embeddable":true,"href":"https:\/\/www.europesays.com\/es\/wp-json\/wp\/v2\/comments?post=312821"}],"version-history":[{"count":0,"href":"https:\/\/www.europesays.com\/es\/wp-json\/wp\/v2\/posts\/312821\/revisions"}],"wp:featuredmedia":[{"embeddable":true,"href":"https:\/\/www.europesays.com\/es\/wp-json\/wp\/v2\/media\/312822"}],"wp:attachment":[{"href":"https:\/\/www.europesays.com\/es\/wp-json\/wp\/v2\/media?parent=312821"}],"wp:term":[{"taxonomy":"category","embeddable":true,"href":"https:\/\/www.europesays.com\/es\/wp-json\/wp\/v2\/categories?post=312821"},{"taxonomy":"post_tag","embeddable":true,"href":"https:\/\/www.europesays.com\/es\/wp-json\/wp\/v2\/tags?post=312821"}],"curies":[{"name":"wp","href":"https:\/\/api.w.org\/{rel}","templated":true}]}}