{"id":312842,"date":"2025-12-29T23:01:08","date_gmt":"2025-12-29T23:01:08","guid":{"rendered":"https:\/\/www.europesays.com\/es\/312842\/"},"modified":"2025-12-29T23:01:08","modified_gmt":"2025-12-29T23:01:08","slug":"isco-operado-satisfactoriamente-inicia-su-nuevo-periodo-de-recuperacion","status":"publish","type":"post","link":"https:\/\/www.europesays.com\/es\/312842\/","title":{"rendered":"Isco, operado satisfactoriamente, inicia su nuevo periodo de recuperaci\u00f3n"},"content":{"rendered":"<p style=\"\"><strong>Isco Alarc\u00f3n<\/strong> ha pasado este lunes por el quir\u00f3fano en Madrid para someterse a una <strong>artroscopia<\/strong> con el fin de corregir la lesi\u00f3n intraarticular en la zona del cart\u00edlago de su <strong>tobillo<\/strong> que se produjo el pasado 27 de noviembre tras un  &#8230; duro choque con su compa\u00f1ero Sofyan <strong>Amrabat<\/strong> en el partido de la Europa League ante el Utrecht.<\/p>\n<p class=\"voc-p\" style=\"\">La intervenci\u00f3n se ha desarrollado <strong>con normalidad<\/strong> por parte del prestigioso <strong>doctor Manuel Leye<\/strong>s y el futbolista malague\u00f1o inicia desde ya su periodo de recuperaci\u00f3n. El Betis ha emitido el siguiente <strong>parte m\u00e9dico<\/strong>: \u00abIsco Alarc\u00f3n se ha sometido en la tarde de hoy a una artroscopia en su tobillo derecho. Inicialmente, el jugador sigui\u00f3 un tratamiento conservador con infiltraciones de factores de crecimiento. Sin embargo, tal como estaba previsto en caso de evoluci\u00f3n negativa, el jugador junto al doctor Leyes y los servicios m\u00e9dicos del Real Betis han decidido de forma consensuada <strong>adelantar el proceso terap\u00e9utico<\/strong> y realizar en el d\u00eda de hoy una <strong>limpieza articular<\/strong> en la zona afectada\u00bb.<\/p>\n<p class=\"voc-p\" style=\"\">El plazo de recuperaci\u00f3n depender\u00e1 de su evoluci\u00f3n, a\u00f1ade el club en la nota. En cualquier caso, Isco estar\u00e1 <strong>como m\u00ednimo otro mes de baja<\/strong>, a sumar al que ya lleva sin entrenar junto a sus compa\u00f1eros desde el desafortunado lance con Amrabat.<\/p>\n<p class=\"voc-p\" style=\"\">Isco Alarc\u00f3n, emblema del Betis, apenas ha podido disputar <strong>39 minutos<\/strong> oficiales en todo lo que va de <strong>temporada 2025-26<\/strong>. Jug\u00f3 los nueve minutos que estuvo en el c\u00e9sped frente al Utrecht en la Europa League antes de marcharse lesionado y media hora en LaLiga frente al Girona, donde el club anunci\u00f3 su renovaci\u00f3n hasta 2028.<\/p>\n","protected":false},"excerpt":{"rendered":"Isco Alarc\u00f3n ha pasado este lunes por el quir\u00f3fano en Madrid para someterse a una artroscopia con el&hellip;\n","protected":false},"author":2,"featured_media":312843,"comment_status":"","ping_status":"","sticky":false,"template":"","format":"standard","meta":{"footnotes":""},"categories":[93],"tags":[168,25,24,6683,18527,524,20935,21123,10896,73447,23,167],"class_list":{"0":"post-312842","1":"post","2":"type-post","3":"status-publish","4":"format-standard","5":"has-post-thumbnail","7":"category-deportes","8":"tag-deportes","9":"tag-es","10":"tag-espana","11":"tag-inicia","12":"tag-isco","13":"tag-nuevo","14":"tag-operado","15":"tag-periodo","16":"tag-recuperacion","17":"tag-satisfactoriamente","18":"tag-spain","19":"tag-sports"},"share_on_mastodon":{"url":"https:\/\/pubeurope.com\/@es\/115805348417927463","error":""},"_links":{"self":[{"href":"https:\/\/www.europesays.com\/es\/wp-json\/wp\/v2\/posts\/312842","targetHints":{"allow":["GET"]}}],"collection":[{"href":"https:\/\/www.europesays.com\/es\/wp-json\/wp\/v2\/posts"}],"about":[{"href":"https:\/\/www.europesays.com\/es\/wp-json\/wp\/v2\/types\/post"}],"author":[{"embeddable":true,"href":"https:\/\/www.europesays.com\/es\/wp-json\/wp\/v2\/users\/2"}],"replies":[{"embeddable":true,"href":"https:\/\/www.europesays.com\/es\/wp-json\/wp\/v2\/comments?post=312842"}],"version-history":[{"count":0,"href":"https:\/\/www.europesays.com\/es\/wp-json\/wp\/v2\/posts\/312842\/revisions"}],"wp:featuredmedia":[{"embeddable":true,"href":"https:\/\/www.europesays.com\/es\/wp-json\/wp\/v2\/media\/312843"}],"wp:attachment":[{"href":"https:\/\/www.europesays.com\/es\/wp-json\/wp\/v2\/media?parent=312842"}],"wp:term":[{"taxonomy":"category","embeddable":true,"href":"https:\/\/www.europesays.com\/es\/wp-json\/wp\/v2\/categories?post=312842"},{"taxonomy":"post_tag","embeddable":true,"href":"https:\/\/www.europesays.com\/es\/wp-json\/wp\/v2\/tags?post=312842"}],"curies":[{"name":"wp","href":"https:\/\/api.w.org\/{rel}","templated":true}]}}