{"id":312846,"date":"2025-12-29T23:03:33","date_gmt":"2025-12-29T23:03:33","guid":{"rendered":"https:\/\/www.europesays.com\/es\/312846\/"},"modified":"2025-12-29T23:03:33","modified_gmt":"2025-12-29T23:03:33","slug":"solo-necesitas-una-diadema-de-terciopelo-para-ir-bien-peinada","status":"publish","type":"post","link":"https:\/\/www.europesays.com\/es\/312846\/","title":{"rendered":"Solo necesitas una diadema de terciopelo para ir bien peinada"},"content":{"rendered":"<p>No hay nada como <a href=\"https:\/\/www.glamour.es\/articulos\/formas-llevar-accesorios-pelo-copenhague\" rel=\"nofollow noopener\" target=\"_blank\"><strong>un accesorio para el pelo<\/strong><\/a> a la hora de resolver un bad hair day. <a href=\"https:\/\/www.glamour.es\/articulos\/las-mejores-tendencias-del-2025\" rel=\"nofollow noopener\" target=\"_blank\"><strong>Los pa\u00f1uelos tri\u00e1ngulo han sido una de las tendencias preferidas de 2025<\/strong><\/a>, las gorras combinadas con abrigos est\u00e1n por todas partes, los coleteros siguen m\u00e1s vivos que nunca \u00a1y qu\u00e9 decir de los lazos para el pelo! Estos \u00faltimos se han convertido en el accesorio m\u00e1s apreciado por las mujeres de la familia real brit\u00e1nica: <strong><a href=\"https:\/\/www.glamour.es\/articulos\/kate-middleton-lazo-peinados-de-navidad\" rel=\"nofollow noopener\" target=\"_blank\">Kate Middleton y su hija Charlotte, que los llevan a juego<\/a>.<\/strong> Pero hay vida m\u00e1s all\u00e1 de los lazos y la prueba de ello es Harriet Sperling, la prometida del hijo de la princesa Ana.<\/p>\n<p>Las navidades siguen su curso en Sandringham. Si el d\u00eda 25 pudimos ver a la familia real brit\u00e1nica en la tradicional misa de Navidad (donde <a href=\"https:\/\/www.glamour.es\/articulos\/lady-louise-windsor-royal-mejor-peinada-navidad\" rel=\"nofollow noopener\" target=\"_blank\"><strong>destac\u00f3 el cabello rizado de Lady Louise<\/strong><\/a>), el domingo tambi\u00e9n pudimos ver al rey Carlos en la misa que se celebr\u00f3 en la iglesia de Santa Mar\u00eda Magdalena, acompa\u00f1ado por varios miembros de su familia. Entre ellos estaban su hermana, la princesa Ana, y su hijo, Peter Phillips que estuvo acompa\u00f1ado por su prometida, <strong>Harriet Sperling.<\/strong><\/p>\n<p>Harriet Sperling es una enfermera pedi\u00e1trica que, poco a poco, va ganando presencia en las apariciones de la familia real como futura esposa del sobrino del rey Carlos. Discreta y sencilla, cada una de sus apariciones destaca por su estilo elegante. Para esta ocasi\u00f3n, escogi\u00f3 <strong>un traje de chaqueta y falda larga con estampado de pata de gallo,<\/strong> con detalles en terciopelo color burdeos en el cuello, los pu\u00f1os y los bolsillos. Pero volviendo al tema en el que nos centramos, tenemos que alabar, por encima de todas las cosas, <a href=\"https:\/\/www.glamour.es\/galerias\/diademas-pelo-reina-letizia\" rel=\"nofollow noopener\" target=\"_blank\"><strong>la diadema de terciopelo azul<\/strong><\/a> con la que coron\u00f3 el conjunto.<\/p>\n<p><img decoding=\"async\" alt=\"Harriet Sperling y su prometido Peter Phillips.\" loading=\"lazy\" class=\"ResponsiveImageContainer-eNxvmU cfBbTk responsive-image__image\"   src=\"https:\/\/www.europesays.com\/es\/wp-content\/uploads\/2025\/12\/GettyImages-2253035257.jpg\"\/><\/p>\n<p>Harriet Sperling y su prometido, Peter Phillips.Joe Giddens &#8211; PA Images\/Getty Images<\/p>\n","protected":false},"excerpt":{"rendered":"No hay nada como un accesorio para el pelo a la hora de resolver un bad hair day.&hellip;\n","protected":false},"author":2,"featured_media":312847,"comment_status":"","ping_status":"","sticky":false,"template":"","format":"standard","meta":{"footnotes":""},"categories":[91],"tags":[16885,146,147,25,24,19162,23],"class_list":{"0":"post-312846","1":"post","2":"type-post","3":"status-publish","4":"format-standard","5":"has-post-thumbnail","7":"category-entretenimiento","8":"tag-cabello","9":"tag-entertainment","10":"tag-entretenimiento","11":"tag-es","12":"tag-espana","13":"tag-peinados","14":"tag-spain"},"share_on_mastodon":{"url":"https:\/\/pubeurope.com\/@es\/115805356329768031","error":""},"_links":{"self":[{"href":"https:\/\/www.europesays.com\/es\/wp-json\/wp\/v2\/posts\/312846","targetHints":{"allow":["GET"]}}],"collection":[{"href":"https:\/\/www.europesays.com\/es\/wp-json\/wp\/v2\/posts"}],"about":[{"href":"https:\/\/www.europesays.com\/es\/wp-json\/wp\/v2\/types\/post"}],"author":[{"embeddable":true,"href":"https:\/\/www.europesays.com\/es\/wp-json\/wp\/v2\/users\/2"}],"replies":[{"embeddable":true,"href":"https:\/\/www.europesays.com\/es\/wp-json\/wp\/v2\/comments?post=312846"}],"version-history":[{"count":0,"href":"https:\/\/www.europesays.com\/es\/wp-json\/wp\/v2\/posts\/312846\/revisions"}],"wp:featuredmedia":[{"embeddable":true,"href":"https:\/\/www.europesays.com\/es\/wp-json\/wp\/v2\/media\/312847"}],"wp:attachment":[{"href":"https:\/\/www.europesays.com\/es\/wp-json\/wp\/v2\/media?parent=312846"}],"wp:term":[{"taxonomy":"category","embeddable":true,"href":"https:\/\/www.europesays.com\/es\/wp-json\/wp\/v2\/categories?post=312846"},{"taxonomy":"post_tag","embeddable":true,"href":"https:\/\/www.europesays.com\/es\/wp-json\/wp\/v2\/tags?post=312846"}],"curies":[{"name":"wp","href":"https:\/\/api.w.org\/{rel}","templated":true}]}}