{"id":312854,"date":"2025-12-29T23:07:11","date_gmt":"2025-12-29T23:07:11","guid":{"rendered":"https:\/\/www.europesays.com\/es\/312854\/"},"modified":"2025-12-29T23:07:11","modified_gmt":"2025-12-29T23:07:11","slug":"el-influencer-y-pediatra-jorge-garcia-dihinx-y-su-pareja-dos-de-los-tres-muertos-por-el-alud-de-panticosa","status":"publish","type":"post","link":"https:\/\/www.europesays.com\/es\/312854\/","title":{"rendered":"El \u201cinfluencer\u201d y pediatra Jorge Garc\u00eda Dihinx y su pareja, dos de los tres muertos por el alud de Panticosa"},"content":{"rendered":"<p>La tragedia ocurrida este lunes en el Pirineo aragon\u00e9s deja tres nombres, entre ellos los del pediatra del Hospital San Jorge de Huesca <strong>Jorge Garc\u00eda Dihinx<\/strong> de 55 a\u00f1os y su pareja, <strong>Natalia Ram\u00f3n<\/strong>, dos de las tres personas que perdieron la vida en el alud que se ha producido en la cara oeste del pico Tablato, en la zona del Balneario de Panticosa (Huesca), tal y como ha adelantado El Heraldo y ha podido confirmar El Independiente. Los tres formaban parte de un grupo de seis monta\u00f1eros procedentes del Pa\u00eds Vasco que practicaban esqu\u00ed de monta\u00f1a cuando fueron sorprendidos por la avalancha.<\/p>\n<p>Jorge Garc\u00eda Dihinx era <strong>pediatra<\/strong> en el Hospital San Jorge de Huesca y un conocido <strong>divulgador<\/strong> sobre salud y monta\u00f1a. Adem\u00e1s de su labor cl\u00ednica, era autor del blog \u2018La meteo que viene\u2019, donde combinaba su pasi\u00f3n por el Pirineo con consejos sobre esqu\u00ed de monta\u00f1a y seguridad en alta monta\u00f1a. Su muerte ha conmocionado a sus seguidores en las redes sociales, que destacan su entusiasmo por la naturaleza y su compromiso con la divulgaci\u00f3n cient\u00edfica.<\/p>\n<p>Jorge tambi\u00e9n participaba en charlas y actividades formativas sobre h\u00e1bitos saludables y nutrici\u00f3n infantil, combinando su vocaci\u00f3n profesional con su amor por la monta\u00f1a. Adem\u00e1s, en las redes sociales era muy conocido por su difusi\u00f3n del deporte y la alimentaci\u00f3n sana. En su perfil de Instagram &#8216;jorgegarciadihinx&#8217; figuran 1.948 publicaciones y 371.000 seguidores.<\/p>\n<p>El tercer fallecido es un hombre de 48 a\u00f1os procedente de Irun (Guip\u00fazcoa) seg\u00fan han confirmado fuentes de la Guardia Civil a El Independiente. Los cuerpos han sido trasladados por los servicios funerarios al Instituto de Medicina Legal de la Localidad de Zaragoza.<\/p>\n<p>La rotura de una placa de nieve<\/p>\n<p>El alud se desencaden\u00f3 a una altitud de entre 2.600 y 2.700 metros tras la rotura de una placa de nieve que<strong> arrastr\u00f3 al grupo ladera abajo<\/strong>. Como consecuencia del accidente, fallecieron dos hombres y una mujer. Otra mujer result\u00f3 herida leve, mientras que las dos personas restantes consiguieron salir por su propio pie, seg\u00fan han confirmado fuentes de la Guardia Civil.<\/p>\n<p>La zona afectada es <strong>muy frecuentada por aficionados al esqu\u00ed de monta\u00f1a y traves\u00eda<\/strong>, con pendientes pronunciadas que elevan el riesgo en caso de placas de nieve inestables. De hecho, ese d\u00eda la Agencia Estatal de Meteorolog\u00eda (Aemet) hab\u00eda fijado un riesgo de aludes nivel 2 sobre 5, lo que indica una probabilidad limitada pero no despreciable de deslizamientos en zonas concretas.<\/p>\n<p>Seg\u00fan ha explicado el director general de Interior del Gobierno de Arag\u00f3n, <strong>Miguel \u00c1ngel Clavero<\/strong>, la mujer herida qued\u00f3 semienterrada, lo que permiti\u00f3 su localizaci\u00f3n y rescate. La afectada fue evacuada al Hospital San Jorge de Huesca. El aviso del suceso se produjo alrededor de las 13:00 horas a trav\u00e9s del 112 Arag\u00f3n, activando a los Grupos de Rescate e Intervenci\u00f3n en Monta\u00f1a (GREIM) de Jaca y Panticosa, as\u00ed como a la unidad a\u00e9rea de la Guardia Civil y personal sanitario del 061.<\/p>\n<p>Los equipos de rescate han encontrado esta tarde<strong> los cuerpos sin vida de estas tres personas<\/strong>. La operaci\u00f3n se complic\u00f3 por las condiciones adversas de monta\u00f1a, con nieve profunda y pendientes pronunciadas, que dificultaron las labores de rescate y estabilizaci\u00f3n de la zona afectada.<\/p>\n<p>Reacciones pol\u00edticas<\/p>\n<p>La magnitud del suceso ha provocado reacciones pol\u00edticas. El presidente del Gobierno de Arag\u00f3n, J<strong>orge Azc\u00f3n<\/strong>, ha cancelado su agenda para desplazarse a Panticosa, donde tambi\u00e9n se moviliz\u00f3 el delegado del Gobierno en Arag\u00f3n, Fernando Beltr\u00e1n, y el consejero de Hacienda e Interior, Roberto Berm\u00fadez de Castro.<\/p>\n<p>Asimismo, la ex ministra <strong>Pilar Alegr\u00eda<\/strong> se ha pronunciado a trav\u00e9s de X (antes Twitter), donde tambi\u00e9n ha anunciado la cancelaci\u00f3n de su agenda de precampa\u00f1a para desplazarse hasta la zona. En su mensaje, expres\u00f3 su \u201ccari\u00f1o a las familias de los afectados por el alud\u201d y su \u201creconocimiento a los servicios de rescate y emergencias\u201d, adem\u00e1s de advertir de \u201cmucha precauci\u00f3n estos d\u00edas en la monta\u00f1a\u201d.<\/p>\n<p>El l\u00edder del PP, <strong>Alberto N\u00fa\u00f1ez Feij\u00f3o<\/strong>, ha trasladado su apoyo a los familiares de los tres esquiadores. \u00abSeguimos con preocupaci\u00f3n las noticias sobre el alud que se ha producido en Panticosa, en Huesca\u00bb, ha se\u00f1alado en un mensaje que ha publicado en la red social &#8216;X&#8217;.<\/p>\n<p>            <a class=\"articulo-relacionado__media\" href=\"https:\/\/www.elindependiente.com\/sociedad\/sucesos\/2025\/12\/29\/un-alud-atrapa-a-varias-personas-en-las-inmediaciones-del-balneario-de-panticosa-huesca\/\" title=\"Los muertos por el alud del Balneario de Panticosa pertenec\u00edan a un grupo de monta\u00f1a del Pa\u00eds Vasco\" rel=\"nofollow noopener\" target=\"_blank\"><\/p>\n<p>                <img loading=\"lazy\" decoding=\"async\" src=\"data:image\/svg+xml,%3Csvg%20xmlns=\" http:=\"\" width=\"390\" height=\"220\" alt=\"Los muertos por el alud del Balneario de Panticosa pertenec\u00edan a un grupo de monta\u00f1a del Pa\u00eds Vasco\" data-lazy-src=\"https:\/\/www.europesays.com\/es\/wp-content\/uploads\/2025\/12\/e9b1ba80ad553376425ddd02a93d897a06500d65w-390x220.jpg\"\/><\/p>\n<p>\t\t\t            <\/a><\/p>\n<p>PUBLICIDAD<\/p>\n","protected":false},"excerpt":{"rendered":"La tragedia ocurrida este lunes en el Pirineo aragon\u00e9s deja tres nombres, entre ellos los del pediatra del&hellip;\n","protected":false},"author":2,"featured_media":312855,"comment_status":"","ping_status":"","sticky":false,"template":"","format":"standard","meta":{"footnotes":""},"categories":[8],"tags":[4499,17,18,25,24,13,14,1160,11,19,20,14340,9,10,15,16,23,12,21,22],"class_list":{"0":"post-312854","1":"post","2":"type-post","3":"status-publish","4":"format-standard","5":"has-post-thumbnail","7":"category-espana","8":"tag-aragon","9":"tag-breaking-news","10":"tag-breakingnews","11":"tag-es","12":"tag-espana","13":"tag-featured-news","14":"tag-featurednews","15":"tag-guardia-civil","16":"tag-headlines","17":"tag-latest-news","18":"tag-latestnews","19":"tag-ministerio-del-interior","20":"tag-news","21":"tag-noticias","22":"tag-noticias-destacadas","23":"tag-noticiasdestacadas","24":"tag-spain","25":"tag-titulares","26":"tag-ultimas-noticias","27":"tag-ultimasnoticias"},"share_on_mastodon":{"url":"https:\/\/pubeurope.com\/@es\/115805371961477291","error":""},"_links":{"self":[{"href":"https:\/\/www.europesays.com\/es\/wp-json\/wp\/v2\/posts\/312854","targetHints":{"allow":["GET"]}}],"collection":[{"href":"https:\/\/www.europesays.com\/es\/wp-json\/wp\/v2\/posts"}],"about":[{"href":"https:\/\/www.europesays.com\/es\/wp-json\/wp\/v2\/types\/post"}],"author":[{"embeddable":true,"href":"https:\/\/www.europesays.com\/es\/wp-json\/wp\/v2\/users\/2"}],"replies":[{"embeddable":true,"href":"https:\/\/www.europesays.com\/es\/wp-json\/wp\/v2\/comments?post=312854"}],"version-history":[{"count":0,"href":"https:\/\/www.europesays.com\/es\/wp-json\/wp\/v2\/posts\/312854\/revisions"}],"wp:featuredmedia":[{"embeddable":true,"href":"https:\/\/www.europesays.com\/es\/wp-json\/wp\/v2\/media\/312855"}],"wp:attachment":[{"href":"https:\/\/www.europesays.com\/es\/wp-json\/wp\/v2\/media?parent=312854"}],"wp:term":[{"taxonomy":"category","embeddable":true,"href":"https:\/\/www.europesays.com\/es\/wp-json\/wp\/v2\/categories?post=312854"},{"taxonomy":"post_tag","embeddable":true,"href":"https:\/\/www.europesays.com\/es\/wp-json\/wp\/v2\/tags?post=312854"}],"curies":[{"name":"wp","href":"https:\/\/api.w.org\/{rel}","templated":true}]}}