{"id":312885,"date":"2025-12-29T23:31:32","date_gmt":"2025-12-29T23:31:32","guid":{"rendered":"https:\/\/www.europesays.com\/es\/312885\/"},"modified":"2025-12-29T23:31:32","modified_gmt":"2025-12-29T23:31:32","slug":"el-gobierno-exige-que-feijoo-entregue-los-mensajes-a-mazon","status":"publish","type":"post","link":"https:\/\/www.europesays.com\/es\/312885\/","title":{"rendered":"el Gobierno exige que Feij\u00f3o entregue los mensajes a Maz\u00f3n"},"content":{"rendered":"<p>El Gobierno ha exigido de nuevo este lunes al l\u00edder del PP, <strong>Alberto N\u00fa\u00f1ez Feij\u00f3o<\/strong>, que dimita por \u00ab<strong>mentir<\/strong>\u00bb sobre la conversaci\u00f3n que mantuvo con el expresident de la Comunidad Valenciana, <strong>Carlos Maz\u00f3n<\/strong>, durante la <strong>dana<\/strong> del 29 de octubre de 2024 y que entregue a la jueza que investiga la gesti\u00f3n de la emergencia todos los mensajes, y no solo los que le envi\u00f3 el entonces president, sino tambi\u00e9n los que le mand\u00f3. As\u00ed lo ha asegurado la ministra de Ciencia, Innovaci\u00f3n y Universidades y secretaria general del PSPV-PSOE, <strong>Diana Morant<\/strong>, que ha insistido en volver a pedir <strong>elecciones<\/strong> anticipadas en esta comunidad aut\u00f3noma. <\/p>\n<p>Feij\u00f3o ha hecho balance de 2025 en una rueda de prensa desde la sede del partido, en la que el l\u00edder del PP ha asegurado haber entregado a la jueza lo que le pidi\u00f3 y que si se lo pide le dar\u00e1 la conversaci\u00f3n completa, como as\u00ed ha hecho precisamente este lunes la instructora de la causa, en la que se investiga la gesti\u00f3n de la emergencia que dej\u00f3 230 v\u00edctimas mortales solo en la provincia de Valencia. <\/p>\n<p>El l\u00edder del PP ha criticado que el Gobierno pida su dimisi\u00f3n al considerar que hab\u00eda \u00abmentido\u00bb por asegurar que Maz\u00f3n le hab\u00eda informado a \u00abtiempo real\u00bb sobre la situaci\u00f3n durante la dana. \u00ab\u00bfPor qu\u00e9 tengo que dimitir? \u00bfPor decir la verdad? \u00bfPor  colaborar con la jueza? \u00bfPor entregar voluntariamente todo lo que la  jueza me ha pedido?\u00bb, ha exclamado, para a\u00f1adir que \u00abesto parece una broma\u00bb. <\/p>\n<p>\u00abSeguramente si conoci\u00e9ramos los detalles de instrucci\u00f3n, la conversaci\u00f3n en la direcci\u00f3n de Feij\u00f3o, Maz\u00f3n estar\u00eda en peor lugar del que est\u00e1 a d\u00eda de hoy que desde luego es la de mentiroso para los valencianos\u00bb, ha se\u00f1alado la ministra que tambi\u00e9n ha vuelto a pedir elecciones anticipadas, como en Extremadura y en Arag\u00f3n.  <\/p>\n<p>Morant ha advertido de que \u00abno existe ning\u00fan auto que le haya impedido decir la verdad durante 14 meses\u00bb y que podr\u00eda haber \u00abcontado la verdad, en vez de escoger mentir\u00bb. <\/p>\n<p>Torres:  \u00abEspero que podamos conocer los mensajes que envi\u00f3 Feij\u00f3o a Maz\u00f3n\u00bb<\/p>\n<p>Tambi\u00e9n el ministro de Pol\u00edtica Territorial y Memoria Democr\u00e1tica, <strong>\u00c1ngel V\u00edctor Torres<\/strong>, ha recordado este lunes que Feij\u00f3o dijo que estaba \u00abinformado a tiempo real\u00bb desde el lunes, y la <strong>dana<\/strong> ocurri\u00f3 el martes, y dijo que \u00abnadie del Gobierno de Espa\u00f1a les hab\u00eda informado\u00bb y sin embargo, han salido \u00ablos Whatsapp en los que Maz\u00f3n reconoce haber hablado\u00bb con varios ministros). \u00abEspero que podamos conocer los mensajes que envi\u00f3 Feijoo a Maz\u00f3n el d\u00eda de la dana, es de justicia poder saberlo\u00bb, ha se\u00f1alado.<\/p>\n<p>Torres ha criticado el balance del a\u00f1o que ha hecho Feij\u00f3o, al que ha acusado de <strong>rayar el racismo<\/strong> y de parecerse cada vez m\u00e1s al l\u00edder de Vox, Santiago Abascal. \u00abSolo le faltaba hoy la barba para parecerse todav\u00eda m\u00e1s a Abascal y a Vox. Ha comprado las tesis de la ultraderecha por supervivencia y temor, temor a lo que acaba de pasar en Extremadura\u00bb, ha dicho Torres en alusi\u00f3n a los resultados de estas elecciones auton\u00f3micas, donde ha ganado el PP aunque necesitar\u00e1 de Vox para gobernar.<\/p>\n<p>En una rueda de prensa en la que tambi\u00e9n ha hecho balance de su gesti\u00f3n como ministro en 2025, Torres se ha referido tambi\u00e9n al balance que ha hecho este mismo lunes Feij\u00f3o, al que ha reprochado que haya vinculado la \u00abfalta limpieza y regeneraci\u00f3n\u00bb con el fen\u00f3meno migratorio. En su opini\u00f3n, este discurso \u00abraya el racismo, la xenofobia y el aplastamiento de los derechos humanos\u00bb, y cree adem\u00e1s que es el propio Feij\u00f3o, y no el Gobierno, el que est\u00e1 haciendo crecer a la \u00abultraderecha\u00bb. <\/p>\n<p>Por otro lado, ha criticado al l\u00edder del PP por no haber hecho \u00abni una sola propuesta constructiva\u00bb, considera que en lo que dice Feij\u00f3o \u00abtodo es destrucci\u00f3n, todo es negaci\u00f3n, todo es ataque al Gobierno de Espa\u00f1a\u00bb, ha a\u00f1adido.<\/p>\n<p>La \u00ab\u00fanica obsesi\u00f3n\u00bb de Feij\u00f3o es \u00abderrotar al Gobierno\u00bb de Pedro S\u00e1nchez y acabar \u00e9l como presidente, pero le ha advertido de que los presidentes se eligen por mayor\u00edas parlamentarias y no son \u00abcaprichos personales\u00bb.<\/p>\n<p>Tambi\u00e9n la ministra de Defensa, <strong>Margarita Robles<\/strong>, ha cargado este lunes contra Feij\u00f3o, al que ha exigido que se disculpe por haber \u00abmentido\u00bb sobre el despliegue de la Unidad Militar de Emergencias (UME) el d\u00eda de la dana. Entrevistada en La hora de La 1, la ministra le ha preguntado \u00ab\u00bfpor qu\u00e9 no dice la verdad?\u00bb, despu\u00e9s de que los mensajes de Whatsapp que el propio l\u00edder del PP remiti\u00f3 a la jueza revelaran que el entonces president de la Generalitat Valenciana <strong>Carlos Maz\u00f3n<\/strong> le inform\u00f3 ese mismo d\u00eda del env\u00edo de militares.<\/p>\n<p>Desde su cuenta en la red social X, el ministro de la Presidencia, Justicia y Relaciones con las Cortes, <strong>F\u00e9lix Bola\u00f1os<\/strong>, ha considerado que el balance de Feij\u00f3o pasar\u00e1 a la historia del \u00abcatastrofismo apocal\u00edptico\u00bb. \u00abLe ha faltado recomendar que nos hagamos refugios nucleares. La realidad: Espa\u00f1a es la mejor econom\u00eda desarrollada del mundo y seguimos reforzando nuestro Estado del bienestar\u00bb, ha subrayado antes de desear un feliz 2026. <\/p>\n","protected":false},"excerpt":{"rendered":"El Gobierno ha exigido de nuevo este lunes al l\u00edder del PP, Alberto N\u00fa\u00f1ez Feij\u00f3o, que dimita por&hellip;\n","protected":false},"author":2,"featured_media":312886,"comment_status":"","ping_status":"","sticky":false,"template":"","format":"standard","meta":{"footnotes":""},"categories":[8],"tags":[17,18,25,24,13,14,11,19,20,9,10,15,16,23,12,21,22],"class_list":{"0":"post-312885","1":"post","2":"type-post","3":"status-publish","4":"format-standard","5":"has-post-thumbnail","7":"category-espana","8":"tag-breaking-news","9":"tag-breakingnews","10":"tag-es","11":"tag-espana","12":"tag-featured-news","13":"tag-featurednews","14":"tag-headlines","15":"tag-latest-news","16":"tag-latestnews","17":"tag-news","18":"tag-noticias","19":"tag-noticias-destacadas","20":"tag-noticiasdestacadas","21":"tag-spain","22":"tag-titulares","23":"tag-ultimas-noticias","24":"tag-ultimasnoticias"},"share_on_mastodon":{"url":"https:\/\/pubeurope.com\/@es\/115805466421877683","error":""},"_links":{"self":[{"href":"https:\/\/www.europesays.com\/es\/wp-json\/wp\/v2\/posts\/312885","targetHints":{"allow":["GET"]}}],"collection":[{"href":"https:\/\/www.europesays.com\/es\/wp-json\/wp\/v2\/posts"}],"about":[{"href":"https:\/\/www.europesays.com\/es\/wp-json\/wp\/v2\/types\/post"}],"author":[{"embeddable":true,"href":"https:\/\/www.europesays.com\/es\/wp-json\/wp\/v2\/users\/2"}],"replies":[{"embeddable":true,"href":"https:\/\/www.europesays.com\/es\/wp-json\/wp\/v2\/comments?post=312885"}],"version-history":[{"count":0,"href":"https:\/\/www.europesays.com\/es\/wp-json\/wp\/v2\/posts\/312885\/revisions"}],"wp:featuredmedia":[{"embeddable":true,"href":"https:\/\/www.europesays.com\/es\/wp-json\/wp\/v2\/media\/312886"}],"wp:attachment":[{"href":"https:\/\/www.europesays.com\/es\/wp-json\/wp\/v2\/media?parent=312885"}],"wp:term":[{"taxonomy":"category","embeddable":true,"href":"https:\/\/www.europesays.com\/es\/wp-json\/wp\/v2\/categories?post=312885"},{"taxonomy":"post_tag","embeddable":true,"href":"https:\/\/www.europesays.com\/es\/wp-json\/wp\/v2\/tags?post=312885"}],"curies":[{"name":"wp","href":"https:\/\/api.w.org\/{rel}","templated":true}]}}