{"id":312887,"date":"2025-12-29T23:32:08","date_gmt":"2025-12-29T23:32:08","guid":{"rendered":"https:\/\/www.europesays.com\/es\/312887\/"},"modified":"2025-12-29T23:32:08","modified_gmt":"2025-12-29T23:32:08","slug":"muere-el-pediatra-y-divulgador-jorge-garcia-dihinx-en-el-alud-del-pico-tablato-en-panticosa","status":"publish","type":"post","link":"https:\/\/www.europesays.com\/es\/312887\/","title":{"rendered":"Muere el pediatra y divulgador Jorge Garc\u00eda-Dihinx en el alud del pico Tablato, en Panticosa"},"content":{"rendered":"<p class=\"article-text\">\n        El alud registrado este lunes en la cara oeste del pico Tablato, en las inmediaciones del Balneario de Panticosa, se ha cobrado la vida de tres personas. Seg\u00fan ha adelantado el Heraldo de Arag\u00f3n, uno de los fallecidos es Jorge Garc\u00eda-Dihinx, pediatra del Hospital San Jorge de Huesca y una figura muy conocida tanto en el \u00e1mbito sanitario como en el monta\u00f1ismo del Pirineo aragon\u00e9s. En el accidente tambi\u00e9n ha fallecido su pareja, Natalia Ram\u00f3n y otro <a href=\"https:\/\/x.com\/imanol_pradales\/status\/2005722162670559705?s=52\" target=\"_blank\" data-mrf-recirculation=\"links-noticia\" class=\"link\" rel=\"nofollow\">monta\u00f1ero vasco <\/a>cuya identidad a\u00fan no ha sido facilitada. Adem\u00e1s, una mujer result\u00f3 herida leve y otras dos personas salieron ilesas.\n    <\/p>\n<p class=\"article-text\">\n        Garc\u00eda-Dihinx, m\u00e9dico zaragozano de 55 a\u00f1os, practicaba esqu\u00ed de monta\u00f1a junto a un grupo cuando se produjo la avalancha, desencadenada por la rotura de una placa de nieve a una altitud de entre 2.600 y 2.700 metros.\n    <\/p>\n<p class=\"article-text\">\n        Jorge Azc\u00f3n ha destacado el conocimiento de las v\u00edctimas sobre la monta\u00f1a y el clima: \u201cEran personas muy queridas, expertos no solamente monta\u00f1eros, sino tambi\u00e9n meteor\u00f3logos\u201d, ha dicho. \u201cLa monta\u00f1a aragonesa est\u00e1 de luto, cualquier persona que pierde la vida es una desgracia, pero el conocimiento, la experiencia que ten\u00edan es conocida en el valle, en las redes, por todos aquellos que aman el pirineo, es mala suerte, el riesgo cero no existe, esto nos hace ser muy responsables porque aun siendo un experto profesional de la monta\u00f1a y la meteorolog\u00eda puedes tener un golpe de mala suerte\u201d.\n    <\/p>\n<p class=\"article-text\">\n        Especialista en gastroenterolog\u00eda pedi\u00e1trica, nutrici\u00f3n y obesidad infantil, Jorge Garc\u00eda-Dihinx desarrollaba su labor profesional en el Hospital San Jorge de Huesca y era ampliamente reconocido por su faceta divulgadora en temas de salud, alimentaci\u00f3n y h\u00e1bitos de vida saludables. Participaba con frecuencia en charlas, actividades formativas y colaboraciones en medios de comunicaci\u00f3n.\n    <\/p>\n<p class=\"article-text\">\n        Paralelamente, era una referencia en el mundo de la monta\u00f1a y el esqu\u00ed de traves\u00eda en el Pirineo aragon\u00e9s. Apasionado de la meteorolog\u00eda, realizaba an\u00e1lisis y previsiones espec\u00edficas para la alta monta\u00f1a que compart\u00eda a trav\u00e9s de su blog La meteo que viene y en redes sociales. Tambi\u00e9n fue autor de varios libros de rutas de esqu\u00ed de monta\u00f1a y colaborador habitual en publicaciones especializadas. En Instagram contaba con cerca de 370.000 seguidores.\n    <\/p>\n<p class=\"article-text\">\n        En sus propias palabras, se defin\u00eda como \u201cpirine\u00edsta, esquiador, m\u00e9dico y pediatra viajero\u201d, una combinaci\u00f3n que marc\u00f3 una trayectoria personal y profesional muy vinculada a la divulgaci\u00f3n, la naturaleza y el conocimiento del medio. Su fallecimiento ha causado una profunda conmoci\u00f3n tanto en el \u00e1mbito sanitario como entre la comunidad monta\u00f1era.\n    <\/p>\n<p>    <a href=\"https:\/\/www.eldiario.es\/aragon\/huesca\/tres-fallecidos-alud-atrapa-personas-inmediaciones-balneario-panticosa-huesca_1_12875438.html\" data-mrf-recirculation=\"saber-mas-abajo\" data-dl-event=\"saber-mas-abajo\" rel=\"nofollow noopener\" target=\"_blank\"><\/p>\n<p class=\"know-more__title\">Tres personas fallecidas tras un alud en las inmediaciones del Balneario de Panticosa, Huesca\n<\/p>\n<p>            <img decoding=\"async\" class=\"lazy\" loading=\"lazy\" data-src=\"https:\/\/static.eldiario.es\/clip\/2cd1b684-10d7-4cce-9a65-968e6c8b4aa6_16-9-aspect-ratio_default_0.jpg\" src=\"data:image\/svg+xml,%3Csvg xmlns=\" http:=\"\" viewbox=\"0 0 880 495\" alt=\"Tres personas fallecidas tras un alud en las inmediaciones del Balneario de Panticosa, Huesca\"\/><\/p>\n<p>                        <\/a><\/p>\n<p class=\"article-text\">\n        El aviso al 112 Arag\u00f3n se recibi\u00f3 en torno a las 13:00 horas, momento en el que se activaron los Grupos de Rescate e Intervenci\u00f3n en Monta\u00f1a (GREIM) de Jaca y Panticosa, as\u00ed como la Unidad A\u00e9rea de la Guardia Civil con base en Huesca. Los equipos de rescate localizaron en la zona los cuerpos de las tres v\u00edctimas mortales, que ser\u00e1n trasladados al Instituto de Medicina Legal de Huesca, mientras que la persona herida fue evacuada al Hospital San Jorge.\n    <\/p>\n","protected":false},"excerpt":{"rendered":"El alud registrado este lunes en la cara oeste del pico Tablato, en las inmediaciones del Balneario de&hellip;\n","protected":false},"author":2,"featured_media":312888,"comment_status":"","ping_status":"","sticky":false,"template":"","format":"standard","meta":{"footnotes":""},"categories":[5],"tags":[517,4499,17,18,13616,13612,13613,25,24,13,14,13617,11,1265,19,20,13615,9,10,15,16,13614,952,492,23,12731,12,21,22,491],"class_list":{"0":"post-312887","1":"post","2":"type-post","3":"status-publish","4":"format-standard","5":"has-post-thumbnail","7":"category-titulares","8":"tag-actualidad","9":"tag-aragon","10":"tag-breaking-news","11":"tag-breakingnews","12":"tag-celia-soria","13":"tag-eldiario","14":"tag-elprismatico","15":"tag-es","16":"tag-espana","17":"tag-featured-news","18":"tag-featurednews","19":"tag-fernando-garcia-mongay","20":"tag-headlines","21":"tag-huesca","22":"tag-latest-news","23":"tag-latestnews","24":"tag-marimar-cabrera","25":"tag-news","26":"tag-noticias","27":"tag-noticias-destacadas","28":"tag-noticiasdestacadas","29":"tag-oscar-f-civieta","30":"tag-politica","31":"tag-sociedad","32":"tag-spain","33":"tag-teruel","34":"tag-titulares","35":"tag-ultimas-noticias","36":"tag-ultimasnoticias","37":"tag-zaragoza"},"share_on_mastodon":{"url":"https:\/\/pubeurope.com\/@es\/115805470261550369","error":""},"_links":{"self":[{"href":"https:\/\/www.europesays.com\/es\/wp-json\/wp\/v2\/posts\/312887","targetHints":{"allow":["GET"]}}],"collection":[{"href":"https:\/\/www.europesays.com\/es\/wp-json\/wp\/v2\/posts"}],"about":[{"href":"https:\/\/www.europesays.com\/es\/wp-json\/wp\/v2\/types\/post"}],"author":[{"embeddable":true,"href":"https:\/\/www.europesays.com\/es\/wp-json\/wp\/v2\/users\/2"}],"replies":[{"embeddable":true,"href":"https:\/\/www.europesays.com\/es\/wp-json\/wp\/v2\/comments?post=312887"}],"version-history":[{"count":0,"href":"https:\/\/www.europesays.com\/es\/wp-json\/wp\/v2\/posts\/312887\/revisions"}],"wp:featuredmedia":[{"embeddable":true,"href":"https:\/\/www.europesays.com\/es\/wp-json\/wp\/v2\/media\/312888"}],"wp:attachment":[{"href":"https:\/\/www.europesays.com\/es\/wp-json\/wp\/v2\/media?parent=312887"}],"wp:term":[{"taxonomy":"category","embeddable":true,"href":"https:\/\/www.europesays.com\/es\/wp-json\/wp\/v2\/categories?post=312887"},{"taxonomy":"post_tag","embeddable":true,"href":"https:\/\/www.europesays.com\/es\/wp-json\/wp\/v2\/tags?post=312887"}],"curies":[{"name":"wp","href":"https:\/\/api.w.org\/{rel}","templated":true}]}}