{"id":312891,"date":"2025-12-29T23:40:10","date_gmt":"2025-12-29T23:40:10","guid":{"rendered":"https:\/\/www.europesays.com\/es\/312891\/"},"modified":"2025-12-29T23:40:10","modified_gmt":"2025-12-29T23:40:10","slug":"en-directo-breogan-baskonia-el-correo","status":"publish","type":"post","link":"https:\/\/www.europesays.com\/es\/312891\/","title":{"rendered":"En directo, Breog\u00e1n-Baskonia &#8211; El Correo"},"content":{"rendered":"<ol>\n<li><a href=\"https:\/\/news.google.com\/rss\/articles\/CBMipwFBVV95cUxNaWdTUHNXaXl2OVpfQVVyaTROZWFvRm9YbWdybHBoV3BGdUFoUnFxbmc0aEpwUjFzRDROLVNNX215WkpUMFFyN3hXa2x1bWRTaEEzUnExLU9YX2tjb3JOMFd6V1ZuQzR5a3A0T0dFTGdTQW9Balp6eFo3Rjk4ZV8xT2RvUGVaM1FVQTZHWUMtNG9wclVEeXVoTVJHQXVKMGdtMXA5Q0dOd9IBrAFBVV95cUxNd1NGM1hJdzk5SzI0UXFGTWx1X2NHbU1tbGgtN0s4UEs5QjM1TklVQmZaaUJsczJwTUg0SDBLalB3bnBlVTlMTTVyUklrcXhXREZISE5IVFBtTzNQcWtfV1hJY2dlR3hPREgxcVZjU29LVnljS1QyaUU2LW5hZENaUGx1ODB3b1ZPY2oyczU3QWdNUzBKYktMc0UyRnpnaHI4aDRleGExV19RYkFt?oc=5\" target=\"_blank\" rel=\"nofollow noopener\">En directo, Breog\u00e1n-Baskonia<\/a>&nbsp;&nbsp;El Correo<\/li>\n<li><a href=\"https:\/\/news.google.com\/rss\/articles\/CBMikAFBVV95cUxNblE4V3A2cm9BSGd3cXBrVGxMNVlNbGRva2RhcjZwYU8wQjdmWjNmSTdIWkl5QXNDNm5WeTZuUFo5NGZEVEVnWWxMQUowWHE0RWxHU0pEMk9mZWpHZzFFY0tmbDJCc2tqOWJqNEE4Z254czdDa2FFUVRQMWlEU3MwZUkyaW9jV3gxSkZUVDNnRTTSAZABQVVfeXFMTUFMeXBXUHkxenplWm8zRXFqZWFTb2w5aF82Q3Zvd1h0amNhX25uZDF2bEpyM25nRWUwUmdWRzRHZmpUN3FDZ21aVTZ2aXRSSmxNZEdyT3VFVFBtY1dxY1NLWlFBdW0xZTVqaEQ1bDRlQkRJbHVNRlU4ZHhNUkZaQnZGakFqM1AxellFVUt4S0Rn?oc=5\" target=\"_blank\" rel=\"nofollow noopener\">Paso de gigante hacia la Copa del Baskonia ante el Breog\u00e1n<\/a>&nbsp;&nbsp;MARCA<\/li>\n<li><a href=\"https:\/\/news.google.com\/rss\/articles\/CBMiuAFBVV95cUxPUDJidGhPLWJ1UGg5TjVPWXpha3JjVi0tU2JCMVdQNmZFM2dVdHk0VHdmWFduS3RJV181Ym15VDdRVlM5QS1rNUJ1N2MtNG95ekZxMDdRLUNNakVNbjA4cGVsV0RRdkhHUVhtTS04em9Bck56eUxidHdCNGpxbVpyZ0lTeDBBeDlyaVBpOHMxZk5UMXJycTVpU0FNVDlveXRKS203NklObWFsMVBtY1BXNkZNMkJFb1Jj0gHUAUFVX3lxTE1YY0hwN0dXeXk3VG9mMkk2YS11amFUQ01FRktNOTluNVhYUnNTenFLMFh3TzdPaGx4MHlTU0hrRzJuNmkxQkdvZTRBVFhtQl85ZG55MmlVSVVpZVFjNW96aTRTSVhtMXJfel9hQ1lHbGt1cHFmSF9aUk5BZTNNd25ORXR5U1pOYTRQbXBjTDZMQ3NpRVJCY2l5ZmZ4dVdESTVnUkxPU2NjLVNpZTBsWVE2ajZ4SXhuaWZYdFJWRkhjN0Q0ZzQ5amktaGt5WmxNTTROblo0?oc=5\" target=\"_blank\" rel=\"nofollow noopener\">Espect\u00e1culo del bueno con triste final<\/a>&nbsp;&nbsp;La Voz de Galicia<\/li>\n<li><a href=\"https:\/\/news.google.com\/rss\/articles\/CBMigwFBVV95cUxPWFR2dGs1ZlFwdmtkSlpBMmw5bnFNSW96UlBUQ0k3VmxLd3lKVnB0SDhqU1p2X1RJelJvY0tka201bU4zOHY1c1Q4UHV4al9BRUV0ZkptSVRaOTFySkxheXlhNjltZ0dUMGEzbE1OTHJ6N00xTl9oemRub3IzZEdYU2hzdw?oc=5\" target=\"_blank\" rel=\"nofollow noopener\">Las palabras de Luis Casimiro sobre las faltas y los 39 tiros libres del Kosner Baskonia<\/a>&nbsp;&nbsp;Gigantes del Basket<\/li>\n<li><a href=\"https:\/\/news.google.com\/rss\/articles\/CBMiogFBVV95cUxNck5zaThpUXJicXlhVF9zT3pmbHNiRTJtUVRaR25VdU5VdHZtdmtDUmI0QmRtRWhGdWJ4dEZ1ak1ZWkJaaUF6UzRvZzdfTy1zb0pjMGxmbjZSU1pObUdiT1pWaU9vY3JINDhNaDZReXFMZmxwZ0ZXQWEwREhnQ3BwVnd1SmtyZWxaQ0FWcWpHS3dTaTRWOXJ5TGFTN2xQeVlOcVHSAacBQVVfeXFMTjg4VVBDd2N4QU81bmRhWjhjczZISU9uZ2VfbEJ2UHkyQnpSZURTVGhENU91R3lrd2lVaG93SndTM1VHYzJNSlI2dkVBMnp0T3hDak9CYTJONHEySzRudW9pMlRrOGFRMzR3ZnZDVE9Qd2NVbDl1b2RQUlc1U3JJdWVqaWdmaXhwSEp6c3FTQ2RGVTI5RlVDdkJwMzY1SkZzOVlmX3VuQXM?oc=5\" target=\"_blank\" rel=\"nofollow noopener\">El 1&#215;1 del Kosner Baskonia: La clase infinita de Luwawu-Cabarrot<\/a>&nbsp;&nbsp;Diario de Noticias de \u00c1lava<\/li>\n<\/ol>\n","protected":false},"excerpt":{"rendered":"En directo, Breog\u00e1n-Baskonia&nbsp;&nbsp;El Correo Paso de gigante hacia la Copa del Baskonia ante el Breog\u00e1n&nbsp;&nbsp;MARCA Espect\u00e1culo del bueno&hellip;\n","protected":false},"author":2,"featured_media":312892,"comment_status":"","ping_status":"","sticky":false,"template":"","format":"standard","meta":{"footnotes":""},"categories":[269],"tags":[299,298,4714,168,25,24,665,23,167],"class_list":{"0":"post-312891","1":"post","2":"type-post","3":"status-publish","4":"format-standard","5":"has-post-thumbnail","7":"category-baloncesto","8":"tag-baloncesto","9":"tag-basketball","10":"tag-baskonia","11":"tag-deportes","12":"tag-es","13":"tag-espana","14":"tag-liga-endesa","15":"tag-spain","16":"tag-sports"},"share_on_mastodon":{"url":"https:\/\/pubeurope.com\/@es\/115805501813302537","error":""},"_links":{"self":[{"href":"https:\/\/www.europesays.com\/es\/wp-json\/wp\/v2\/posts\/312891","targetHints":{"allow":["GET"]}}],"collection":[{"href":"https:\/\/www.europesays.com\/es\/wp-json\/wp\/v2\/posts"}],"about":[{"href":"https:\/\/www.europesays.com\/es\/wp-json\/wp\/v2\/types\/post"}],"author":[{"embeddable":true,"href":"https:\/\/www.europesays.com\/es\/wp-json\/wp\/v2\/users\/2"}],"replies":[{"embeddable":true,"href":"https:\/\/www.europesays.com\/es\/wp-json\/wp\/v2\/comments?post=312891"}],"version-history":[{"count":0,"href":"https:\/\/www.europesays.com\/es\/wp-json\/wp\/v2\/posts\/312891\/revisions"}],"wp:featuredmedia":[{"embeddable":true,"href":"https:\/\/www.europesays.com\/es\/wp-json\/wp\/v2\/media\/312892"}],"wp:attachment":[{"href":"https:\/\/www.europesays.com\/es\/wp-json\/wp\/v2\/media?parent=312891"}],"wp:term":[{"taxonomy":"category","embeddable":true,"href":"https:\/\/www.europesays.com\/es\/wp-json\/wp\/v2\/categories?post=312891"},{"taxonomy":"post_tag","embeddable":true,"href":"https:\/\/www.europesays.com\/es\/wp-json\/wp\/v2\/tags?post=312891"}],"curies":[{"name":"wp","href":"https:\/\/api.w.org\/{rel}","templated":true}]}}