{"id":312954,"date":"2025-12-30T00:31:17","date_gmt":"2025-12-30T00:31:17","guid":{"rendered":"https:\/\/www.europesays.com\/es\/312954\/"},"modified":"2025-12-30T00:31:17","modified_gmt":"2025-12-30T00:31:17","slug":"una-tablet-apagada-dario-fuera-de-control-y-sandra-sola-ante-el-peligro","status":"publish","type":"post","link":"https:\/\/www.europesays.com\/es\/312954\/","title":{"rendered":"una tablet apagada, Dar\u00edo fuera de control y Sandra sola ante el peligro"},"content":{"rendered":"<p>Las emociones han estado completamente desbordadas en &#8216;La isla de las tentaciones&#8217; durante la segunda hoguera mixta de la novena edici\u00f3n. <strong>Gilbert, Sandra, Dar\u00edo y Andrea<\/strong> se han enfrentado a un cara a cara que ha estado marcado por la tensi\u00f3n desde el primer segundo, con reproches cruzados, ataques personales y declaraciones que han dejado heridas dif\u00edciles de cerrar.<\/p>\n<p><img loading=\"lazy\" decoding=\"async\"   src=\"https:\/\/www.europesays.com\/es\/wp-content\/uploads\/2025\/12\/la-isla-de-las-tentaciones_5150302f_251229235925_1200x667.webp.webp\" alt=\"La isla de las tentaciones\" class=\"lazyload\" width=\"1200\" height=\"667\" data-aspectratio=\"1200\/667\"\/><\/p>\n<p>El malague\u00f1o ha comenzado refiri\u00e9ndose a Sandra y Andrea como \u201clas solteras de Villa Playa\u201d.<\/p>\n<p>&#13;Telecinco<\/p>\n<p>Nada m\u00e1s verse las caras, Dar\u00edo y Sandra han encendido la hoguera antes incluso de que aparecieran las im\u00e1genes. El malague\u00f1o ha comenzado refiri\u00e9ndose a Sandra y Andrea como<strong> \u201clas solteras de Villa Playa\u201d<\/strong>, una expresi\u00f3n que ha provocado una reacci\u00f3n inmediata. La pareja de Juanpi no ha dudado en devolverle el golpe con iron\u00eda y dureza, llegando a compararle con <strong>\u201cel \u2018folleti\u2019 de Espa\u00f1a\u201d<\/strong>.<\/p>\n<p><img loading=\"lazy\" decoding=\"async\"   src=\"https:\/\/www.europesays.com\/es\/wp-content\/uploads\/2025\/12\/la-isla-de-las-tentaciones_219d68c2_251230000044_1200x659.webp.webp\" alt=\"La isla de las tentaciones\" class=\"lazyload\" width=\"1200\" height=\"659\" data-aspectratio=\"1200\/659\"\/><\/p>\n<p>Sandra estalla con Dar\u00edo: \u00abHago lo que me da la gana porque mi novio me ha puesto los cuernos antes\u00bb.<\/p>\n<p>&#13;Telecinco<\/p>\n<p>Dar\u00edo ha sido igual de contundente y ha defendido su actitud asegurando que \u00e9l hac\u00eda lo que quer\u00eda y cuando quer\u00eda, al igual que lo ha hecho Sandra.\u00a0 A partir de ah\u00ed, los calificativos y las pullas no han dejado de volar, con una tensi\u00f3n tan evidente que, por momentos, parec\u00eda que eran ellos quienes ten\u00edan asuntos pendientes y no sus respectivas parejas. Mientras Sandra defend\u00eda a sus compa\u00f1eras de Villa Playa,<strong> Andrea se ha mantenido al margen<\/strong>, dej\u00e1ndole todo el trabajo a la gaditana.\u00a0<\/p>\n<p>Gilbert no soporta ver a Claudia con Gerard<\/p>\n<p>El primero en enfrentarse a las im\u00e1genes ha sido Gilbert. En la tablet han aparecido escenas expl\u00edcitas de Claudia manteniendo relaciones sexuales con Gerard, unas im\u00e1genes que han sido demasiado para \u00e9l. Visiblemente alterado, se ha levantado y se ha negado a seguir mirando, asegurando con rotundidad que no pod\u00eda soportarlo. \u201cYo no voy a verlo\u201d, ha dicho antes de <strong>retirar la tablet del atril<\/strong>, lo que ha obligado a Sandra Barneda a pedirle que la colocara en su sitio.<\/p>\n<p><img loading=\"lazy\" decoding=\"async\"   src=\"https:\/\/www.europesays.com\/es\/wp-content\/uploads\/2025\/12\/la-isla-de-las-tentaciones_d67ab336_251230000152_1200x656.webp.webp\" alt=\"La isla de las tentaciones\" class=\"lazyload\" width=\"1200\" height=\"656\" data-aspectratio=\"1200\/656\"\/><\/p>\n<p>Gilbert no ha soportado ver las im\u00e1genes de Claudia con Gerard y ha terminado apagando la tablet.\u00a0<\/p>\n<p>&#13;Telecinco<\/p>\n<p>Aun as\u00ed, <strong>Gilbert ha insistido en su huida<\/strong>, recordando que ya sab\u00eda lo que iba a ver y que le resultaba imposible enfrentarse a ello. Mientras de fondo se escuchaban los gemidos de Claudia, \u00e9l ha estallado: \u201c<strong>Qu\u00e9 puto asco<\/strong>, todo el d\u00eda as\u00ed desde la primera hoguera\u201d. Un dolor que le ha llevado a justificar su propio comportamiento con las solteras, afirmando que se dej\u00f3 llevar despu\u00e9s de sentirse profundamente faltado al respeto.<\/p>\n<p><img loading=\"lazy\" decoding=\"async\"   src=\"https:\/\/www.europesays.com\/es\/wp-content\/uploads\/2025\/12\/la-isla-de-las-tentaciones_296d6a87_251230000204_1200x669.webp.webp\" alt=\"La isla de las tentaciones\" class=\"lazyload\" width=\"1200\" height=\"669\" data-aspectratio=\"1200\/669\"\/><\/p>\n<p>Gilbert no se arrepiente de lo que ha hecho con las solteras, ya que no hacerlo hubiera sido \u00abfaltarse el respeto\u00bb.<\/p>\n<p>&#13;Telecinco<\/p>\n<p>Ante la puntualizaci\u00f3n de la presentadora, Gilbert ha explicado que<strong> no quiso faltarse el respeto a s\u00ed mismo<\/strong>: ha reconocido que ten\u00eda ganas de besar a Noelia, pero que siempre pensaba en Claudia, hasta que comprob\u00f3 que ella no hab\u00eda pensado en \u00e9l y hab\u00eda hecho lo que hab\u00eda querido.<\/p>\n<p>Sandra se rompe al escuchar las palabras de Juanpi<img loading=\"lazy\" decoding=\"async\"   src=\"https:\/\/www.europesays.com\/es\/wp-content\/uploads\/2025\/12\/la-isla-de-las-tentaciones_f72f1796_251230000307_1200x663.webp.webp\" alt=\"La isla de las tentaciones\" class=\"lazyload\" width=\"1200\" height=\"663\" data-aspectratio=\"1200\/663\"\/><\/p>\n<p>Sandra cada vez m\u00e1s decepcionada de haber mantenido una relaci\u00f3n con Juanpi.\u00a0<\/p>\n<p>&#13;Telecinco<\/p>\n<p>Despu\u00e9s ha sido el turno de Sandra, que ha tenido que enfrentarse a unas im\u00e1genes demoledoras de Juanpi. En ellas, el gaditano se ha desahogado sobre su relaci\u00f3n y ha pronunciado palabras que han supuesto una estocada final. Sandra, completamente rota, ha expresado <strong>su verg\u00fcenza al escuchar c\u00f3mo su pareja hablaba de ella<\/strong> y ha sido tajante al valorar lo que estaba viendo, asegurando que val\u00eda mucho m\u00e1s y que su gran error hab\u00eda sido amar tanto que lleg\u00f3 a olvidarse de s\u00ed misma.<\/p>\n<p>Andrea confirma su desconfianza<\/p>\n<p>La tercera en ver im\u00e1genes ha sido Andrea, que ha observado el acercamiento de Enrique hacia \u00c9rika Portillo y comentarios claros sobre el desgaste de su relaci\u00f3n. Andrea ha admitido abiertamente que <strong>no conf\u00eda en su pareja <\/strong>y que esa desconfianza est\u00e1 basada en <strong>las mentiras acumuladas<\/strong> durante su historia juntos.<\/p>\n<p><img loading=\"lazy\" decoding=\"async\"   src=\"https:\/\/www.europesays.com\/es\/wp-content\/uploads\/2025\/12\/la-isla-de-las-tentaciones_cb5e2866_251230000338_1200x667.webp.webp\" alt=\"La isla de las tentaciones\" class=\"lazyload\" width=\"1200\" height=\"667\" data-aspectratio=\"1200\/667\"\/><\/p>\n<p>Andrea ha reconocido la contradicci\u00f3n que vive, se\u00f1alando que Enrique ha sido detallista con ella pero no conf\u00eda en \u00e9l.\u00a0<\/p>\n<p>&#13;Telecinco<\/p>\n<p>Sin embargo, tambi\u00e9n ha reconocido la contradicci\u00f3n que vive, se\u00f1alando que Enrique ha sido detallista con ella y que ha tenido gestos que la han hecho sentirse querida, como estar pendiente de ella o regalarle flores.<\/p>\n<p>Dar\u00edo estalla al ver el beso de Almudena con Borja<img loading=\"lazy\" decoding=\"async\"   src=\"https:\/\/www.europesays.com\/es\/wp-content\/uploads\/2025\/12\/la-isla-de-las-tentaciones_8ad1c3ff_251230000430_1200x662.webp.webp\" alt=\"La isla de las tentaciones \" class=\"lazyload\" width=\"1200\" height=\"662\" data-aspectratio=\"1200\/662\"\/><\/p>\n<p>En la tablet, Dar\u00edo ha visto el acercamiento entre Almudena y Borja y, finalmente, el beso entre ambos.<\/p>\n<p>&#13;Telecinco<\/p>\n<p>El momento m\u00e1s duro ha llegado con Dar\u00edo. Antes de ver las im\u00e1genes, ha expresado con claridad lo que sent\u00eda respecto al comportamiento de Almudena durante el reality. Ha asegurado: \u201c<strong>Ella est\u00e1 esperando a ver cosas para hacerlas despu\u00e9s<\/strong>, y eso me molesta m\u00e1s porque las hace para hacerme da\u00f1o\u201d.\u00a0<\/p>\n<p>Seg\u00fan \u00e9l, su pareja hab\u00eda llegado a decir que estaba deseando hacerlo y que todo lo que hac\u00eda ten\u00eda la intenci\u00f3n de hacerle da\u00f1o. Las im\u00e1genes han confirmado sus peores temores. En la tablet ha visto <strong>el acercamiento entre Almudena y Borja<\/strong> y, finalmente, el beso entre ambos. Su reacci\u00f3n ha sido inmediata y cargada de rabia: \u201c\u00bfEso no es venganza? Qu\u00e9 bien, \u00bfno?\u201d.<\/p>\n<p><img loading=\"lazy\" decoding=\"async\"   src=\"https:\/\/www.europesays.com\/es\/wp-content\/uploads\/2025\/12\/la-isla-de-las-tentaciones_19fbe4c8_251230000510_1200x667.webp.webp\" alt=\"La isla de las tentaciones\" class=\"lazyload\" width=\"1200\" height=\"667\" data-aspectratio=\"1200\/667\"\/><\/p>\n<p>Lo que m\u00e1s le ha dolido ha sido la reacci\u00f3n de las chicas y los tentadores de Villa Playa, celebrando el beso entre Almudena y Borja.<\/p>\n<p>&#13;Telecinco<\/p>\n<p>Pero lo que m\u00e1s le ha dolido ha sido <strong>la reacci\u00f3n de las chicas <\/strong>y los tentadores de Villa Playa, y no ha tardado en reproch\u00e1rselo a las chicas: \u201cMira lo graciosos que sois ah\u00ed, os re\u00edais mucho, \u00bfno? Os ha gustado, \u00bfno?\u201d. Sandra ha intervenido record\u00e1ndole que se trataba del beso m\u00e1s deseado, lo que ha generado otro momento de m\u00e1xima tensi\u00f3n.<\/p>\n<p><img decoding=\"async\" src=\"https:\/\/www.europesays.com\/es\/wp-content\/uploads\/2025\/12\/anabel-pantoja_a2e8d9f7_251229170118_800x800.webp.webp\" alt=\"Anabel Pantoja\" class=\"image lazyload\"\/><img loading=\"lazy\" decoding=\"async\" src=\"https:\/\/www.europesays.com\/es\/wp-content\/uploads\/2025\/12\/anabel-pantoja_a2e8d9f7_251229170122_1280x720.webp.webp\" alt=\"EXCLUSIVA | Anabel Pantoja vive su peor momento: &quot;Su novio David y su madre Merchi se han negado en rotundo a pasar las Navidades juntos&quot;\" class=\"image lazyload\" width=\"1280\" height=\"720\" data-aspectratio=\"1280\/720\"\/><\/p>\n<p>Las im\u00e1genes han ido m\u00e1s all\u00e1, mostrando una noche compartida en la cama, con besos y gestos de cari\u00f1o que han terminado de romperle. Ha reconocido que no se imaginaba que su pareja fuera a llegar tan lejos y que, aunque esperaba un beso, no esperaba ver algo m\u00e1s.<\/p>\n","protected":false},"excerpt":{"rendered":"Las emociones han estado completamente desbordadas en &#8216;La isla de las tentaciones&#8217; durante la segunda hoguera mixta de&hellip;\n","protected":false},"author":2,"featured_media":312955,"comment_status":"","ping_status":"","sticky":false,"template":"","format":"standard","meta":{"footnotes":""},"categories":[171],"tags":[146,147,25,24,23,214],"class_list":{"0":"post-312954","1":"post","2":"type-post","3":"status-publish","4":"format-standard","5":"has-post-thumbnail","7":"category-tv","8":"tag-entertainment","9":"tag-entretenimiento","10":"tag-es","11":"tag-espana","12":"tag-spain","13":"tag-tv"},"share_on_mastodon":{"url":"https:\/\/pubeurope.com\/@es\/115805702528343894","error":""},"_links":{"self":[{"href":"https:\/\/www.europesays.com\/es\/wp-json\/wp\/v2\/posts\/312954","targetHints":{"allow":["GET"]}}],"collection":[{"href":"https:\/\/www.europesays.com\/es\/wp-json\/wp\/v2\/posts"}],"about":[{"href":"https:\/\/www.europesays.com\/es\/wp-json\/wp\/v2\/types\/post"}],"author":[{"embeddable":true,"href":"https:\/\/www.europesays.com\/es\/wp-json\/wp\/v2\/users\/2"}],"replies":[{"embeddable":true,"href":"https:\/\/www.europesays.com\/es\/wp-json\/wp\/v2\/comments?post=312954"}],"version-history":[{"count":0,"href":"https:\/\/www.europesays.com\/es\/wp-json\/wp\/v2\/posts\/312954\/revisions"}],"wp:featuredmedia":[{"embeddable":true,"href":"https:\/\/www.europesays.com\/es\/wp-json\/wp\/v2\/media\/312955"}],"wp:attachment":[{"href":"https:\/\/www.europesays.com\/es\/wp-json\/wp\/v2\/media?parent=312954"}],"wp:term":[{"taxonomy":"category","embeddable":true,"href":"https:\/\/www.europesays.com\/es\/wp-json\/wp\/v2\/categories?post=312954"},{"taxonomy":"post_tag","embeddable":true,"href":"https:\/\/www.europesays.com\/es\/wp-json\/wp\/v2\/tags?post=312954"}],"curies":[{"name":"wp","href":"https:\/\/api.w.org\/{rel}","templated":true}]}}