{"id":312956,"date":"2025-12-30T00:32:14","date_gmt":"2025-12-30T00:32:14","guid":{"rendered":"https:\/\/www.europesays.com\/es\/312956\/"},"modified":"2025-12-30T00:32:14","modified_gmt":"2025-12-30T00:32:14","slug":"carlos-ortas-walqa-vive-un-momento-dulce-radio-huesca","status":"publish","type":"post","link":"https:\/\/www.europesays.com\/es\/312956\/","title":{"rendered":"Carlos Ortas: \u00abWalqa vive un momento dulce\u00bb | Radio Huesca"},"content":{"rendered":"<p class=\"loc\">Huesca<\/p>\n<p>El director gerente del Parque Tecnol\u00f3gico de Huesca, Walqa, Carlos Ortas, ha pasado por los micr\u00f3fonos de Radio Huesca para hacer balance de lo que ha sido este 2025 y hablar de algunas de las previsiones para 2026.<\/p>\n<p>En n\u00fameros se ha pasado de 59 a 86 empresas en los \u00faltimos a\u00f1os con unos 850 trabajadores, ha explicado, llenando cada vez m\u00e1s espacios y acogiendo a nuevas empresas que siguen llenando de actividad el parque. Destaca tambi\u00e9n los trabajos, ya visibles, para la construcci\u00f3n de los centros de datos de AWS.<\/p>\n<p>Se\u00f1ala que \u201cWalqa vive un momento dulce\u201d y espera que el pr\u00f3ximo a\u00f1o sirva para consolidar los diferentes avances que se han realizado.<\/p>\n","protected":false},"excerpt":{"rendered":"Huesca El director gerente del Parque Tecnol\u00f3gico de Huesca, Walqa, Carlos Ortas, ha pasado por los micr\u00f3fonos de&hellip;\n","protected":false},"author":2,"featured_media":312957,"comment_status":"","ping_status":"","sticky":false,"template":"","format":"standard","meta":{"footnotes":""},"categories":[170],"tags":[146,147,25,24,184,185,23],"class_list":{"0":"post-312956","1":"post","2":"type-post","3":"status-publish","4":"format-standard","5":"has-post-thumbnail","7":"category-musica","8":"tag-entertainment","9":"tag-entretenimiento","10":"tag-es","11":"tag-espana","12":"tag-music","13":"tag-musica","14":"tag-spain"},"share_on_mastodon":{"url":"https:\/\/pubeurope.com\/@es\/115805706277139234","error":""},"_links":{"self":[{"href":"https:\/\/www.europesays.com\/es\/wp-json\/wp\/v2\/posts\/312956","targetHints":{"allow":["GET"]}}],"collection":[{"href":"https:\/\/www.europesays.com\/es\/wp-json\/wp\/v2\/posts"}],"about":[{"href":"https:\/\/www.europesays.com\/es\/wp-json\/wp\/v2\/types\/post"}],"author":[{"embeddable":true,"href":"https:\/\/www.europesays.com\/es\/wp-json\/wp\/v2\/users\/2"}],"replies":[{"embeddable":true,"href":"https:\/\/www.europesays.com\/es\/wp-json\/wp\/v2\/comments?post=312956"}],"version-history":[{"count":0,"href":"https:\/\/www.europesays.com\/es\/wp-json\/wp\/v2\/posts\/312956\/revisions"}],"wp:featuredmedia":[{"embeddable":true,"href":"https:\/\/www.europesays.com\/es\/wp-json\/wp\/v2\/media\/312957"}],"wp:attachment":[{"href":"https:\/\/www.europesays.com\/es\/wp-json\/wp\/v2\/media?parent=312956"}],"wp:term":[{"taxonomy":"category","embeddable":true,"href":"https:\/\/www.europesays.com\/es\/wp-json\/wp\/v2\/categories?post=312956"},{"taxonomy":"post_tag","embeddable":true,"href":"https:\/\/www.europesays.com\/es\/wp-json\/wp\/v2\/tags?post=312956"}],"curies":[{"name":"wp","href":"https:\/\/api.w.org\/{rel}","templated":true}]}}